{"id":252564,"date":"2020-01-07T10:32:40","date_gmt":"2020-01-07T07:32:40","guid":{"rendered":"http:\/\/www.tvturk.com\/index.php\/mustafa-yumlu-insallah-trabzonspor-sampiyon-olur\/"},"modified":"2020-01-07T10:32:40","modified_gmt":"2020-01-07T07:32:40","slug":"mustafa-yumlu-insallah-trabzonspor-sampiyon-olur","status":"publish","type":"post","link":"http:\/\/www.tvturk.com\/index.php\/mustafa-yumlu-insallah-trabzonspor-sampiyon-olur\/","title":{"rendered":"Mustafa Yumlu: \u201c\u0130n\u015fallah Trabzonspor \u015fampiyon olur\u201d"},"content":{"rendered":"<p>Denizlispor\u2019un tecr\u00fcbeli futbolcusu Mustafa Yumlu, tak\u0131m\u0131n\u0131n durumu hakk\u0131nda \u00f6zel a\u00e7\u0131klamalarda bulundu. Eski tak\u0131m\u0131 Trabzonspor\u2019u de de\u011ferlendiren Yumlu, \u201c\u0130n\u015fallah Trabzonspor \u015fampiyon olur, Denizlispor da S\u00fcper Lig\u2019de devam eder. G\u00f6reve gelen H\u00fcseyin \u00c7im\u015fir hocam da bu y\u00fck\u00fcn alt\u0131ndan kalkacakt\u0131r\u201d ifadelerini kulland\u0131.<\/p>\n<p>Denizlispor formas\u0131 giyen ba\u015far\u0131l\u0131 savunmac\u0131 Mustafa Yumlu, Antalya kamp\u0131nda \u0130hlas Haber Ajans\u0131\u2019na \u00f6zel a\u00e7\u0131klamalarda bulundu. Tak\u0131m\u0131n son durumundan kendi performans\u0131na, eski tak\u0131m\u0131 Trabzonspor\u2019dan zirve yar\u0131\u015f\u0131na kadar her soruya samimi cevaplar veren Yumlu, \u00f6zellikle bordo-mavili ekipteki teknik direkt\u00f6r de\u011fi\u015fiminin olumlu etki olu\u015fturaca\u011f\u0131n\u0131 ve H\u00fcseyin \u00c7im\u015fir\u2019in bu y\u00fck\u00fcn alt\u0131ndan kalkaca\u011f\u0131n\u0131 ifade etti. Yumlu, Trabzonspor\u2019un \u015fampiyon olmas\u0131n\u0131 istedi\u011fini de belirterek, \u201c\u0130n\u015fallah Trabzonspor \u015fampiyon olur ve ben de \u015fampiyonluk kutlamalar\u0131na giderim. Bu sezon 2 dile\u011fim var. Birisi Trabzonspor \u015fampiyon olsun, di\u011feri de Denizlispor S\u00fcper Lig\u2019de yola devam etsin\u201d dedi.<\/p>\n<p>\u201cBu sene ligde kal\u0131rsak, g\u00fczel g\u00fcnler g\u00f6r\u00fcr\u00fcz\u201d<\/p>\n<p>Ge\u00e7ti\u011fimiz sezon \u00e7ok talihsiz bir sakatl\u0131k ya\u015fad\u0131\u011f\u0131n\u0131 ve bu sakatl\u0131\u011f\u0131n uzun s\u00fcrd\u00fc\u011f\u00fcn\u00fc ifade ederek s\u00f6zlerine ba\u015flayan Mustafa Yumlu, \u201cFutbolda b\u00f6yle \u015feyler var ama \u00f6nemli olan geri d\u00f6n\u00fc\u015f\u00fcn iyi olmas\u0131. Allah\u2019a \u015f\u00fck\u00fcr iyi \u00e7al\u0131\u015ft\u0131m, fedakarl\u0131klar yapt\u0131m, ac\u0131 \u00e7ektim bu d\u00f6nemde ama iyi \u015fekilde geri d\u00f6nd\u00fcm. Sezon ba\u015f\u0131nda haz\u0131r durumdayd\u0131m ama maalesef eski hocam\u0131z beni fazla de\u011ferlendirmedi. Baz\u0131 ma\u00e7larda sonradan oyuna dahil oldum ama hoca beni d\u00fc\u015f\u00fcnmedi. Lige iyi ba\u015flad\u0131k asl\u0131nda ama sonras\u0131nda bir d\u00fc\u015f\u00fc\u015f ya\u015fad\u0131k. B\u00f6yle d\u00fc\u015f\u00fc\u015flerin olmas\u0131 da normal. Yeni toplanan bir ekipte, lige yeni y\u00fckselen bir tak\u0131mda b\u00f6yle d\u00fc\u015f\u00fc\u015flerin olmas\u0131 normal. Ancak bizdeki d\u00fc\u015f\u00fc\u015f biraz uzun s\u00fcrd\u00fc. Mehmet hocan\u0131n geli\u015fiyle birlikte tak\u0131m olarak ve bireysel olarak iyi performans g\u00f6stermeye ba\u015flad\u0131k. Hocan\u0131n gelmesiyle oynamaya ba\u015flad\u0131m. Gayet iyi durumday\u0131m. Hocan\u0131n bana katk\u0131s\u0131 \u00e7ok, ona \u00e7ok te\u015fekk\u00fcr ederim. Ben de elimden geldi\u011fince yard\u0131mc\u0131 olmaya \u00e7al\u0131\u015f\u0131yorum. Saha i\u00e7inde duru\u015fum ve karakterimle yard\u0131mc\u0131 olmaya \u00e7al\u0131\u015f\u0131yorum, oldu\u011fumu da d\u00fc\u015f\u00fcn\u00fcyorum. Geldi\u011fi d\u00f6nemde \u00e7ok iyi ma\u00e7lar \u00e7\u0131kard\u0131k. \u00c7ok zor bir fikst\u00fcre denk geldik. Fenerbah\u00e7e, Be\u015fikta\u015f, Alanyaspor, Sivasspor gibi bir periyottan iyi \u00e7\u0131kt\u0131\u011f\u0131m\u0131z\u0131 d\u00fc\u015f\u00fcn\u00fcyorum. 22 puan, lige yeni \u00e7\u0131kan bir tak\u0131m i\u00e7in iyi bir puan. Her zaman ikinci yar\u0131lar zor ge\u00e7er ve bunun da fark\u0131nday\u0131z. \u0130kinci yar\u0131da bunun \u00fcstesinden gelece\u011fimizi d\u00fc\u015f\u00fcn\u00fcyorum. Lige yeni \u00e7\u0131kan bir tak\u0131m\u0131n \u00f6nceli\u011fi ligde kalmakt\u0131r. Her ma\u00e7\u0131 kazanmak i\u00e7in sahaya \u00e7\u0131k\u0131yoruz ama amac\u0131m\u0131z ligde kalmak. Bu sene S\u00fcper Lig\u2019de kald\u0131ktan sonra seneye bu tak\u0131m\u0131 daha g\u00fczel g\u00fcnler bekliyor diye d\u00fc\u015f\u00fcn\u00fcyorum. \u0130n\u015fallah da \u00f6yle olur. Kamp\u0131m\u0131z da g\u00fczel ge\u00e7iyor. Eksiklerimiz var, mutlaka gelecek olan oyuncular da vard\u0131r. Biz i\u015fimizi yap\u0131yoruz, performans\u0131m\u0131z\u0131 yukar\u0131ya \u00e7\u0131karmaya \u00e7al\u0131\u015f\u0131yoruz\u201d ifadelerini kulland\u0131.<\/p>\n<p>\u201cVAR\u2019\u0131 adaletli kullan\u0131rsan iyi\u201d<\/p>\n<p>Fenerbah\u00e7e ma\u00e7\u0131 sonras\u0131nda g\u00f6sterdi\u011fi tepkiyle ilgili olarak sorulan soruyu yan\u0131tlayan Mustafa Yumlu, VAR sistemini de\u011ferlendirerek, \u201cVAR\u2019\u0131n gelmesi adalet bak\u0131m\u0131ndan \u00e7ok iyi. Ama adaletli kullan\u0131rsan \u00e7ok iyi. Bazen \u00f6yle pozisyonlar oluyor ki, biz bile inanam\u0131yoruz. \u0130zleyip g\u00f6r\u00fcyorlar, ama nas\u0131l fark\u0131nda olmuyorlar biz de \u015fa\u015f\u0131r\u0131yoruz. Savunma oyuncusu olarak her m\u00fcdahalemize dikkat etmeye \u00e7al\u0131\u015f\u0131yoruz. Ma\u00e7 esnas\u0131nda bunu d\u00fc\u015f\u00fcnm\u00fcyoruz ama art\u0131k bilin\u00e7alt\u0131na yerle\u015fti\u011fi i\u00e7in dikkat etmeye \u00e7al\u0131\u015f\u0131yoruz. Bence VAR\u2019\u0131n olmas\u0131 \u00e7ok olumlu. Ama adaletli kullan\u0131rsan olumlu\u201d dedi.<\/p>\n<p>\u201cH\u00fcseyin hocay\u0131 \u00e7ok seviyorum\u201d<\/p>\n<p>Eski kul\u00fcb\u00fc Trabzonspor\u2019da ya\u015fanan de\u011fi\u015fimlerle ilgili de konu\u015fan Yumlu, \u201c1999 y\u0131l\u0131nda Trabzonspor\u2019un kap\u0131s\u0131ndan girdim. Oras\u0131 benim yuvam, evim. \u00c7ok g\u00fczel g\u00fcnlerim de oldu \u00e7ok talihsiz g\u00fcnlerim de oldu. Ama \u015fu anda \u00e7ok iyi durumda. Be\u015fikta\u015f\u2019\u0131n, Galatasaray\u2019\u0131n \u00e7ok \u00fcst d\u00fczey performans g\u00f6stermedi\u011fi bu d\u00f6nemde Trabzonspor\u2019un avantajl\u0131 oldu\u011funu d\u00fc\u015f\u00fcn\u00fcyorum. Hoca de\u011fi\u015fiminin de iyi olaca\u011f\u0131n\u0131 d\u00fc\u015f\u00fcn\u00fcyorum. H\u00fcseyin hocama hay\u0131rl\u0131 olsun, Allah utand\u0131rmas\u0131n. Kendisini \u00e7ok seviyorum. \u00c7ok karakterli birisi ve \u00e7ok da iyi bir hoca olma aday\u0131. Allah g\u00f6nl\u00fcne g\u00f6re versin. Bence \u00e7ok iyi bir tak\u0131ma sahipler. Eksikler tabii ki olacak ama bence \u00e7ok avantajl\u0131 Trabzonspor. Bu sene onlar i\u00e7in b\u00fcy\u00fck bir f\u0131rsat. Ben \u00e7ok istiyorum Trabzonspor\u2019un \u015fampiyon olmas\u0131n\u0131. Biz de o \u015fampiyonlukta belki kutlamalara kat\u0131l\u0131p e\u015flik ederiz onlara\u201d a\u00e7\u0131klamas\u0131n\u0131 yapt\u0131.<\/p>\n<p>\u201c\u0130n\u015fallah Trabzonspor \u015fampiyon olur, Denizlispor da hedefine ula\u015f\u0131r\u201d<\/p>\n<p>Denizlispor formas\u0131 giydi\u011fini ve sahaya \u00e7\u0131kt\u0131\u011f\u0131 zaman duygusall\u0131\u011fa yer olmad\u0131\u011f\u0131n\u0131 da s\u00f6zlerine ekleyen Mustafa Yumlu, \u201cTrabzonspor deplasman\u0131nda da bunu g\u00f6sterdik. Trabzonspor\u2019u deplasmanda yenmek kolay bir \u015fey de\u011fil. O ma\u00e7\u0131 \u00e7ok iyi oynayarak kazand\u0131k. Onlar da g\u00fcnlerinde de\u011fillerdi. Baz\u0131 eksiklikler vard\u0131. Ama bence bu sene \u015fampiyonlu\u011fun en b\u00fcy\u00fck aday\u0131 Trabzonspor. Bu de\u011fi\u015fim de onlara \u00e7ok olumlu yans\u0131yacakt\u0131r ve H\u00fcseyin hocan\u0131n bu y\u00fck\u00fcn alt\u0131ndan kalkaca\u011f\u0131n\u0131 d\u00fc\u015f\u00fcn\u00fcyorum. Bu deplasmanda biz \u00e7ekinerek gittik asl\u0131nda. Trabzonspor\u2019un h\u00fccum hatt\u0131 bence T\u00fcrkiye\u2019nin en iyisi durumunda. Her oyuncu skoru de\u011fi\u015ftirecek yetenekte. 1-0 geriye d\u00fc\u015ft\u00fckten sonra \u2018\u0130n\u015fallah bug\u00fcn h\u00fcsranla ayr\u0131lmay\u0131z\u2019 diye d\u00fc\u015f\u00fcnd\u00fcm. Ama zaman ge\u00e7tik\u00e7e oyunun bize d\u00f6nd\u00fc\u011f\u00fcn\u00fc d\u00fc\u015f\u00fcnd\u00fcm. Devre aras\u0131nda da hocam\u0131z \u2018Rahat oynuyoruz, biraz daha \u00f6zg\u00fcvenli oynay\u0131n\u2019 dedi. \u0130kinci yar\u0131da da fark\u0131na vard\u0131k. Kazanaca\u011f\u0131m\u0131za da emindik. Gol\u00fc bulunca her \u015feyin de\u011fi\u015fece\u011finin fark\u0131ndayd\u0131k. Gol\u00fc att\u0131k ve kazand\u0131k. Bizim kazanmam\u0131z \u00e7ok g\u00fczeldi o g\u00fcn. M\u00fctevaz\u0131 bir tak\u0131m\u0131z. \u015eehir olarak ve kul\u00fcp olarak \u00e7ok g\u00fczel bir kul\u00fcp Denizlispor. \u00d6n\u00fc de a\u00e7\u0131k. Bu ligde kald\u0131\u011f\u0131 s\u00fcrece \u00f6zellikle maddi anlamda \u015fartlar\u0131 daha iyi olacakt\u0131r kul\u00fcb\u00fcn. Denizli\u2019yi \u00e7ok g\u00fczel \u015feyler bekliyor\u201d dedi. Trabzonspor\u2019un \u015fampiyon olmas\u0131n\u0131 \u00e7ok istedi\u011fini yineleyen Yumlu, \u201c\u0130n\u015fallah bu sene Trabzonspor \u015fampiyon olur. Benim her sene g\u00f6nl\u00fcmden ge\u00e7en \u015fey bu. Ger\u00e7ekten \u00e7ok istiyorum. Denizlispor da ba\u015far\u0131lar sa\u011flas\u0131n. G\u00f6nl\u00fcmden ge\u00e7en budur. \u0130n\u015fallah da ger\u00e7ekle\u015fir\u201d diyerek s\u00f6zlerini noktalad\u0131.<\/p>\n","protected":false},"excerpt":{"rendered":"<p>DEN\u0130ZL\u0130SPOR\u2019UN TECR\u00dcBEL\u0130 FUTBOLCUSU MUSTAFA YUMLU, TAKIMININ DURUMU HAKKINDA \u00d6ZEL A\u00c7IKLAMALARDA BULUNDU. ESK\u0130 TAKIMI TRABZONSPOR\u2019U DE DE\u011eERLEND\u0130REN YUMLU, \u201c\u0130N\u015eALLAH TRABZONSPOR \u015eAMP\u0130YON OLUR, DEN\u0130ZL\u0130SPOR DA S\u00dcPER L\u0130G\u2019DE DEVAM EDER. G\u00d6REVE GELEN H\u00dcSEY\u0130N \u00c7\u0130M\u015e\u0130R HOCAM DA BU Y\u00dcK\u00dcN ALTINDAN KALKACAKTIR\u201d \u0130FADELER\u0130N\u0130 KULLANDI.<\/p>\n","protected":false},"author":1,"featured_media":252565,"comment_status":"closed","ping_status":"open","sticky":false,"template":"","format":"standard","meta":{"jetpack_post_was_ever_published":false,"_jetpack_newsletter_access":"","_jetpack_dont_email_post_to_subs":false,"_jetpack_newsletter_tier_id":0,"_jetpack_memberships_contains_paywalled_content":false,"_jetpack_memberships_contains_paid_content":false,"footnotes":"","jetpack_publicize_message":"","jetpack_publicize_feature_enabled":true,"jetpack_social_post_already_shared":true,"jetpack_social_options":{"image_generator_settings":{"template":"highway","default_image_id":0,"font":"","enabled":false},"version":2}},"categories":[657],"tags":[963,159,10453,2024,916,44065],"class_list":["post-252564","post","type-post","status-publish","format-standard","has-post-thumbnail","hentry","category-spor","tag-insallah","tag-mustafa","tag-olur","tag-sampiyon","tag-trabzonspor","tag-yumlu"],"jetpack_publicize_connections":[],"jetpack_featured_media_url":"https:\/\/i0.wp.com\/www.tvturk.com\/wp-content\/uploads\/2020\/01\/mustafa-yumlu-insallah-trabzonspor-sampiyon-olur_ca9bc19.jpg?fit=1000%2C714","jetpack_sharing_enabled":true,"jetpack_shortlink":"https:\/\/wp.me\/paKIfm-13HC","_links":{"self":[{"href":"http:\/\/www.tvturk.com\/index.php\/wp-json\/wp\/v2\/posts\/252564","targetHints":{"allow":["GET"]}}],"collection":[{"href":"http:\/\/www.tvturk.com\/index.php\/wp-json\/wp\/v2\/posts"}],"about":[{"href":"http:\/\/www.tvturk.com\/index.php\/wp-json\/wp\/v2\/types\/post"}],"author":[{"embeddable":true,"href":"http:\/\/www.tvturk.com\/index.php\/wp-json\/wp\/v2\/users\/1"}],"replies":[{"embeddable":true,"href":"http:\/\/www.tvturk.com\/index.php\/wp-json\/wp\/v2\/comments?post=252564"}],"version-history":[{"count":0,"href":"http:\/\/www.tvturk.com\/index.php\/wp-json\/wp\/v2\/posts\/252564\/revisions"}],"wp:featuredmedia":[{"embeddable":true,"href":"http:\/\/www.tvturk.com\/index.php\/wp-json\/wp\/v2\/media\/252565"}],"wp:attachment":[{"href":"http:\/\/www.tvturk.com\/index.php\/wp-json\/wp\/v2\/media?parent=252564"}],"wp:term":[{"taxonomy":"category","embeddable":true,"href":"http:\/\/www.tvturk.com\/index.php\/wp-json\/wp\/v2\/categories?post=252564"},{"taxonomy":"post_tag","embeddable":true,"href":"http:\/\/www.tvturk.com\/index.php\/wp-json\/wp\/v2\/tags?post=252564"}],"curies":[{"name":"wp","href":"https:\/\/api.w.org\/{rel}","templated":true}]}}