{"id":252574,"date":"2020-01-07T10:46:55","date_gmt":"2020-01-07T07:46:55","guid":{"rendered":"http:\/\/www.tvturk.com\/index.php\/vatandaslar-firtina-nedeniyle-zor-anlar-yasadi\/"},"modified":"2020-01-07T10:46:55","modified_gmt":"2020-01-07T07:46:55","slug":"vatandaslar-firtina-nedeniyle-zor-anlar-yasadi","status":"publish","type":"post","link":"http:\/\/www.tvturk.com\/index.php\/vatandaslar-firtina-nedeniyle-zor-anlar-yasadi\/","title":{"rendered":"Vatanda\u015flar f\u0131rt\u0131na nedeniyle zor anlar ya\u015fad\u0131"},"content":{"rendered":"<p>\u0130stanbul\u2019da d\u00fcnden beri etkili olan sa\u011fanak ya\u011f\u0131\u015f ve f\u0131rt\u0131na sabah da devam etti. \u0130\u015fe giden vatanda\u015flar f\u0131rt\u0131na nedeniyle \u015femsiyelerini g\u00fc\u00e7l\u00fckle tutabildi. Baz\u0131 vatanda\u015flar ise r\u00fczgar\u0131n ters \u00e7evirdi\u011fi \u015femsiyesini a\u00e7mak i\u00e7in uzun s\u00fcre m\u00fccadele verdi.<\/p>\n<p>\u0130stanbul\u2019da d\u00fcn g\u00fcnd\u00fcz saatlerinde etkili olmaya ba\u015flayan f\u0131rt\u0131na ve ya\u011f\u0131\u015f bug\u00fcn de etkisini s\u00fcrd\u00fcrmeye devam ediyor. Olumsuz hava ko\u015fullar\u0131 nedeniyle sabah saatlerinde i\u015flerine gitmeye \u00e7al\u0131\u015fan vatanda\u015flar zaman zaman y\u00fcr\u00fcmekte bile g\u00fc\u00e7l\u00fck \u00e7ekti. \u015eiddetli r\u00fczgar nedeniyle \u015femsiyeler ters d\u00f6nerken, baz\u0131 vatanda\u015flar \u015femsiyelerini a\u015fmak i\u00e7in uzun s\u00fcre m\u00fccadele verdi. Ya\u011f\u0131\u015f nedeniyle trafik yo\u011funlu\u011fu olu\u015ftu.<\/p>\n","protected":false},"excerpt":{"rendered":"<p>\u0130STANBUL\u2019DA D\u00dcNDEN BER\u0130 ETK\u0130L\u0130 OLAN SA\u011eANAK YA\u011eI\u015e VE FIRTINA SABAH DA DEVAM ETT\u0130. \u0130\u015eE G\u0130DEN VATANDA\u015eLAR FIRTINA NEDEN\u0130YLE \u015eEMS\u0130YELER\u0130N\u0130 G\u00dc\u00c7L\u00dcKLE TUTAB\u0130LD\u0130. BAZI VATANDA\u015eLAR \u0130SE R\u00dcZGARIN TERS \u00c7EV\u0130RD\u0130\u011e\u0130 \u015eEMS\u0130YES\u0130N\u0130 A\u00c7MAK \u0130\u00c7\u0130N UZUN S\u00dcRE M\u00dcCADELE VERD\u0130.<\/p>\n","protected":false},"author":1,"featured_media":252575,"comment_status":"closed","ping_status":"open","sticky":false,"template":"","format":"standard","meta":{"jetpack_post_was_ever_published":false,"_jetpack_newsletter_access":"","_jetpack_dont_email_post_to_subs":false,"_jetpack_newsletter_tier_id":0,"_jetpack_memberships_contains_paywalled_content":false,"_jetpack_memberships_contains_paid_content":false,"footnotes":"","jetpack_publicize_message":"","jetpack_publicize_feature_enabled":true,"jetpack_social_post_already_shared":true,"jetpack_social_options":{"image_generator_settings":{"template":"highway","default_image_id":0,"font":"","enabled":false},"version":2}},"categories":[1],"tags":[5816,972,413,2344,8303,9997],"class_list":["post-252574","post","type-post","status-publish","format-standard","has-post-thumbnail","hentry","category-genel","tag-anlar","tag-firtina","tag-nedeniyle","tag-vatandaslar","tag-yasadi","tag-zor"],"jetpack_publicize_connections":[],"jetpack_featured_media_url":"https:\/\/i0.wp.com\/www.tvturk.com\/wp-content\/uploads\/2020\/01\/vatandaslar-firtina-nedeniyle-zor-anlar-yasadi_2a3c144.jpg?fit=1000%2C546","jetpack_sharing_enabled":true,"jetpack_shortlink":"https:\/\/wp.me\/paKIfm-13HM","_links":{"self":[{"href":"http:\/\/www.tvturk.com\/index.php\/wp-json\/wp\/v2\/posts\/252574","targetHints":{"allow":["GET"]}}],"collection":[{"href":"http:\/\/www.tvturk.com\/index.php\/wp-json\/wp\/v2\/posts"}],"about":[{"href":"http:\/\/www.tvturk.com\/index.php\/wp-json\/wp\/v2\/types\/post"}],"author":[{"embeddable":true,"href":"http:\/\/www.tvturk.com\/index.php\/wp-json\/wp\/v2\/users\/1"}],"replies":[{"embeddable":true,"href":"http:\/\/www.tvturk.com\/index.php\/wp-json\/wp\/v2\/comments?post=252574"}],"version-history":[{"count":0,"href":"http:\/\/www.tvturk.com\/index.php\/wp-json\/wp\/v2\/posts\/252574\/revisions"}],"wp:featuredmedia":[{"embeddable":true,"href":"http:\/\/www.tvturk.com\/index.php\/wp-json\/wp\/v2\/media\/252575"}],"wp:attachment":[{"href":"http:\/\/www.tvturk.com\/index.php\/wp-json\/wp\/v2\/media?parent=252574"}],"wp:term":[{"taxonomy":"category","embeddable":true,"href":"http:\/\/www.tvturk.com\/index.php\/wp-json\/wp\/v2\/categories?post=252574"},{"taxonomy":"post_tag","embeddable":true,"href":"http:\/\/www.tvturk.com\/index.php\/wp-json\/wp\/v2\/tags?post=252574"}],"curies":[{"name":"wp","href":"https:\/\/api.w.org\/{rel}","templated":true}]}}