{"id":252608,"date":"2020-01-07T11:17:37","date_gmt":"2020-01-07T08:17:37","guid":{"rendered":"http:\/\/www.tvturk.com\/index.php\/ozel-haber-engin-firat-genclere-tecrube-kazandirmak-istiyorum\/"},"modified":"2020-01-07T11:17:37","modified_gmt":"2020-01-07T08:17:37","slug":"ozel-haber-engin-firat-genclere-tecrube-kazandirmak-istiyorum","status":"publish","type":"post","link":"http:\/\/www.tvturk.com\/index.php\/ozel-haber-engin-firat-genclere-tecrube-kazandirmak-istiyorum\/","title":{"rendered":"(\u00d6zel haber) Engin F\u0131rat: \u201cGen\u00e7lere tecr\u00fcbe kazand\u0131rmak istiyorum\u201d"},"content":{"rendered":"<p>Moldova A Milli Futbol Tak\u0131m\u0131 Teknik Direkt\u00f6r\u00fc Engin F\u0131rat, tak\u0131m\u0131n ya\u015f ortalamas\u0131n\u0131n olduk\u00e7a y\u00fcksek oldu\u011funu vurgulayarak, gen\u00e7 oyuncular ke\u015ffedip onlara haz\u0131rl\u0131k d\u00f6nemlerinde tecr\u00fcbe kazand\u0131rmak istedi\u011fini s\u00f6yledi.<\/p>\n<p>EURO 2020 Elemeleri\u2019nde Moldova Milli Tak\u0131m\u0131\u2019n\u0131n ba\u015f\u0131na ge\u00e7en teknik direkt\u00f6r Engin F\u0131rat, tak\u0131mdaki gelece\u011fi ve genel durumu ile ilgili \u0130hlas Haber Ajans\u0131\u2019na \u00f6zel a\u00e7\u0131klamalarda bulundu. Deneyimli \u00e7al\u0131\u015ft\u0131r\u0131c\u0131, D\u00fcnya Kupas\u0131 Elemeleri \u00f6ncesi Uluslar Ligi\u2019ne haz\u0131rland\u0131klar\u0131n\u0131 s\u00f6yleyerek, \u201c\u015eu ana kadar \u00e7ocuklar\u0131n performans\u0131ndan memnunum. Uluslar Ligi i\u00e7in \u00e7al\u0131\u015fmalara ba\u015flad\u0131k. Daha gen\u00e7 oyunculardan olu\u015fan yeni bir tak\u0131m kuraca\u011f\u0131m. \u015eimdi de Katar\u2019daki bu d\u00f6nemi de\u011ferlendirmek istiyoruz. G\u00fc\u00e7l\u00fc bir tak\u0131m olan \u0130sve\u00e7 ile de bir haz\u0131rl\u0131k ma\u00e7\u0131 yapaca\u011f\u0131z\u201d \u015feklinde konu\u015ftu.<\/p>\n<p>&#8220;Gen\u00e7lere tecr\u00fcbe kazand\u0131rmak istiyorum&#8221;<\/p>\n<p>Moldova A Milli Futbol Tak\u0131m\u0131\u2019nda gen\u00e7 oyunculara \u00f6nem vermek istedi\u011fini vurgulayan F\u0131rat, \u201cMoldova\u2019da lig bitti. Bu ma\u00e7lar da biraz daha haz\u0131rl\u0131k d\u00f6nemi oldu\u011fu i\u00e7in gen\u00e7 oyunculara \u00f6nem veriyorum. \u00d6zellikle \u00fcmit milli tak\u0131mdan bir\u00e7ok oyuncu \u00e7a\u011f\u0131rd\u0131m. Rusya\u2019da, \u0130talya\u2019da, \u0130svi\u00e7re\u2019de oynayan \u00e7ocuklar\u0131 \u00e7a\u011f\u0131rmad\u0131m. Bu gen\u00e7lere gelece\u011fin tak\u0131m\u0131n\u0131 kurmak i\u00e7in biraz daha \u00f6nem verece\u011fim. \u015eu a\u015famada Moldova futbolunda ya\u015flanm\u0131\u015f bir nesil var. Gen\u00e7 oyuncular ke\u015ffetmem laz\u0131m. Fransa\u2019ya kar\u015f\u0131 da bir\u00e7ok gen\u00e7 oyuncuyu oynatt\u0131m ama devam\u0131 gelmesi laz\u0131m. Bu \u00e7ocuklar\u0131n tecr\u00fcbe kazanmas\u0131 laz\u0131m, onun i\u00e7in bu kamplar\u0131 iyi de\u011ferlendirmemiz laz\u0131m. 31 Mart\u2019ta Rusya ile ma\u00e7\u0131m\u0131z var. Haziran ay\u0131nda da Avrupa \u015eampiyonas\u0131\u2019na giden tak\u0131mlarla bir turnuva oynayaca\u011f\u0131z. Zor rakiplerle oynay\u0131p, tak\u0131m\u0131n g\u00fcc\u00fcn\u00fc tam g\u00f6rerek, gen\u00e7lere tecr\u00fcbe kazand\u0131rmak istiyorum\u201d diye konu\u015ftu.<\/p>\n<p>&#8220;Moldova\u2019n\u0131n tarihindeki ilk yabanc\u0131 hocas\u0131y\u0131m&#8221;<\/p>\n<p>Ekibinde Fenerbah\u00e7e\u2019de de forma giymi\u015f olan eski futbolcu Nuri Kamburo\u011flu\u2019nun bulundu\u011funu s\u00f6yleyen F\u0131rat, \u201cTeknik ekibin hepsi Moldoval\u0131. Biraz dil olay\u0131 var. Nuri de Rus\u00e7a biliyor. Bu bir avantaj ve bizim i\u00e7in de iyi oldu. Ben Moldova\u2019n\u0131n tarihindeki ilk yabanc\u0131 hocas\u0131y\u0131m. Bu t\u00fcr \u00fclkeler i\u00e7in yeni d\u00fc\u015f\u00fcnceler, yeni hocalar hi\u00e7 de kolay de\u011fil. Di\u011fer yard\u0131mc\u0131lar\u0131m\u0131n da hepsi Moldova\u2019n\u0131n eski y\u0131ld\u0131z oyuncular\u0131. \u0130yi bir ekip oldu\u011fumuzu d\u00fc\u015f\u00fcn\u00fcyorum\u201d de\u011ferlendirmesini yapt\u0131.<\/p>\n<p>&#8220;Sportif ba\u015far\u0131m ile \u00f6n plana \u00e7\u0131kmak istiyorum&#8221;<\/p>\n<p>F\u0131rat, kendisinin \u00e7ok fazla g\u00fcndeme gelmemesiyle ilgili sorulan soruya ise \u015fu yan\u0131t\u0131 verdi:<\/p>\n<p>\u201cBen sonu\u00e7ta futbol adam\u0131y\u0131m. Medya ile fazla u\u011fra\u015fmama gerek yok. Neler yapt\u0131\u011f\u0131m\u0131 T\u00fcrk medyas\u0131 takip edecek. Gidip medyan\u0131n pe\u015finde ko\u015facak halim yok. Ben de \u00e7ok fazla medya pe\u015finde ko\u015fup kendini g\u00f6steren insan de\u011filim. Tamamen sportif ba\u015far\u0131m ile \u00f6n plana \u00e7\u0131kmak isteyen bir insan oldu\u011fum i\u00e7in medya bazen unutabiliyor. Medya biraz daha fazla \u015fov yapan insanlar\u0131n pe\u015finde ko\u015fabiliyor.\u201d<\/p>\n","protected":false},"excerpt":{"rendered":"<p>MOLDOVA A M\u0130LL\u0130 FUTBOL TAKIMI TEKN\u0130K D\u0130REKT\u00d6R\u00dc ENG\u0130N FIRAT, TAKIMIN YA\u015e ORTALAMASININ OLDUK\u00c7A Y\u00dcKSEK OLDU\u011eUNU VURGULADI VE GEN\u00c7 OYUNCULAR KE\u015eFED\u0130P ONLARA HAZIRLIK D\u00d6NEMLER\u0130NDE TECR\u00dcBE KAZANDIRMAK \u0130STED\u0130\u011e\u0130N\u0130 S\u00d6YLED\u0130.<\/p>\n","protected":false},"author":1,"featured_media":252609,"comment_status":"closed","ping_status":"open","sticky":false,"template":"","format":"standard","meta":{"jetpack_post_was_ever_published":false,"_jetpack_newsletter_access":"","_jetpack_dont_email_post_to_subs":false,"_jetpack_newsletter_tier_id":0,"_jetpack_memberships_contains_paywalled_content":false,"_jetpack_memberships_contains_paid_content":false,"footnotes":"","jetpack_publicize_message":"","jetpack_publicize_feature_enabled":true,"jetpack_social_post_already_shared":true,"jetpack_social_options":{"image_generator_settings":{"template":"highway","default_image_id":0,"font":"","enabled":false},"version":2}},"categories":[657],"tags":[1073,10231,2026,4624,1545,12605,62524,1257],"class_list":["post-252608","post","type-post","status-publish","format-standard","has-post-thumbnail","hentry","category-spor","tag-ozel","tag-engin","tag-firat","tag-genclere","tag-haber","tag-istiyorum","tag-kazandirmak","tag-tecrube"],"jetpack_publicize_connections":[],"jetpack_featured_media_url":"https:\/\/i0.wp.com\/www.tvturk.com\/wp-content\/uploads\/2020\/01\/ozel-haber-engin-firat-genclere-tecrube-kazandirmak-istiyorum_e29e6da.jpg?fit=1000%2C666","jetpack_sharing_enabled":true,"jetpack_shortlink":"https:\/\/wp.me\/paKIfm-13Ik","_links":{"self":[{"href":"http:\/\/www.tvturk.com\/index.php\/wp-json\/wp\/v2\/posts\/252608","targetHints":{"allow":["GET"]}}],"collection":[{"href":"http:\/\/www.tvturk.com\/index.php\/wp-json\/wp\/v2\/posts"}],"about":[{"href":"http:\/\/www.tvturk.com\/index.php\/wp-json\/wp\/v2\/types\/post"}],"author":[{"embeddable":true,"href":"http:\/\/www.tvturk.com\/index.php\/wp-json\/wp\/v2\/users\/1"}],"replies":[{"embeddable":true,"href":"http:\/\/www.tvturk.com\/index.php\/wp-json\/wp\/v2\/comments?post=252608"}],"version-history":[{"count":0,"href":"http:\/\/www.tvturk.com\/index.php\/wp-json\/wp\/v2\/posts\/252608\/revisions"}],"wp:featuredmedia":[{"embeddable":true,"href":"http:\/\/www.tvturk.com\/index.php\/wp-json\/wp\/v2\/media\/252609"}],"wp:attachment":[{"href":"http:\/\/www.tvturk.com\/index.php\/wp-json\/wp\/v2\/media?parent=252608"}],"wp:term":[{"taxonomy":"category","embeddable":true,"href":"http:\/\/www.tvturk.com\/index.php\/wp-json\/wp\/v2\/categories?post=252608"},{"taxonomy":"post_tag","embeddable":true,"href":"http:\/\/www.tvturk.com\/index.php\/wp-json\/wp\/v2\/tags?post=252608"}],"curies":[{"name":"wp","href":"https:\/\/api.w.org\/{rel}","templated":true}]}}