{"id":252612,"date":"2020-01-07T11:31:31","date_gmt":"2020-01-07T08:31:31","guid":{"rendered":"http:\/\/www.tvturk.com\/index.php\/iranli-general-suleymani-bugun-kirmanda-defnedilecek\/"},"modified":"2020-01-07T11:31:31","modified_gmt":"2020-01-07T08:31:31","slug":"iranli-general-suleymani-bugun-kirmanda-defnedilecek","status":"publish","type":"post","link":"http:\/\/www.tvturk.com\/index.php\/iranli-general-suleymani-bugun-kirmanda-defnedilecek\/","title":{"rendered":"\u0130ranl\u0131 General S\u00fcleymani bug\u00fcn Kirman\u2019da defnedilecek"},"content":{"rendered":"<p>Cuma g\u00fcn\u00fc ABD taraf\u0131ndan \u00f6ld\u00fcr\u00fclen \u0130ran Devrim Muhaf\u0131zlar\u0131 Kud\u00fcs G\u00fcc\u00fc Komutan\u0131 Kas\u0131m S\u00fcleymani, bug\u00fcn Kirman\u2019da defnedilecek.<\/p>\n<p>ABD taraf\u0131ndan Ba\u011fdat\u2019ta \u00f6ld\u00fcr\u00fclen \u0130ran Devrim Muhaf\u0131zlar\u0131 Kud\u00fcs G\u00fcc\u00fc Komutan\u0131 Kas\u0131m S\u00fcleymani, do\u011fdu\u011fu yer olan \u0130ran\u2019\u0131n g\u00fcneydo\u011fusundaki Kirman kentinde bug\u00fcn defnedilecek. \u0130ranl\u0131 General\u2019in yas\u0131n\u0131 tutan binlerce insan, yas k\u0131yafetleri i\u00e7inde S\u00fcleymani posterleriyle sokaklara d\u00f6k\u00fcld\u00fc. S\u00fcleymani\u2019nin cenazesinin Ba\u011fdat\u2019tan Kirman\u2019a kadar olan yolculu\u011funda milyonlarca \u0130ranl\u0131, Generalin ard\u0131ndan g\u00f6zya\u015f\u0131 d\u00f6kt\u00fc. \u0130ran medyas\u0131, sokaklardaki kalabal\u0131\u011f\u0131n 1989 y\u0131l\u0131nda hayat\u0131n\u0131 kaybeden \u0130ran\u2019\u0131n Dini Lideri Ruhullah Humeyni\u2019nin cenazesini hat\u0131rlatt\u0131\u011f\u0131n\u0131 belirtirken, S\u00fcleymani\u2019nin, \u0130ran\u2019\u0131n Dini Lideri Ayetullah Ali Hamaney\u2019in ard\u0131ndan \u00fclkedeki en g\u00fc\u00e7l\u00fc otorite olarak g\u00f6r\u00fcld\u00fc\u011f\u00fc biliniyor.<\/p>\n<p>S\u00fcleymani\u2019nin ABD Ba\u015fkan\u0131 Donald Trump\u2019\u0131n emriyle \u00f6ld\u00fcr\u00fclmesinin ard\u0131ndan, \u0130ran ABD\u2019den intikam almaya yemin etmi\u015fti.<\/p>\n","protected":false},"excerpt":{"rendered":"<p>CUMA G\u00dcN\u00dc ABD TARAFINDAN \u00d6LD\u00dcR\u00dcLEN \u0130RAN DEVR\u0130M MUHAFIZLARI KUD\u00dcS G\u00dcC\u00dc KOMUTANI KASIM S\u00dcLEYMAN\u0130, BUG\u00dcN K\u0130RMAN\u2019DA DEFNED\u0130LECEK.<\/p>\n","protected":false},"author":1,"featured_media":252613,"comment_status":"closed","ping_status":"open","sticky":false,"template":"","format":"standard","meta":{"jetpack_post_was_ever_published":false,"_jetpack_newsletter_access":"","_jetpack_dont_email_post_to_subs":false,"_jetpack_newsletter_tier_id":0,"_jetpack_memberships_contains_paywalled_content":false,"_jetpack_memberships_contains_paid_content":false,"footnotes":"","jetpack_publicize_message":"","jetpack_publicize_feature_enabled":true,"jetpack_social_post_already_shared":true,"jetpack_social_options":{"image_generator_settings":{"template":"highway","default_image_id":0,"font":"","enabled":false},"version":2}},"categories":[10],"tags":[62280,10621,20922,62256,10528,62525],"class_list":["post-252612","post","type-post","status-publish","format-standard","has-post-thumbnail","hentry","category-dunya","tag-suleymani","tag-bugun","tag-defnedilecek","tag-general","tag-iranli","tag-kirmanda"],"jetpack_publicize_connections":[],"jetpack_featured_media_url":"https:\/\/i0.wp.com\/www.tvturk.com\/wp-content\/uploads\/2020\/01\/iranli-general-suleymani-bugun-kirmanda-defnedilecek_499c1c8.jpg?fit=920%2C613","jetpack_sharing_enabled":true,"jetpack_shortlink":"https:\/\/wp.me\/paKIfm-13Io","_links":{"self":[{"href":"http:\/\/www.tvturk.com\/index.php\/wp-json\/wp\/v2\/posts\/252612","targetHints":{"allow":["GET"]}}],"collection":[{"href":"http:\/\/www.tvturk.com\/index.php\/wp-json\/wp\/v2\/posts"}],"about":[{"href":"http:\/\/www.tvturk.com\/index.php\/wp-json\/wp\/v2\/types\/post"}],"author":[{"embeddable":true,"href":"http:\/\/www.tvturk.com\/index.php\/wp-json\/wp\/v2\/users\/1"}],"replies":[{"embeddable":true,"href":"http:\/\/www.tvturk.com\/index.php\/wp-json\/wp\/v2\/comments?post=252612"}],"version-history":[{"count":0,"href":"http:\/\/www.tvturk.com\/index.php\/wp-json\/wp\/v2\/posts\/252612\/revisions"}],"wp:featuredmedia":[{"embeddable":true,"href":"http:\/\/www.tvturk.com\/index.php\/wp-json\/wp\/v2\/media\/252613"}],"wp:attachment":[{"href":"http:\/\/www.tvturk.com\/index.php\/wp-json\/wp\/v2\/media?parent=252612"}],"wp:term":[{"taxonomy":"category","embeddable":true,"href":"http:\/\/www.tvturk.com\/index.php\/wp-json\/wp\/v2\/categories?post=252612"},{"taxonomy":"post_tag","embeddable":true,"href":"http:\/\/www.tvturk.com\/index.php\/wp-json\/wp\/v2\/tags?post=252612"}],"curies":[{"name":"wp","href":"https:\/\/api.w.org\/{rel}","templated":true}]}}