{"id":25263,"date":"2019-02-12T14:01:23","date_gmt":"2019-02-12T11:01:23","guid":{"rendered":"http:\/\/www.tvturk.com\/index.php\/ozel-erciyesi-sezon-basindan-bu-yana-62-ilin-nufusundan-fazla-kisi-ziyaret-etti\/"},"modified":"2019-02-12T14:01:27","modified_gmt":"2019-02-12T11:01:27","slug":"ozel-erciyesi-sezon-basindan-bu-yana-62-ilin-nufusundan-fazla-kisi-ziyaret-etti","status":"publish","type":"post","link":"http:\/\/www.tvturk.com\/index.php\/ozel-erciyesi-sezon-basindan-bu-yana-62-ilin-nufusundan-fazla-kisi-ziyaret-etti\/","title":{"rendered":"(\u00d6zel) Erciyes\u2019i sezon ba\u015f\u0131ndan bu yana 62 ilin n\u00fcfusundan fazla ki\u015fi ziyaret etti"},"content":{"rendered":"<p>T\u00fcrkiye\u2019nin \u00f6nemli kayak merkezlerinden biri olan Erciyes Da\u011f\u0131\u2019n\u0131, kayak sezonunun a\u00e7\u0131ld\u0131\u011f\u0131 g\u00fcnden bug\u00fcne kadar 1 milyon 100 bin ki\u015fi ziyaret etti. Bu say\u0131, 62 ilin n\u00fcfusundan fazla.<\/p>\n<p>T\u00fcrkiye\u2019nin \u00f6nemli kayak merkezlerinden biri olan Erciyes Da\u011f\u0131\u2019nda, sezon t\u00fcm h\u0131z\u0131yla devam ediyor. Kayakseverlerin yo\u011fun ilgi g\u00f6sterdi\u011fi Erciyes\u2019i, sezonun a\u00e7\u0131ld\u0131\u011f\u0131 g\u00fcnden bu yana 1 milyon 100 bin ki\u015fi ziyaret etti. Bu say\u0131n\u0131n 62 ilin n\u00fcfusundan fazla olmas\u0131 da dikkat \u00e7ekti.<\/p>\n<p>Hareketli bir k\u0131\u015f ge\u00e7irdiklerini s\u00f6yleyen Erciyes A\u015e Y\u00f6netim Kurulu Ba\u015fkan\u0131 Murat Cahid C\u0131ng\u0131, \u201cBu sene genel itibariyle hem \u00fclkemiz hem de Erciyes hareketli bir k\u0131\u015f ge\u00e7iriyor. Erciyes\u2019i i\u015fletmekte oldu\u011fumuz son 7 y\u0131ld\u0131r \u00e7ok beklenmedik, s\u0131k\u0131nt\u0131l\u0131 hava \u015fartlar\u0131yla kar\u015f\u0131la\u015fmad\u0131k. Kar\u0131n ge\u00e7 ya\u011fd\u0131\u011f\u0131 d\u00f6nemlerde de zaten T\u00fcrkiye\u2019de en geli\u015fmi\u015f suni karlama sistemleri ile kar \u00fcrettik ve pistlerde misafirlerimize kayak imkanlar\u0131n\u0131 sunmu\u015ftuk. Bu sene \u00fclkemiz genel itibariyle ya\u011f\u0131\u015fl\u0131 bir sezon ge\u00e7iriyor ve Erciyes\u2019te de kar kal\u0131nl\u0131\u011f\u0131 yer yer 1.5 metreyi buluyor. Pistlerimizde \u015fuanda ezilmi\u015f kar\u0131n kal\u0131nl\u0131\u011f\u0131 neredeyse 1 metreyi ge\u00e7mi\u015f durumda. B\u00fct\u00fcn pistlerimiz misafirlerimize hizmet veriyor. Erciyes\u2019im en \u00f6nemli \u00f6zelli\u011fi 25 kilometrelik yay i\u00e7erisinde 4 farkl\u0131 giri\u015f noktas\u0131ndan kaya\u011fa ba\u015flanmas\u0131 ve teleferik mahareti ile da\u011f\u0131n her taraf\u0131na kayakla ula\u015f\u0131l\u0131yor olabilmesidir. Birbirine entegre Alpler sistemi i\u00e7erisinde geli\u015fen bir kayak merkezi i\u015fletiyoruz. Dolay\u0131s\u0131yla pistlerimizde gayet m\u00fckemmel, havalarda \u00e7ok iyi gidiyor. Hem da\u011f otellerimiz hem de \u015fehir otellerimiz gayet mutlu\u201d ifadelerini kulland\u0131.<\/p>\n<p>Erciyes\u2019te sezon a\u00e7\u0131l\u0131\u015f\u0131ndan bu yana 1 milyon 100 bin ki\u015fiyi a\u011f\u0131rlad\u0131klar\u0131n\u0131 kaydeden C\u0131ng\u0131, \u201c\u00c7ok \u015f\u00fck\u00fcr hedeflerimize ula\u015f\u0131yoruz. Ge\u00e7ti\u011fimiz y\u0131la bakt\u0131\u011f\u0131m\u0131z zaman kayak\u00e7\u0131 say\u0131s\u0131nda da ciddi bir art\u0131\u015f var. Yerli misafir say\u0131s\u0131nda da, yabanc\u0131 misafir say\u0131s\u0131nda da \u00e7ok ciddi art\u0131\u015f var. Erciyes d\u00fcnya sahnesinde yeni bir kayak merkezi oldu\u011fu i\u00e7in ciddi oranda yabanc\u0131 gelmesi ve yabanc\u0131 ziyaret\u00e7ilerin say\u0131s\u0131n\u0131n artmas\u0131 da i\u015fin tabi neticesidir. Bu sene bizim hedefimiz toplam ziyaret\u00e7i say\u0131s\u0131nda 2 milyonun \u00fczerine \u00e7\u0131kmakt\u0131. Sezon ba\u015f\u0131nda itibaren \u015fimdiye kadar 1 milyon 100 bin ki\u015fiyi ge\u00e7mi\u015f bulunmaktay\u0131z. Sadece s\u00f6mestri d\u00f6nemine bakt\u0131\u011f\u0131m\u0131z zaman sadece 3 hafta sonu Erciyes\u2019e 300 bini a\u015fk\u0131n insan geldi. \u00c7ok ciddi trafik kuyruklar\u0131 olu\u015ftu. Pistlerde \u00e7ok yo\u011fun kayak\u00e7\u0131 trafi\u011fi vard\u0131\u201d diye konu\u015ftu.<div class=\"tiled-gallery type-rectangular tiled-gallery-unresized\" data-original-width=\"500\" data-carousel-extra='null' itemscope itemtype=\"http:\/\/schema.org\/ImageGallery\" > <div class=\"gallery-row\" style=\"width: 500px; height: 227px;\" data-original-width=\"500\" data-original-height=\"227\" > <div class=\"gallery-group images-2\" style=\"width: 199px; height: 227px;\" data-original-width=\"199\" data-original-height=\"227\" > <div class=\"tiled-gallery-item tiled-gallery-item-small\" itemprop=\"associatedMedia\" itemscope itemtype=\"http:\/\/schema.org\/ImageObject\"> <a href=\"http:\/\/www.tvturk.com\/index.php\/ozel-erciyesi-sezon-basindan-bu-yana-62-ilin-nufusundan-fazla-kisi-ziyaret-etti\/ozel-erciyesi-sezon-basindan-bu-yana-62-ilin-nufusundan-fazla-kisi-ziyaret-etti-3\/\" border=\"0\" itemprop=\"url\"> <meta itemprop=\"width\" content=\"195\"> <meta itemprop=\"height\" content=\"110\"> <img decoding=\"async\" class=\"\" data-attachment-id=\"25265\" data-orig-file=\"http:\/\/www.tvturk.com\/wp-content\/uploads\/2019\/02\/ozel-erciyesi-sezon-basindan-bu-yana-62-ilin-nufusundan-fazla-kisi-ziyaret-etti_f77d528.jpg\" data-orig-size=\"1000,562\" data-comments-opened=\"\" data-image-meta=\"{&quot;aperture&quot;:&quot;0&quot;,&quot;credit&quot;:&quot;IHA&quot;,&quot;camera&quot;:&quot;&quot;,&quot;caption&quot;:&quot;T\\u00dcRK\\u0130YE\\u2019N\\u0130N \\u00d6NEML\\u0130 KAYAK MERKEZLER\\u0130NDEN B\\u0130R\\u0130 OLAN ERC\\u0130YES DA\\u011eI\\u2019NI, KAYAK SEZONUNUN A\\u00c7ILDI\\u011eI G\\u00dcNDEN BUG\\u00dcNE KADAR 1 M\\u0130LYON 100 B\\u0130N K\\u0130\\u015e\\u0130 Z\\u0130YARET ETT\\u0130. BU SAYI, 62 \\u0130L\\u0130N N\\u00dcFUSUNDAN FAZLA. (AL\\u0130 G\\u00d6\\u00c7\\\/KAYSER\\u0130-\\u0130HA)&quot;,&quot;created_timestamp&quot;:&quot;0&quot;,&quot;copyright&quot;:&quot;\\u0130HLAS HABER AJANSI, www.iha.com.tr&quot;,&quot;focal_length&quot;:&quot;0&quot;,&quot;iso&quot;:&quot;0&quot;,&quot;shutter_speed&quot;:&quot;0&quot;,&quot;title&quot;:&quot;(\\u00d6ZEL) ERC\\u0130YES\\u2019\\u0130 SEZON BA\\u015eINDAN BU YANA 62 \\u0130L\\u0130N N\\u00dcFUSUNDAN FAZLA K\\u0130\\u015e\\u0130 Z\\u0130YARET ETT\\u0130 ERC\\u0130YES A\\u015e Y\\u00d6NET\\u0130M KURULU BA\\u015eKANI MURAT CAH\\u0130D CINGI: \\u201cSEZON BA\\u015eINDAN \\u0130T\\u0130BAREN \\u015e\\u0130MD\\u0130YE KADAR 1 M\\u0130LYON 100 B\\u0130N K\\u0130\\u015e\\u0130 ERC\\u0130YES\\u2019\\u0130 Z\\u0130YARET ETT\\u0130\\u201d&quot;,&quot;orientation&quot;:&quot;0&quot;}\" data-image-title=\"(\u00d6zel) Erciyes\u2019i sezon ba\u015f\u0131ndan bu yana 62 ilin n\u00fcfusundan fazla ki\u015fi ziyaret etti\" data-image-description=\"&lt;p&gt;(\u00d6zel) Erciyes\u2019i sezon ba\u015f\u0131ndan bu yana 62 ilin n\u00fcfusundan fazla ki\u015fi ziyaret etti&lt;\/p&gt; \" data-medium-file=\"https:\/\/i0.wp.com\/www.tvturk.com\/wp-content\/uploads\/2019\/02\/ozel-erciyesi-sezon-basindan-bu-yana-62-ilin-nufusundan-fazla-kisi-ziyaret-etti_f77d528.jpg?fit=300%2C169\" data-large-file=\"https:\/\/i0.wp.com\/www.tvturk.com\/wp-content\/uploads\/2019\/02\/ozel-erciyesi-sezon-basindan-bu-yana-62-ilin-nufusundan-fazla-kisi-ziyaret-etti_f77d528.jpg?fit=1000%2C562\" src=\"https:\/\/i0.wp.com\/www.tvturk.com\/wp-content\/uploads\/2019\/02\/ozel-erciyesi-sezon-basindan-bu-yana-62-ilin-nufusundan-fazla-kisi-ziyaret-etti_f77d528.jpg?w=195&#038;h=110\" srcset=\"https:\/\/i0.wp.com\/www.tvturk.com\/wp-content\/uploads\/2019\/02\/ozel-erciyesi-sezon-basindan-bu-yana-62-ilin-nufusundan-fazla-kisi-ziyaret-etti_f77d528.jpg?w=1000 1000w, https:\/\/i0.wp.com\/www.tvturk.com\/wp-content\/uploads\/2019\/02\/ozel-erciyesi-sezon-basindan-bu-yana-62-ilin-nufusundan-fazla-kisi-ziyaret-etti_f77d528.jpg?resize=150%2C84 150w, https:\/\/i0.wp.com\/www.tvturk.com\/wp-content\/uploads\/2019\/02\/ozel-erciyesi-sezon-basindan-bu-yana-62-ilin-nufusundan-fazla-kisi-ziyaret-etti_f77d528.jpg?resize=300%2C169 300w, https:\/\/i0.wp.com\/www.tvturk.com\/wp-content\/uploads\/2019\/02\/ozel-erciyesi-sezon-basindan-bu-yana-62-ilin-nufusundan-fazla-kisi-ziyaret-etti_f77d528.jpg?resize=768%2C432 768w, https:\/\/i0.wp.com\/www.tvturk.com\/wp-content\/uploads\/2019\/02\/ozel-erciyesi-sezon-basindan-bu-yana-62-ilin-nufusundan-fazla-kisi-ziyaret-etti_f77d528.jpg?resize=200%2C113 200w\" width=\"195\" height=\"110\" loading=\"lazy\" data-original-width=\"195\" data-original-height=\"110\" itemprop=\"http:\/\/schema.org\/image\" title=\"(\u00d6zel) Erciyes\u2019i sezon ba\u015f\u0131ndan bu yana 62 ilin n\u00fcfusundan fazla ki\u015fi ziyaret etti\" alt=\"(\u00d6zel) Erciyes\u2019i sezon ba\u015f\u0131ndan bu yana 62 ilin n\u00fcfusundan fazla ki\u015fi ziyaret etti\" style=\"width: 195px; height: 110px;\" \/> <\/a> <\/div> <div class=\"tiled-gallery-item tiled-gallery-item-small\" itemprop=\"associatedMedia\" itemscope itemtype=\"http:\/\/schema.org\/ImageObject\"> <a href=\"http:\/\/www.tvturk.com\/index.php\/ozel-erciyesi-sezon-basindan-bu-yana-62-ilin-nufusundan-fazla-kisi-ziyaret-etti\/ozel-erciyesi-sezon-basindan-bu-yana-62-ilin-nufusundan-fazla-kisi-ziyaret-etti-4\/\" border=\"0\" itemprop=\"url\"> <meta itemprop=\"width\" content=\"195\"> <meta itemprop=\"height\" content=\"109\"> <img decoding=\"async\" class=\"\" data-attachment-id=\"25266\" data-orig-file=\"http:\/\/www.tvturk.com\/wp-content\/uploads\/2019\/02\/ozel-erciyesi-sezon-basindan-bu-yana-62-ilin-nufusundan-fazla-kisi-ziyaret-etti_e2590b6.jpg\" data-orig-size=\"1000,562\" data-comments-opened=\"\" data-image-meta=\"{&quot;aperture&quot;:&quot;0&quot;,&quot;credit&quot;:&quot;IHA&quot;,&quot;camera&quot;:&quot;&quot;,&quot;caption&quot;:&quot;T\\u00dcRK\\u0130YE\\u2019N\\u0130N \\u00d6NEML\\u0130 KAYAK MERKEZLER\\u0130NDEN B\\u0130R\\u0130 OLAN ERC\\u0130YES DA\\u011eI\\u2019NI, KAYAK SEZONUNUN A\\u00c7ILDI\\u011eI G\\u00dcNDEN BUG\\u00dcNE KADAR 1 M\\u0130LYON 100 B\\u0130N K\\u0130\\u015e\\u0130 Z\\u0130YARET ETT\\u0130. BU SAYI, 62 \\u0130L\\u0130N N\\u00dcFUSUNDAN FAZLA. (AL\\u0130 G\\u00d6\\u00c7\\\/KAYSER\\u0130-\\u0130HA)&quot;,&quot;created_timestamp&quot;:&quot;0&quot;,&quot;copyright&quot;:&quot;\\u0130HLAS HABER AJANSI, www.iha.com.tr&quot;,&quot;focal_length&quot;:&quot;0&quot;,&quot;iso&quot;:&quot;0&quot;,&quot;shutter_speed&quot;:&quot;0&quot;,&quot;title&quot;:&quot;(\\u00d6ZEL) ERC\\u0130YES\\u2019\\u0130 SEZON BA\\u015eINDAN BU YANA 62 \\u0130L\\u0130N N\\u00dcFUSUNDAN FAZLA K\\u0130\\u015e\\u0130 Z\\u0130YARET ETT\\u0130 ERC\\u0130YES A\\u015e Y\\u00d6NET\\u0130M KURULU BA\\u015eKANI MURAT CAH\\u0130D CINGI: \\u201cSEZON BA\\u015eINDAN \\u0130T\\u0130BAREN \\u015e\\u0130MD\\u0130YE KADAR 1 M\\u0130LYON 100 B\\u0130N K\\u0130\\u015e\\u0130 ERC\\u0130YES\\u2019\\u0130 Z\\u0130YARET ETT\\u0130\\u201d&quot;,&quot;orientation&quot;:&quot;0&quot;}\" data-image-title=\"(\u00d6zel) Erciyes\u2019i sezon ba\u015f\u0131ndan bu yana 62 ilin n\u00fcfusundan fazla ki\u015fi ziyaret etti\" data-image-description=\"&lt;p&gt;(\u00d6zel) Erciyes\u2019i sezon ba\u015f\u0131ndan bu yana 62 ilin n\u00fcfusundan fazla ki\u015fi ziyaret etti&lt;\/p&gt; \" data-medium-file=\"https:\/\/i0.wp.com\/www.tvturk.com\/wp-content\/uploads\/2019\/02\/ozel-erciyesi-sezon-basindan-bu-yana-62-ilin-nufusundan-fazla-kisi-ziyaret-etti_e2590b6.jpg?fit=300%2C169\" data-large-file=\"https:\/\/i0.wp.com\/www.tvturk.com\/wp-content\/uploads\/2019\/02\/ozel-erciyesi-sezon-basindan-bu-yana-62-ilin-nufusundan-fazla-kisi-ziyaret-etti_e2590b6.jpg?fit=1000%2C562\" src=\"https:\/\/i0.wp.com\/www.tvturk.com\/wp-content\/uploads\/2019\/02\/ozel-erciyesi-sezon-basindan-bu-yana-62-ilin-nufusundan-fazla-kisi-ziyaret-etti_e2590b6.jpg?w=195&#038;h=109\" srcset=\"https:\/\/i0.wp.com\/www.tvturk.com\/wp-content\/uploads\/2019\/02\/ozel-erciyesi-sezon-basindan-bu-yana-62-ilin-nufusundan-fazla-kisi-ziyaret-etti_e2590b6.jpg?w=1000 1000w, https:\/\/i0.wp.com\/www.tvturk.com\/wp-content\/uploads\/2019\/02\/ozel-erciyesi-sezon-basindan-bu-yana-62-ilin-nufusundan-fazla-kisi-ziyaret-etti_e2590b6.jpg?resize=150%2C84 150w, https:\/\/i0.wp.com\/www.tvturk.com\/wp-content\/uploads\/2019\/02\/ozel-erciyesi-sezon-basindan-bu-yana-62-ilin-nufusundan-fazla-kisi-ziyaret-etti_e2590b6.jpg?resize=300%2C169 300w, https:\/\/i0.wp.com\/www.tvturk.com\/wp-content\/uploads\/2019\/02\/ozel-erciyesi-sezon-basindan-bu-yana-62-ilin-nufusundan-fazla-kisi-ziyaret-etti_e2590b6.jpg?resize=768%2C432 768w, https:\/\/i0.wp.com\/www.tvturk.com\/wp-content\/uploads\/2019\/02\/ozel-erciyesi-sezon-basindan-bu-yana-62-ilin-nufusundan-fazla-kisi-ziyaret-etti_e2590b6.jpg?resize=200%2C113 200w\" width=\"195\" height=\"109\" loading=\"lazy\" data-original-width=\"195\" data-original-height=\"109\" itemprop=\"http:\/\/schema.org\/image\" title=\"(\u00d6zel) Erciyes\u2019i sezon ba\u015f\u0131ndan bu yana 62 ilin n\u00fcfusundan fazla ki\u015fi ziyaret etti\" alt=\"(\u00d6zel) Erciyes\u2019i sezon ba\u015f\u0131ndan bu yana 62 ilin n\u00fcfusundan fazla ki\u015fi ziyaret etti\" style=\"width: 195px; height: 109px;\" \/> <\/a> <\/div> <\/div> <!-- close group --> <div class=\"gallery-group images-1\" style=\"width: 301px; height: 227px;\" data-original-width=\"301\" data-original-height=\"227\" > <div class=\"tiled-gallery-item tiled-gallery-item-large\" itemprop=\"associatedMedia\" itemscope itemtype=\"http:\/\/schema.org\/ImageObject\"> <a href=\"http:\/\/www.tvturk.com\/index.php\/ozel-erciyesi-sezon-basindan-bu-yana-62-ilin-nufusundan-fazla-kisi-ziyaret-etti\/ozel-erciyesi-sezon-basindan-bu-yana-62-ilin-nufusundan-fazla-kisi-ziyaret-etti-5\/\" border=\"0\" itemprop=\"url\"> <meta itemprop=\"width\" content=\"297\"> <meta itemprop=\"height\" content=\"223\"> <img decoding=\"async\" class=\"\" data-attachment-id=\"25267\" data-orig-file=\"http:\/\/www.tvturk.com\/wp-content\/uploads\/2019\/02\/ozel-erciyesi-sezon-basindan-bu-yana-62-ilin-nufusundan-fazla-kisi-ziyaret-etti_d8a1516.jpg\" data-orig-size=\"1000,750\" data-comments-opened=\"\" data-image-meta=\"{&quot;aperture&quot;:&quot;0&quot;,&quot;credit&quot;:&quot;IHA&quot;,&quot;camera&quot;:&quot;&quot;,&quot;caption&quot;:&quot;T\\u00dcRK\\u0130YE\\u2019N\\u0130N \\u00d6NEML\\u0130 KAYAK MERKEZLER\\u0130NDEN B\\u0130R\\u0130 OLAN ERC\\u0130YES DA\\u011eI\\u2019NI, KAYAK SEZONUNUN A\\u00c7ILDI\\u011eI G\\u00dcNDEN BUG\\u00dcNE KADAR 1 M\\u0130LYON 100 B\\u0130N K\\u0130\\u015e\\u0130 Z\\u0130YARET ETT\\u0130. BU SAYI, 62 \\u0130L\\u0130N N\\u00dcFUSUNDAN FAZLA. (AL\\u0130 G\\u00d6\\u00c7\\\/KAYSER\\u0130-\\u0130HA)&quot;,&quot;created_timestamp&quot;:&quot;0&quot;,&quot;copyright&quot;:&quot;\\u0130HLAS HABER AJANSI, www.iha.com.tr&quot;,&quot;focal_length&quot;:&quot;0&quot;,&quot;iso&quot;:&quot;0&quot;,&quot;shutter_speed&quot;:&quot;0&quot;,&quot;title&quot;:&quot;(\\u00d6ZEL) ERC\\u0130YES\\u2019\\u0130 SEZON BA\\u015eINDAN BU YANA 62 \\u0130L\\u0130N N\\u00dcFUSUNDAN FAZLA K\\u0130\\u015e\\u0130 Z\\u0130YARET ETT\\u0130 ERC\\u0130YES A\\u015e Y\\u00d6NET\\u0130M KURULU BA\\u015eKANI MURAT CAH\\u0130D CINGI: \\u201cSEZON BA\\u015eINDAN \\u0130T\\u0130BAREN \\u015e\\u0130MD\\u0130YE KADAR 1 M\\u0130LYON 100 B\\u0130N K\\u0130\\u015e\\u0130 ERC\\u0130YES\\u2019\\u0130 Z\\u0130YARET ETT\\u0130\\u201d&quot;,&quot;orientation&quot;:&quot;0&quot;}\" data-image-title=\"(\u00d6zel) Erciyes\u2019i sezon ba\u015f\u0131ndan bu yana 62 ilin n\u00fcfusundan fazla ki\u015fi ziyaret etti\" data-image-description=\"&lt;p&gt;(\u00d6zel) Erciyes\u2019i sezon ba\u015f\u0131ndan bu yana 62 ilin n\u00fcfusundan fazla ki\u015fi ziyaret etti&lt;\/p&gt; \" data-medium-file=\"https:\/\/i0.wp.com\/www.tvturk.com\/wp-content\/uploads\/2019\/02\/ozel-erciyesi-sezon-basindan-bu-yana-62-ilin-nufusundan-fazla-kisi-ziyaret-etti_d8a1516.jpg?fit=300%2C225\" data-large-file=\"https:\/\/i0.wp.com\/www.tvturk.com\/wp-content\/uploads\/2019\/02\/ozel-erciyesi-sezon-basindan-bu-yana-62-ilin-nufusundan-fazla-kisi-ziyaret-etti_d8a1516.jpg?fit=1000%2C750\" src=\"https:\/\/i0.wp.com\/www.tvturk.com\/wp-content\/uploads\/2019\/02\/ozel-erciyesi-sezon-basindan-bu-yana-62-ilin-nufusundan-fazla-kisi-ziyaret-etti_d8a1516.jpg?w=297&#038;h=223\" srcset=\"https:\/\/i0.wp.com\/www.tvturk.com\/wp-content\/uploads\/2019\/02\/ozel-erciyesi-sezon-basindan-bu-yana-62-ilin-nufusundan-fazla-kisi-ziyaret-etti_d8a1516.jpg?w=1000 1000w, https:\/\/i0.wp.com\/www.tvturk.com\/wp-content\/uploads\/2019\/02\/ozel-erciyesi-sezon-basindan-bu-yana-62-ilin-nufusundan-fazla-kisi-ziyaret-etti_d8a1516.jpg?resize=150%2C113 150w, https:\/\/i0.wp.com\/www.tvturk.com\/wp-content\/uploads\/2019\/02\/ozel-erciyesi-sezon-basindan-bu-yana-62-ilin-nufusundan-fazla-kisi-ziyaret-etti_d8a1516.jpg?resize=300%2C225 300w, https:\/\/i0.wp.com\/www.tvturk.com\/wp-content\/uploads\/2019\/02\/ozel-erciyesi-sezon-basindan-bu-yana-62-ilin-nufusundan-fazla-kisi-ziyaret-etti_d8a1516.jpg?resize=768%2C576 768w\" width=\"297\" height=\"223\" loading=\"lazy\" data-original-width=\"297\" data-original-height=\"223\" itemprop=\"http:\/\/schema.org\/image\" title=\"(\u00d6zel) Erciyes\u2019i sezon ba\u015f\u0131ndan bu yana 62 ilin n\u00fcfusundan fazla ki\u015fi ziyaret etti\" alt=\"(\u00d6zel) Erciyes\u2019i sezon ba\u015f\u0131ndan bu yana 62 ilin n\u00fcfusundan fazla ki\u015fi ziyaret etti\" style=\"width: 297px; height: 223px;\" \/> <\/a> <\/div> <\/div> <!-- close group --> <\/div> <!-- close row --> <div class=\"gallery-row\" style=\"width: 500px; height: 245px;\" data-original-width=\"500\" data-original-height=\"245\" > <div class=\"gallery-group images-1\" style=\"width: 500px; height: 245px;\" data-original-width=\"500\" data-original-height=\"245\" > <div class=\"tiled-gallery-item tiled-gallery-item-large\" itemprop=\"associatedMedia\" itemscope itemtype=\"http:\/\/schema.org\/ImageObject\"> <a href=\"http:\/\/www.tvturk.com\/index.php\/ozel-erciyesi-sezon-basindan-bu-yana-62-ilin-nufusundan-fazla-kisi-ziyaret-etti\/ozel-erciyesi-sezon-basindan-bu-yana-62-ilin-nufusundan-fazla-kisi-ziyaret-etti-6\/\" border=\"0\" itemprop=\"url\"> <meta itemprop=\"width\" content=\"496\"> <meta itemprop=\"height\" content=\"241\"> <img decoding=\"async\" class=\"\" data-attachment-id=\"25268\" data-orig-file=\"http:\/\/www.tvturk.com\/wp-content\/uploads\/2019\/02\/ozel-erciyesi-sezon-basindan-bu-yana-62-ilin-nufusundan-fazla-kisi-ziyaret-etti_8bc5af6.jpg\" data-orig-size=\"1000,485\" data-comments-opened=\"\" data-image-meta=\"{&quot;aperture&quot;:&quot;0&quot;,&quot;credit&quot;:&quot;IHA&quot;,&quot;camera&quot;:&quot;&quot;,&quot;caption&quot;:&quot;T\\u00dcRK\\u0130YE\\u2019N\\u0130N \\u00d6NEML\\u0130 KAYAK MERKEZLER\\u0130NDEN B\\u0130R\\u0130 OLAN ERC\\u0130YES DA\\u011eI\\u2019NI, KAYAK SEZONUNUN A\\u00c7ILDI\\u011eI G\\u00dcNDEN BUG\\u00dcNE KADAR 1 M\\u0130LYON 100 B\\u0130N K\\u0130\\u015e\\u0130 Z\\u0130YARET ETT\\u0130. BU SAYI, 62 \\u0130L\\u0130N N\\u00dcFUSUNDAN FAZLA. (AL\\u0130 G\\u00d6\\u00c7\\\/KAYSER\\u0130-\\u0130HA)&quot;,&quot;created_timestamp&quot;:&quot;0&quot;,&quot;copyright&quot;:&quot;\\u0130HLAS HABER AJANSI, www.iha.com.tr&quot;,&quot;focal_length&quot;:&quot;0&quot;,&quot;iso&quot;:&quot;0&quot;,&quot;shutter_speed&quot;:&quot;0&quot;,&quot;title&quot;:&quot;(\\u00d6ZEL) ERC\\u0130YES\\u2019\\u0130 SEZON BA\\u015eINDAN BU YANA 62 \\u0130L\\u0130N N\\u00dcFUSUNDAN FAZLA K\\u0130\\u015e\\u0130 Z\\u0130YARET ETT\\u0130 ERC\\u0130YES A\\u015e Y\\u00d6NET\\u0130M KURULU BA\\u015eKANI MURAT CAH\\u0130D CINGI: \\u201cSEZON BA\\u015eINDAN \\u0130T\\u0130BAREN \\u015e\\u0130MD\\u0130YE KADAR 1 M\\u0130LYON 100 B\\u0130N K\\u0130\\u015e\\u0130 ERC\\u0130YES\\u2019\\u0130 Z\\u0130YARET ETT\\u0130\\u201d&quot;,&quot;orientation&quot;:&quot;0&quot;}\" data-image-title=\"(\u00d6zel) Erciyes\u2019i sezon ba\u015f\u0131ndan bu yana 62 ilin n\u00fcfusundan fazla ki\u015fi ziyaret etti\" data-image-description=\"&lt;p&gt;(\u00d6zel) Erciyes\u2019i sezon ba\u015f\u0131ndan bu yana 62 ilin n\u00fcfusundan fazla ki\u015fi ziyaret etti&lt;\/p&gt; \" data-medium-file=\"https:\/\/i0.wp.com\/www.tvturk.com\/wp-content\/uploads\/2019\/02\/ozel-erciyesi-sezon-basindan-bu-yana-62-ilin-nufusundan-fazla-kisi-ziyaret-etti_8bc5af6.jpg?fit=300%2C146\" data-large-file=\"https:\/\/i0.wp.com\/www.tvturk.com\/wp-content\/uploads\/2019\/02\/ozel-erciyesi-sezon-basindan-bu-yana-62-ilin-nufusundan-fazla-kisi-ziyaret-etti_8bc5af6.jpg?fit=1000%2C485\" src=\"https:\/\/i0.wp.com\/www.tvturk.com\/wp-content\/uploads\/2019\/02\/ozel-erciyesi-sezon-basindan-bu-yana-62-ilin-nufusundan-fazla-kisi-ziyaret-etti_8bc5af6.jpg?w=496&#038;h=241\" srcset=\"https:\/\/i0.wp.com\/www.tvturk.com\/wp-content\/uploads\/2019\/02\/ozel-erciyesi-sezon-basindan-bu-yana-62-ilin-nufusundan-fazla-kisi-ziyaret-etti_8bc5af6.jpg?w=1000 1000w, https:\/\/i0.wp.com\/www.tvturk.com\/wp-content\/uploads\/2019\/02\/ozel-erciyesi-sezon-basindan-bu-yana-62-ilin-nufusundan-fazla-kisi-ziyaret-etti_8bc5af6.jpg?resize=150%2C73 150w, https:\/\/i0.wp.com\/www.tvturk.com\/wp-content\/uploads\/2019\/02\/ozel-erciyesi-sezon-basindan-bu-yana-62-ilin-nufusundan-fazla-kisi-ziyaret-etti_8bc5af6.jpg?resize=300%2C146 300w, https:\/\/i0.wp.com\/www.tvturk.com\/wp-content\/uploads\/2019\/02\/ozel-erciyesi-sezon-basindan-bu-yana-62-ilin-nufusundan-fazla-kisi-ziyaret-etti_8bc5af6.jpg?resize=768%2C372 768w\" width=\"496\" height=\"241\" loading=\"lazy\" data-original-width=\"496\" data-original-height=\"241\" itemprop=\"http:\/\/schema.org\/image\" title=\"(\u00d6zel) Erciyes\u2019i sezon ba\u015f\u0131ndan bu yana 62 ilin n\u00fcfusundan fazla ki\u015fi ziyaret etti\" alt=\"(\u00d6zel) Erciyes\u2019i sezon ba\u015f\u0131ndan bu yana 62 ilin n\u00fcfusundan fazla ki\u015fi ziyaret etti\" style=\"width: 496px; height: 241px;\" \/> <\/a> <\/div> <\/div> <!-- close group --> <\/div> <!-- close row --> <div class=\"gallery-row\" style=\"width: 500px; height: 142px;\" data-original-width=\"500\" data-original-height=\"142\" > <div class=\"gallery-group images-1\" style=\"width: 250px; height: 142px;\" data-original-width=\"250\" data-original-height=\"142\" > <div class=\"tiled-gallery-item tiled-gallery-item-small\" itemprop=\"associatedMedia\" itemscope itemtype=\"http:\/\/schema.org\/ImageObject\"> <a href=\"http:\/\/www.tvturk.com\/index.php\/ozel-erciyesi-sezon-basindan-bu-yana-62-ilin-nufusundan-fazla-kisi-ziyaret-etti\/ozel-erciyesi-sezon-basindan-bu-yana-62-ilin-nufusundan-fazla-kisi-ziyaret-etti-7\/\" border=\"0\" itemprop=\"url\"> <meta itemprop=\"width\" content=\"246\"> <meta itemprop=\"height\" content=\"138\"> <img decoding=\"async\" class=\"\" data-attachment-id=\"25269\" data-orig-file=\"http:\/\/www.tvturk.com\/wp-content\/uploads\/2019\/02\/ozel-erciyesi-sezon-basindan-bu-yana-62-ilin-nufusundan-fazla-kisi-ziyaret-etti_fe13a5d.jpg\" data-orig-size=\"1000,562\" data-comments-opened=\"\" data-image-meta=\"{&quot;aperture&quot;:&quot;0&quot;,&quot;credit&quot;:&quot;IHA&quot;,&quot;camera&quot;:&quot;&quot;,&quot;caption&quot;:&quot;T\\u00dcRK\\u0130YE\\u2019N\\u0130N \\u00d6NEML\\u0130 KAYAK MERKEZLER\\u0130NDEN B\\u0130R\\u0130 OLAN ERC\\u0130YES DA\\u011eI\\u2019NI, KAYAK SEZONUNUN A\\u00c7ILDI\\u011eI G\\u00dcNDEN BUG\\u00dcNE KADAR 1 M\\u0130LYON 100 B\\u0130N K\\u0130\\u015e\\u0130 Z\\u0130YARET ETT\\u0130. BU SAYI, 62 \\u0130L\\u0130N N\\u00dcFUSUNDAN FAZLA. (AL\\u0130 G\\u00d6\\u00c7\\\/KAYSER\\u0130-\\u0130HA)&quot;,&quot;created_timestamp&quot;:&quot;0&quot;,&quot;copyright&quot;:&quot;\\u0130HLAS HABER AJANSI, www.iha.com.tr&quot;,&quot;focal_length&quot;:&quot;0&quot;,&quot;iso&quot;:&quot;0&quot;,&quot;shutter_speed&quot;:&quot;0&quot;,&quot;title&quot;:&quot;(\\u00d6ZEL) ERC\\u0130YES\\u2019\\u0130 SEZON BA\\u015eINDAN BU YANA 62 \\u0130L\\u0130N N\\u00dcFUSUNDAN FAZLA K\\u0130\\u015e\\u0130 Z\\u0130YARET ETT\\u0130 ERC\\u0130YES A\\u015e Y\\u00d6NET\\u0130M KURULU BA\\u015eKANI MURAT CAH\\u0130D CINGI: \\u201cSEZON BA\\u015eINDAN \\u0130T\\u0130BAREN \\u015e\\u0130MD\\u0130YE KADAR 1 M\\u0130LYON 100 B\\u0130N K\\u0130\\u015e\\u0130 ERC\\u0130YES\\u2019\\u0130 Z\\u0130YARET ETT\\u0130\\u201d&quot;,&quot;orientation&quot;:&quot;0&quot;}\" data-image-title=\"(\u00d6zel) Erciyes\u2019i sezon ba\u015f\u0131ndan bu yana 62 ilin n\u00fcfusundan fazla ki\u015fi ziyaret etti\" data-image-description=\"&lt;p&gt;(\u00d6zel) Erciyes\u2019i sezon ba\u015f\u0131ndan bu yana 62 ilin n\u00fcfusundan fazla ki\u015fi ziyaret etti&lt;\/p&gt; \" data-medium-file=\"https:\/\/i0.wp.com\/www.tvturk.com\/wp-content\/uploads\/2019\/02\/ozel-erciyesi-sezon-basindan-bu-yana-62-ilin-nufusundan-fazla-kisi-ziyaret-etti_fe13a5d.jpg?fit=300%2C169\" data-large-file=\"https:\/\/i0.wp.com\/www.tvturk.com\/wp-content\/uploads\/2019\/02\/ozel-erciyesi-sezon-basindan-bu-yana-62-ilin-nufusundan-fazla-kisi-ziyaret-etti_fe13a5d.jpg?fit=1000%2C562\" src=\"https:\/\/i0.wp.com\/www.tvturk.com\/wp-content\/uploads\/2019\/02\/ozel-erciyesi-sezon-basindan-bu-yana-62-ilin-nufusundan-fazla-kisi-ziyaret-etti_fe13a5d.jpg?w=246&#038;h=138\" srcset=\"https:\/\/i0.wp.com\/www.tvturk.com\/wp-content\/uploads\/2019\/02\/ozel-erciyesi-sezon-basindan-bu-yana-62-ilin-nufusundan-fazla-kisi-ziyaret-etti_fe13a5d.jpg?w=1000 1000w, https:\/\/i0.wp.com\/www.tvturk.com\/wp-content\/uploads\/2019\/02\/ozel-erciyesi-sezon-basindan-bu-yana-62-ilin-nufusundan-fazla-kisi-ziyaret-etti_fe13a5d.jpg?resize=150%2C84 150w, https:\/\/i0.wp.com\/www.tvturk.com\/wp-content\/uploads\/2019\/02\/ozel-erciyesi-sezon-basindan-bu-yana-62-ilin-nufusundan-fazla-kisi-ziyaret-etti_fe13a5d.jpg?resize=300%2C169 300w, https:\/\/i0.wp.com\/www.tvturk.com\/wp-content\/uploads\/2019\/02\/ozel-erciyesi-sezon-basindan-bu-yana-62-ilin-nufusundan-fazla-kisi-ziyaret-etti_fe13a5d.jpg?resize=768%2C432 768w, https:\/\/i0.wp.com\/www.tvturk.com\/wp-content\/uploads\/2019\/02\/ozel-erciyesi-sezon-basindan-bu-yana-62-ilin-nufusundan-fazla-kisi-ziyaret-etti_fe13a5d.jpg?resize=200%2C113 200w\" width=\"246\" height=\"138\" loading=\"lazy\" data-original-width=\"246\" data-original-height=\"138\" itemprop=\"http:\/\/schema.org\/image\" title=\"(\u00d6zel) Erciyes\u2019i sezon ba\u015f\u0131ndan bu yana 62 ilin n\u00fcfusundan fazla ki\u015fi ziyaret etti\" alt=\"(\u00d6zel) Erciyes\u2019i sezon ba\u015f\u0131ndan bu yana 62 ilin n\u00fcfusundan fazla ki\u015fi ziyaret etti\" style=\"width: 246px; height: 138px;\" \/> <\/a> <\/div> <\/div> <!-- close group --> <div class=\"gallery-group images-1\" style=\"width: 250px; height: 142px;\" data-original-width=\"250\" data-original-height=\"142\" > <div class=\"tiled-gallery-item tiled-gallery-item-small\" itemprop=\"associatedMedia\" itemscope itemtype=\"http:\/\/schema.org\/ImageObject\"> <a href=\"http:\/\/www.tvturk.com\/index.php\/ozel-erciyesi-sezon-basindan-bu-yana-62-ilin-nufusundan-fazla-kisi-ziyaret-etti\/ozel-erciyesi-sezon-basindan-bu-yana-62-ilin-nufusundan-fazla-kisi-ziyaret-etti-8\/\" border=\"0\" itemprop=\"url\"> <meta itemprop=\"width\" content=\"246\"> <meta itemprop=\"height\" content=\"138\"> <img decoding=\"async\" class=\"\" data-attachment-id=\"25270\" data-orig-file=\"http:\/\/www.tvturk.com\/wp-content\/uploads\/2019\/02\/ozel-erciyesi-sezon-basindan-bu-yana-62-ilin-nufusundan-fazla-kisi-ziyaret-etti_ed9fc22.jpg\" data-orig-size=\"1000,562\" data-comments-opened=\"\" data-image-meta=\"{&quot;aperture&quot;:&quot;0&quot;,&quot;credit&quot;:&quot;IHA&quot;,&quot;camera&quot;:&quot;&quot;,&quot;caption&quot;:&quot;T\\u00dcRK\\u0130YE\\u2019N\\u0130N \\u00d6NEML\\u0130 KAYAK MERKEZLER\\u0130NDEN B\\u0130R\\u0130 OLAN ERC\\u0130YES DA\\u011eI\\u2019NI, KAYAK SEZONUNUN A\\u00c7ILDI\\u011eI G\\u00dcNDEN BUG\\u00dcNE KADAR 1 M\\u0130LYON 100 B\\u0130N K\\u0130\\u015e\\u0130 Z\\u0130YARET ETT\\u0130. BU SAYI, 62 \\u0130L\\u0130N N\\u00dcFUSUNDAN FAZLA. (AL\\u0130 G\\u00d6\\u00c7\\\/KAYSER\\u0130-\\u0130HA)&quot;,&quot;created_timestamp&quot;:&quot;0&quot;,&quot;copyright&quot;:&quot;\\u0130HLAS HABER AJANSI, www.iha.com.tr&quot;,&quot;focal_length&quot;:&quot;0&quot;,&quot;iso&quot;:&quot;0&quot;,&quot;shutter_speed&quot;:&quot;0&quot;,&quot;title&quot;:&quot;(\\u00d6ZEL) ERC\\u0130YES\\u2019\\u0130 SEZON BA\\u015eINDAN BU YANA 62 \\u0130L\\u0130N N\\u00dcFUSUNDAN FAZLA K\\u0130\\u015e\\u0130 Z\\u0130YARET ETT\\u0130 ERC\\u0130YES A\\u015e Y\\u00d6NET\\u0130M KURULU BA\\u015eKANI MURAT CAH\\u0130D CINGI: \\u201cSEZON BA\\u015eINDAN \\u0130T\\u0130BAREN \\u015e\\u0130MD\\u0130YE KADAR 1 M\\u0130LYON 100 B\\u0130N K\\u0130\\u015e\\u0130 ERC\\u0130YES\\u2019\\u0130 Z\\u0130YARET ETT\\u0130\\u201d&quot;,&quot;orientation&quot;:&quot;0&quot;}\" data-image-title=\"(\u00d6zel) Erciyes\u2019i sezon ba\u015f\u0131ndan bu yana 62 ilin n\u00fcfusundan fazla ki\u015fi ziyaret etti\" data-image-description=\"&lt;p&gt;(\u00d6zel) Erciyes\u2019i sezon ba\u015f\u0131ndan bu yana 62 ilin n\u00fcfusundan fazla ki\u015fi ziyaret etti&lt;\/p&gt; \" data-medium-file=\"https:\/\/i0.wp.com\/www.tvturk.com\/wp-content\/uploads\/2019\/02\/ozel-erciyesi-sezon-basindan-bu-yana-62-ilin-nufusundan-fazla-kisi-ziyaret-etti_ed9fc22.jpg?fit=300%2C169\" data-large-file=\"https:\/\/i0.wp.com\/www.tvturk.com\/wp-content\/uploads\/2019\/02\/ozel-erciyesi-sezon-basindan-bu-yana-62-ilin-nufusundan-fazla-kisi-ziyaret-etti_ed9fc22.jpg?fit=1000%2C562\" src=\"https:\/\/i0.wp.com\/www.tvturk.com\/wp-content\/uploads\/2019\/02\/ozel-erciyesi-sezon-basindan-bu-yana-62-ilin-nufusundan-fazla-kisi-ziyaret-etti_ed9fc22.jpg?w=246&#038;h=138\" srcset=\"https:\/\/i0.wp.com\/www.tvturk.com\/wp-content\/uploads\/2019\/02\/ozel-erciyesi-sezon-basindan-bu-yana-62-ilin-nufusundan-fazla-kisi-ziyaret-etti_ed9fc22.jpg?w=1000 1000w, https:\/\/i0.wp.com\/www.tvturk.com\/wp-content\/uploads\/2019\/02\/ozel-erciyesi-sezon-basindan-bu-yana-62-ilin-nufusundan-fazla-kisi-ziyaret-etti_ed9fc22.jpg?resize=150%2C84 150w, https:\/\/i0.wp.com\/www.tvturk.com\/wp-content\/uploads\/2019\/02\/ozel-erciyesi-sezon-basindan-bu-yana-62-ilin-nufusundan-fazla-kisi-ziyaret-etti_ed9fc22.jpg?resize=300%2C169 300w, https:\/\/i0.wp.com\/www.tvturk.com\/wp-content\/uploads\/2019\/02\/ozel-erciyesi-sezon-basindan-bu-yana-62-ilin-nufusundan-fazla-kisi-ziyaret-etti_ed9fc22.jpg?resize=768%2C432 768w, https:\/\/i0.wp.com\/www.tvturk.com\/wp-content\/uploads\/2019\/02\/ozel-erciyesi-sezon-basindan-bu-yana-62-ilin-nufusundan-fazla-kisi-ziyaret-etti_ed9fc22.jpg?resize=200%2C113 200w\" width=\"246\" height=\"138\" loading=\"lazy\" data-original-width=\"246\" data-original-height=\"138\" itemprop=\"http:\/\/schema.org\/image\" title=\"(\u00d6zel) Erciyes\u2019i sezon ba\u015f\u0131ndan bu yana 62 ilin n\u00fcfusundan fazla ki\u015fi ziyaret etti\" alt=\"(\u00d6zel) Erciyes\u2019i sezon ba\u015f\u0131ndan bu yana 62 ilin n\u00fcfusundan fazla ki\u015fi ziyaret etti\" style=\"width: 246px; height: 138px;\" \/> <\/a> <\/div> <\/div> <!-- close group --> <\/div> <!-- close row --> <\/div><\/p>\n","protected":false},"excerpt":{"rendered":"<p>T\u00dcRK\u0130YE\u2019N\u0130N \u00d6NEML\u0130 KAYAK MERKEZLER\u0130NDEN B\u0130R\u0130 OLAN ERC\u0130YES DA\u011eI\u2019NI, KAYAK SEZONUNUN A\u00c7ILDI\u011eI G\u00dcNDEN BUG\u00dcNE KADAR 1 M\u0130LYON 100 B\u0130N K\u0130\u015e\u0130 Z\u0130YARET ETT\u0130. BU SAYI, 62 \u0130L\u0130N N\u00dcFUSUNDAN FAZLA.<\/p>\n","protected":false},"author":1,"featured_media":25264,"comment_status":"closed","ping_status":"open","sticky":false,"template":"","format":"standard","meta":{"jetpack_post_was_ever_published":false,"_jetpack_newsletter_access":"","_jetpack_dont_email_post_to_subs":false,"_jetpack_newsletter_tier_id":0,"_jetpack_memberships_contains_paywalled_content":false,"_jetpack_memberships_contains_paid_content":false,"footnotes":"","jetpack_publicize_message":"","jetpack_publicize_feature_enabled":true,"jetpack_social_post_already_shared":false,"jetpack_social_options":{"image_generator_settings":{"template":"highway","default_image_id":0,"font":"","enabled":false},"version":2}},"categories":[655],"tags":[1073,5365,10517,207,2142,4297,1012,4298,4954,10518,150],"class_list":["post-25263","post","type-post","status-publish","format-standard","has-post-thumbnail","hentry","category-son-dakika","tag-ozel","tag-basindan","tag-erciyesi","tag-etti","tag-fazla","tag-ilin","tag-kisi","tag-nufusundan","tag-sezon","tag-yana","tag-ziyaret"],"jetpack_publicize_connections":[],"jetpack_featured_media_url":"https:\/\/i0.wp.com\/www.tvturk.com\/wp-content\/uploads\/2019\/02\/ozel-erciyesi-sezon-basindan-bu-yana-62-ilin-nufusundan-fazla-kisi-ziyaret-etti_ee6f2c3.jpg?fit=1000%2C387","jetpack_sharing_enabled":true,"jetpack_shortlink":"https:\/\/wp.me\/paKIfm-6zt","_links":{"self":[{"href":"http:\/\/www.tvturk.com\/index.php\/wp-json\/wp\/v2\/posts\/25263","targetHints":{"allow":["GET"]}}],"collection":[{"href":"http:\/\/www.tvturk.com\/index.php\/wp-json\/wp\/v2\/posts"}],"about":[{"href":"http:\/\/www.tvturk.com\/index.php\/wp-json\/wp\/v2\/types\/post"}],"author":[{"embeddable":true,"href":"http:\/\/www.tvturk.com\/index.php\/wp-json\/wp\/v2\/users\/1"}],"replies":[{"embeddable":true,"href":"http:\/\/www.tvturk.com\/index.php\/wp-json\/wp\/v2\/comments?post=25263"}],"version-history":[{"count":1,"href":"http:\/\/www.tvturk.com\/index.php\/wp-json\/wp\/v2\/posts\/25263\/revisions"}],"predecessor-version":[{"id":25271,"href":"http:\/\/www.tvturk.com\/index.php\/wp-json\/wp\/v2\/posts\/25263\/revisions\/25271"}],"wp:featuredmedia":[{"embeddable":true,"href":"http:\/\/www.tvturk.com\/index.php\/wp-json\/wp\/v2\/media\/25264"}],"wp:attachment":[{"href":"http:\/\/www.tvturk.com\/index.php\/wp-json\/wp\/v2\/media?parent=25263"}],"wp:term":[{"taxonomy":"category","embeddable":true,"href":"http:\/\/www.tvturk.com\/index.php\/wp-json\/wp\/v2\/categories?post=25263"},{"taxonomy":"post_tag","embeddable":true,"href":"http:\/\/www.tvturk.com\/index.php\/wp-json\/wp\/v2\/tags?post=25263"}],"curies":[{"name":"wp","href":"https:\/\/api.w.org\/{rel}","templated":true}]}}