{"id":252646,"date":"2020-01-07T12:01:49","date_gmt":"2020-01-07T09:01:49","guid":{"rendered":"http:\/\/www.tvturk.com\/index.php\/arkas-lojistikte-ust-duzey-atama\/"},"modified":"2020-01-07T12:01:49","modified_gmt":"2020-01-07T09:01:49","slug":"arkas-lojistikte-ust-duzey-atama","status":"publish","type":"post","link":"http:\/\/www.tvturk.com\/index.php\/arkas-lojistikte-ust-duzey-atama\/","title":{"rendered":"Arkas Lojistik\u2019te \u00fcst d\u00fczey atama"},"content":{"rendered":"<p>Arkas Lojistik, organizasyonel yap\u0131s\u0131nda yeni yap\u0131land\u0131rmaya giderek y\u00f6netim kadrosunu g\u00fc\u00e7lendirdi.<\/p>\n<p>2017 y\u0131l\u0131ndan beri Arkas Lojistik Genel M\u00fcd\u00fcrl\u00fc\u011f\u00fc g\u00f6revini y\u00fcr\u00fcten Onur G\u00f6\u00e7mez, yeni d\u00f6nemde Arkas Lojistik \u0130cra Kurulu Ba\u015fkan\u0131 (CEO) olarak g\u00f6revini s\u00fcrd\u00fcrecek.<\/p>\n<p>Organizyonel yap\u0131da yap\u0131lan de\u011fi\u015fiklikle Serhat Kurtulu\u015f Genel M\u00fcd\u00fcr (Yurti\u00e7i \u015fubelerden sorumlu), Arif Der Y\u00f6netici Direkt\u00f6r (Yurtd\u0131\u015f\u0131 \u015fubelerden sorumlu) olarak g\u00f6rev yapacak.<\/p>\n<p>Onur G\u00f6\u00e7mez kimdir ?<\/p>\n<p>2000 y\u0131l\u0131nda \u0130stanbul \u00dcniversitesi \u0130ktisat Fak\u00fcltesi Kamu Y\u00f6netimi B\u00f6l\u00fcm\u00fcnden mezun olan Onur G\u00f6\u00e7mez, i\u015f hayat\u0131na 1999 y\u0131l\u0131nda \u00e7a\u011fr\u0131 merkezi ve m\u00fc\u015fteri hizmetleri sekt\u00f6r\u00fcnde ba\u015flad\u0131.<\/p>\n<p>Lojistik ve nakliye sekt\u00f6r\u00fcnde 2003 y\u0131l\u0131ndan itibaren s\u0131ras\u0131yla Yurti\u00e7i Kargo Servisi A.\u015e Tefti\u015f Kurulu Ba\u015fkanl\u0131\u011f\u0131nda M\u00fcfetti\u015f olarak, CEVA Lojistik A.\u015e\u2019de \u0130stanbul B\u00f6lge M\u00fcd\u00fcr\u00fc olarak devam eden G\u00f6\u00e7mez, 2012\u2019de Arkas Lojistik A.\u015e\u2019de g\u00f6reve ba\u015flad\u0131.<\/p>\n<p>Arkas Lojistik A.\u015e\u2019de Operasyon M\u00fcd\u00fcr\u00fc, Filo Y\u00f6netim M\u00fcd\u00fcr\u00fc, \u0130stanbul B\u00f6lge M\u00fcd\u00fcr\u00fc g\u00f6revlerinde bulunan G\u00f6\u00e7mez, 2014 y\u0131l\u0131nda  Arkas Lojistik Ula\u015ft\u0131rma Hizmetleri T\u00fcrkiye M\u00fcd\u00fcrl\u00fc\u011f\u00fc g\u00f6revine atanarak tecr\u00fcbesiyle gruba \u00e7ok \u00f6nemli katk\u0131lar sa\u011flam\u0131\u015f ve 2015 y\u0131l\u0131nda Genel M\u00fcd\u00fcr Yard\u0131mc\u0131l\u0131\u011f\u0131na atanm\u0131\u015ft\u0131. Onur G\u00f6\u00e7mez Arkas Lojistik grubunun insan kaynaklar\u0131, g\u00fcvenlik ve idari i\u015fler fonksiyonlar\u0131n\u0131n strateji ve icras\u0131ndan sorumlu olarak \u00e7al\u0131\u015fmalar\u0131na devam ederken, Nisan 2017\u2019de Arkas Lojistik A.\u015e. Genel M\u00fcd\u00fcr\u00fc olmu\u015ftu. Onur G\u00f6\u00e7mez 2019 Ocak itibar\u0131yla Arkas Lojistik, \u0130cra Kurulu Ba\u015fkan\u0131 (CEO)  olarak g\u00f6revini s\u00fcrd\u00fcrecek. G\u00f6\u00e7mez evli ve 3 \u00e7ocuk babas\u0131d\u0131r.<\/p>\n","protected":false},"excerpt":{"rendered":"<p>ONUR G\u00d6\u00c7MEZ<\/p>\n","protected":false},"author":1,"featured_media":252647,"comment_status":"closed","ping_status":"open","sticky":false,"template":"","format":"standard","meta":{"jetpack_post_was_ever_published":false,"_jetpack_newsletter_access":"","_jetpack_dont_email_post_to_subs":false,"_jetpack_newsletter_tier_id":0,"_jetpack_memberships_contains_paywalled_content":false,"_jetpack_memberships_contains_paid_content":false,"footnotes":"","jetpack_publicize_message":"","jetpack_publicize_feature_enabled":true,"jetpack_social_post_already_shared":true,"jetpack_social_options":{"image_generator_settings":{"template":"highway","default_image_id":0,"font":"","enabled":false},"version":2}},"categories":[19],"tags":[20181,33704,2539,9135,2320],"class_list":["post-252646","post","type-post","status-publish","format-standard","has-post-thumbnail","hentry","category-ekonomi","tag-lojistikte","tag-arkas","tag-atama","tag-duzey","tag-ust"],"jetpack_publicize_connections":[],"jetpack_featured_media_url":"https:\/\/i0.wp.com\/www.tvturk.com\/wp-content\/uploads\/2020\/01\/arkas-lojistikte-ust-duzey-atama_2f10e08.jpg?fit=1000%2C666","jetpack_sharing_enabled":true,"jetpack_shortlink":"https:\/\/wp.me\/paKIfm-13IW","_links":{"self":[{"href":"http:\/\/www.tvturk.com\/index.php\/wp-json\/wp\/v2\/posts\/252646","targetHints":{"allow":["GET"]}}],"collection":[{"href":"http:\/\/www.tvturk.com\/index.php\/wp-json\/wp\/v2\/posts"}],"about":[{"href":"http:\/\/www.tvturk.com\/index.php\/wp-json\/wp\/v2\/types\/post"}],"author":[{"embeddable":true,"href":"http:\/\/www.tvturk.com\/index.php\/wp-json\/wp\/v2\/users\/1"}],"replies":[{"embeddable":true,"href":"http:\/\/www.tvturk.com\/index.php\/wp-json\/wp\/v2\/comments?post=252646"}],"version-history":[{"count":0,"href":"http:\/\/www.tvturk.com\/index.php\/wp-json\/wp\/v2\/posts\/252646\/revisions"}],"wp:featuredmedia":[{"embeddable":true,"href":"http:\/\/www.tvturk.com\/index.php\/wp-json\/wp\/v2\/media\/252647"}],"wp:attachment":[{"href":"http:\/\/www.tvturk.com\/index.php\/wp-json\/wp\/v2\/media?parent=252646"}],"wp:term":[{"taxonomy":"category","embeddable":true,"href":"http:\/\/www.tvturk.com\/index.php\/wp-json\/wp\/v2\/categories?post=252646"},{"taxonomy":"post_tag","embeddable":true,"href":"http:\/\/www.tvturk.com\/index.php\/wp-json\/wp\/v2\/tags?post=252646"}],"curies":[{"name":"wp","href":"https:\/\/api.w.org\/{rel}","templated":true}]}}