{"id":252704,"date":"2020-01-07T13:02:50","date_gmt":"2020-01-07T10:02:50","guid":{"rendered":"http:\/\/www.tvturk.com\/index.php\/trabzonsporda-transferde-titiz-davraniyor\/"},"modified":"2020-01-07T13:02:50","modified_gmt":"2020-01-07T10:02:50","slug":"trabzonsporda-transferde-titiz-davraniyor","status":"publish","type":"post","link":"http:\/\/www.tvturk.com\/index.php\/trabzonsporda-transferde-titiz-davraniyor\/","title":{"rendered":"Trabzonspor\u2019da transferde titiz davran\u0131yor"},"content":{"rendered":"<p>Devre aras\u0131nda eksiklerini gidermek i\u00e7in \u00e7al\u0131\u015fmalar\u0131n\u0131 s\u00fcrd\u00fcren Trabzonspor, Badou Ndiaye transferiyle kadrosundaki yabanc\u0131 oyuncu say\u0131s\u0131n\u0131 14\u2019e y\u00fckseltmi\u015fti. Bordo-mavililer muhtemel yeni transfer i\u00e7in kadroda yer a\u00e7maya \u00e7al\u0131\u015f\u0131yor.<\/p>\n<p>S\u00fcper Lig\u2019in ilk devresini 32 puanla tamamlayarak zirve yar\u0131\u015f\u0131nda iddial\u0131 tak\u0131mlar aras\u0131nda yer alan Trabzonspor, eksiklerini gidermek i\u00e7in \u00e7al\u0131\u015fmalar\u0131n\u0131 s\u00fcrd\u00fcr\u00fcrken, kadroya yap\u0131lmas\u0131 planlanan takviyeler i\u00e7inde titiz bir \u00e7al\u0131\u015fma y\u00fcr\u00fct\u00fcyor. Bu konuda olduk\u00e7a rahat olan bordo-mavililerde yeni teknik patronu H\u00fcseyin \u00c7im\u015fir, ellerinde iyi bir kadro bulundu\u011funu y\u00f6netime iletti. Mevcut kadroda yer alan oyunculardan en iyi verimi almaya \u00e7al\u0131\u015faca\u011f\u0131n\u0131 ve devre aras\u0131nda transfer yapmak i\u00e7in de\u011fil, ger\u00e7ekten verimli olaca\u011f\u0131na inand\u0131\u011f\u0131m\u0131z ismi kadroya dahil etmeleri gerekti\u011fini Ba\u015fkan Ahmet A\u011fao\u011flu\u2019na ve y\u00f6netime ileten gen\u00e7 teknik adam bu konuda g\u00fcven verdi.<\/p>\n<p>Kadroda 14 yabanc\u0131 bulunuyor<\/p>\n<p>Trabzonspor\u2019un mevcut kadrosunda 14 yabanc\u0131 oyuncu bulunuyor. Bu \u015fartlarda yabanc\u0131 transferi ger\u00e7ekle\u015ftirmesi  imkans\u0131z olan bordo-mavililer yabanc\u0131 kontenjan\u0131ndan yararlanabilmesi i\u00e7in kadroda yer a\u00e7mas\u0131 gerekiyor. Kadrosunda Sturridge, Ekuban, S\u00f6rloth, Nwakaeme, Ndiaye, Onazi, Obi Mikel, Sosa, Fernandes, Campi, Hosseini, Novak, Pereira ve Avdijaj olmak \u00fczere 14 yabanc\u0131 oyuncu bulunduran bordo-mavililer, ilk planda Donis Avdijaj\u2019\u0131 tak\u0131mdan g\u00f6ndermeyi planl\u0131yor. Sezon sonu s\u00f6zle\u015fmesi bitecek olan Onazi\u2019nin ayr\u0131l\u0131ktan dolay\u0131 \u00f6deme yapmay\u0131 d\u00fc\u015f\u00fcnmeyen bordo-mavili kul\u00fcp oyuncunun tak\u0131m bulmas\u0131 halinde gidi\u015fine izin verilecek.<\/p>\n<p>Ba\u015fkan Talisca transferinde kap\u0131y\u0131 kapatt\u0131<\/p>\n<p>Trabzonspor Kul\u00fcp Ba\u015fkan\u0131 Ahmet A\u011fao\u011flu, Be\u015fikta\u015f\u2019\u0131n eski futbolcusu Talisca\u2019n\u0131n transfer iddialar\u0131yla ilgili olarak ise son noktay\u0131 koydu. Oyuncunun y\u00fcksek maliyetleri nedeniyle bu transfere hi\u00e7 bakmad\u0131klar\u0131n\u0131 dile getiren A\u011fao\u011flu, acil ihtiyac\u0131m\u0131z ve kul\u00fcp menfaatlerinin \u00f6n planda olaca\u011f\u0131 bir transfer i\u00e7in \u00e7aba sarf edebileceklerini vurgulad\u0131.<\/p>\n<p>A\u011fao\u011flu\u2019ndan \u00c7im\u015fir\u2019e g\u00fcven<\/p>\n<p>Trabzonspor\u2019un Antalya kamp\u0131 i\u00e7in tak\u0131mla birlikte Antalya\u2019da bulunan ba\u015fkan Ahmet A\u011fao\u011flu tak\u0131m\u0131n\u0131 yaln\u0131z b\u0131rakm\u0131yor. Teknik heyet ve oyuncularla yak\u0131ndan ilgilenen A\u011fao\u011flu, H\u00fcseyin \u00c7im\u015fir\u2019e olan g\u00fcvenini her f\u0131rsatta dile getiriyor. Ya\u015fad\u0131klar\u0131 s\u00fcrecin normal olmad\u0131\u011f\u0131n\u0131 belirten ba\u015fkan Ahmet A\u011fao\u011flu, &#8220;Ya\u015fanan s\u00fcreci herkes g\u00f6rd\u00fc. Normal \u015feyler ya\u015famad\u0131k ama bunlar\u0131 art\u0131k konu\u015fman\u0131n da \u00e7ok anlam\u0131 yok. Trabzonspor \u015fu anda H\u00fcseyin \u00c7im\u015fir ile yoluna devam ediyor. Oyuncular\u0131m\u0131za ve hocam\u0131za g\u00fcveniyoruz. Uzun zamand\u0131r H\u00fcseyin hoca bizimle, kadroyu ve yap\u0131y\u0131 \u00e7ok iyi tan\u0131yor. Her \u015fey kald\u0131\u011f\u0131 yerden devam ediyor&#8221; dedi.<\/p>\n<p>\u0130lk haz\u0131rl\u0131k ma\u00e7\u0131 yar\u0131n<\/p>\n<p>Trabzonspor Antalya kamp\u0131ndan ilk haz\u0131rl\u0131k kar\u015f\u0131la\u015fmas\u0131n\u0131 yar\u0131n saat 14:30\u2019da Bursaspor ile yapacak. M\u00fcsabakan\u0131n oynanaca\u011f\u0131 sahan\u0131n trib\u00fcn kapasitesi ve fiziki \u015fartlar\u0131 nedeniyle seyirci al\u0131m\u0131 yap\u0131lmayaca\u011f\u0131 bildirildi.<\/p>\n","protected":false},"excerpt":{"rendered":"<p>TRABZONSPOR&#8217;UN ANTALYA KAMPI \u0130\u00c7\u0130N TAKIMLA B\u0130RL\u0130KTE ANTALYA&#8217;DA BULUNAN BA\u015eKAN AHMET A\u011eAO\u011eLU TAKIMINI YALNIZ BIRAKMIYOR. TEKN\u0130K HEYET VE OYUNCULARLA YAKINDAN \u0130LG\u0130LENEN A\u011eAO\u011eLU, H\u00dcSEY\u0130N \u00c7\u0130M\u015e\u0130R&#8217;E OLAN G\u00dcVEN\u0130N\u0130 HER FIRSATTA D\u0130LE GET\u0130R\u0130YOR.<\/p>\n","protected":false},"author":1,"featured_media":252705,"comment_status":"closed","ping_status":"open","sticky":false,"template":"","format":"standard","meta":{"jetpack_post_was_ever_published":false,"_jetpack_newsletter_access":"","_jetpack_dont_email_post_to_subs":false,"_jetpack_newsletter_tier_id":0,"_jetpack_memberships_contains_paywalled_content":false,"_jetpack_memberships_contains_paid_content":false,"footnotes":"","jetpack_publicize_message":"","jetpack_publicize_feature_enabled":true,"jetpack_social_post_already_shared":true,"jetpack_social_options":{"image_generator_settings":{"template":"highway","default_image_id":0,"font":"","enabled":false},"version":2}},"categories":[657],"tags":[62548,20880,16159,40050],"class_list":["post-252704","post","type-post","status-publish","format-standard","has-post-thumbnail","hentry","category-spor","tag-davraniyor","tag-titiz","tag-trabzonsporda","tag-transferde"],"jetpack_publicize_connections":[],"jetpack_featured_media_url":"https:\/\/i0.wp.com\/www.tvturk.com\/wp-content\/uploads\/2020\/01\/trabzonsporda-transferde-titiz-davraniyor_37b18c5.jpg?fit=1000%2C700","jetpack_sharing_enabled":true,"jetpack_shortlink":"https:\/\/wp.me\/paKIfm-13JS","_links":{"self":[{"href":"http:\/\/www.tvturk.com\/index.php\/wp-json\/wp\/v2\/posts\/252704","targetHints":{"allow":["GET"]}}],"collection":[{"href":"http:\/\/www.tvturk.com\/index.php\/wp-json\/wp\/v2\/posts"}],"about":[{"href":"http:\/\/www.tvturk.com\/index.php\/wp-json\/wp\/v2\/types\/post"}],"author":[{"embeddable":true,"href":"http:\/\/www.tvturk.com\/index.php\/wp-json\/wp\/v2\/users\/1"}],"replies":[{"embeddable":true,"href":"http:\/\/www.tvturk.com\/index.php\/wp-json\/wp\/v2\/comments?post=252704"}],"version-history":[{"count":0,"href":"http:\/\/www.tvturk.com\/index.php\/wp-json\/wp\/v2\/posts\/252704\/revisions"}],"wp:featuredmedia":[{"embeddable":true,"href":"http:\/\/www.tvturk.com\/index.php\/wp-json\/wp\/v2\/media\/252705"}],"wp:attachment":[{"href":"http:\/\/www.tvturk.com\/index.php\/wp-json\/wp\/v2\/media?parent=252704"}],"wp:term":[{"taxonomy":"category","embeddable":true,"href":"http:\/\/www.tvturk.com\/index.php\/wp-json\/wp\/v2\/categories?post=252704"},{"taxonomy":"post_tag","embeddable":true,"href":"http:\/\/www.tvturk.com\/index.php\/wp-json\/wp\/v2\/tags?post=252704"}],"curies":[{"name":"wp","href":"https:\/\/api.w.org\/{rel}","templated":true}]}}