{"id":252794,"date":"2020-01-07T15:16:39","date_gmt":"2020-01-07T12:16:39","guid":{"rendered":"http:\/\/www.tvturk.com\/index.php\/inegolde-karla-mucadele-suruyor\/"},"modified":"2020-01-07T15:16:39","modified_gmt":"2020-01-07T12:16:39","slug":"inegolde-karla-mucadele-suruyor","status":"publish","type":"post","link":"http:\/\/www.tvturk.com\/index.php\/inegolde-karla-mucadele-suruyor\/","title":{"rendered":"\u0130neg\u00f6l\u2019de karla m\u00fccadele s\u00fcr\u00fcyor"},"content":{"rendered":"<p>Bursa\u2019n\u0131n \u0130neg\u00f6l il\u00e7esinde kar sebebiyle kapanan yollar \u00e2n\u0131nda ula\u015f\u0131ma a\u00e7\u0131l\u0131yor.<\/p>\n<p>Karla m\u00fccadele konusunda haftalar \u00f6ncesinden haz\u0131rl\u0131klar\u0131n\u0131 tamamlayan \u0130neg\u00f6l Belediyesi, 95 k\u0131rsal mahallenin tamam\u0131na en k\u0131sa s\u00fcrede m\u00fcdahale edebilecek \u015fekilde tedbirlerini ald\u0131. Kar ya\u011f\u0131\u015f\u0131n\u0131n ba\u015flamas\u0131yla birlikte bir yandan \u0130neg\u00f6l Belediyesi bir yandan da Bursa B\u00fcy\u00fck\u015fehir Belediyesi ekipleri hummal\u0131 bir \u00e7al\u0131\u015fma ba\u015flatt\u0131. 24 saat aral\u0131ks\u0131z olarak s\u00fcren \u00e7al\u0131\u015fmalar d\u00fcn g\u00fcnd\u00fcz ve gece 4 k\u00fcreme, tuz sericili kamyon ve 3 greyder ile devam etti. Gece boyunca s\u00fcren karla m\u00fccadele \u00e7al\u0131\u015fmalar\u0131 5 ayr\u0131 b\u00f6lgede yap\u0131ld\u0131. Kar ya\u011f\u0131\u015f\u0131 y\u00fcksek kesimlerde devam ederken, ekipler de g\u00fcnd\u00fcz ve gece 3 vardiya \u015feklinde b\u00f6lgelerde kontroll\u00fc \u015fekilde k\u00fcreme ve tuzlama yapmaya devam ediyor. \u015euanda \u0130neg\u00f6l\u2019e 9 k\u0131rsal mahallede yollar\u0131n devam eden kar ya\u011f\u0131\u015f\u0131ndan etkilendi\u011fi ifade edildi. Bu b\u00f6lgelerde \u0130neg\u00f6l Belediyesi 2 greyder, 2 JCB ve 2 kamyon ile karla m\u00fccadele \u00e7al\u0131\u015fmas\u0131n\u0131 s\u00fcrd\u00fcr\u00fcyor. Bursa B\u00fcy\u00fck\u015fehir Belediyesi\u2019nin de b\u00f6lgede 1 greyder, 1 JCB ve 1 kamyonu bulunuyor. Kar ya\u011f\u0131\u015f\u0131ndan etkilenerek ula\u015f\u0131m\u0131n aksad\u0131\u011f\u0131 9 k\u0131rsal mahallede yollar\u0131n birka\u00e7 saat i\u00e7erisinde tamamen a\u00e7\u0131laca\u011f\u0131 belirtildi.<\/p>\n","protected":false},"excerpt":{"rendered":"<p>\u0130NEG\u00d6L \u0130L\u00c7ES\u0130NDE KAR SEBEB\u0130YLE KAPANAN YOLLAR \u00c2NINDA ULA\u015eIMA A\u00c7ILIYOR.<\/p>\n","protected":false},"author":1,"featured_media":252795,"comment_status":"closed","ping_status":"open","sticky":false,"template":"","format":"standard","meta":{"jetpack_post_was_ever_published":false,"_jetpack_newsletter_access":"","_jetpack_dont_email_post_to_subs":false,"_jetpack_newsletter_tier_id":0,"_jetpack_memberships_contains_paywalled_content":false,"_jetpack_memberships_contains_paid_content":false,"footnotes":"","jetpack_publicize_message":"","jetpack_publicize_feature_enabled":true,"jetpack_social_post_already_shared":true,"jetpack_social_options":{"image_generator_settings":{"template":"highway","default_image_id":0,"font":"","enabled":false},"version":2}},"categories":[1],"tags":[4199,887,888,1836],"class_list":["post-252794","post","type-post","status-publish","format-standard","has-post-thumbnail","hentry","category-genel","tag-inegolde","tag-karla","tag-mucadele","tag-suruyor"],"jetpack_publicize_connections":[],"jetpack_featured_media_url":"https:\/\/i0.wp.com\/www.tvturk.com\/wp-content\/uploads\/2020\/01\/inegolde-karla-mucadele-suruyor_61eed4b.jpg?fit=1000%2C750","jetpack_sharing_enabled":true,"jetpack_shortlink":"https:\/\/wp.me\/paKIfm-13Lk","_links":{"self":[{"href":"http:\/\/www.tvturk.com\/index.php\/wp-json\/wp\/v2\/posts\/252794","targetHints":{"allow":["GET"]}}],"collection":[{"href":"http:\/\/www.tvturk.com\/index.php\/wp-json\/wp\/v2\/posts"}],"about":[{"href":"http:\/\/www.tvturk.com\/index.php\/wp-json\/wp\/v2\/types\/post"}],"author":[{"embeddable":true,"href":"http:\/\/www.tvturk.com\/index.php\/wp-json\/wp\/v2\/users\/1"}],"replies":[{"embeddable":true,"href":"http:\/\/www.tvturk.com\/index.php\/wp-json\/wp\/v2\/comments?post=252794"}],"version-history":[{"count":0,"href":"http:\/\/www.tvturk.com\/index.php\/wp-json\/wp\/v2\/posts\/252794\/revisions"}],"wp:featuredmedia":[{"embeddable":true,"href":"http:\/\/www.tvturk.com\/index.php\/wp-json\/wp\/v2\/media\/252795"}],"wp:attachment":[{"href":"http:\/\/www.tvturk.com\/index.php\/wp-json\/wp\/v2\/media?parent=252794"}],"wp:term":[{"taxonomy":"category","embeddable":true,"href":"http:\/\/www.tvturk.com\/index.php\/wp-json\/wp\/v2\/categories?post=252794"},{"taxonomy":"post_tag","embeddable":true,"href":"http:\/\/www.tvturk.com\/index.php\/wp-json\/wp\/v2\/tags?post=252794"}],"curies":[{"name":"wp","href":"https:\/\/api.w.org\/{rel}","templated":true}]}}