{"id":252861,"date":"2020-01-07T16:33:04","date_gmt":"2020-01-07T13:33:04","guid":{"rendered":"http:\/\/www.tvturk.com\/index.php\/zekeriya-alp-tek-amacimiz-var-adil-tarafsiz-ve-esit-mesafede-olmak\/"},"modified":"2020-01-07T16:33:04","modified_gmt":"2020-01-07T13:33:04","slug":"zekeriya-alp-tek-amacimiz-var-adil-tarafsiz-ve-esit-mesafede-olmak","status":"publish","type":"post","link":"http:\/\/www.tvturk.com\/index.php\/zekeriya-alp-tek-amacimiz-var-adil-tarafsiz-ve-esit-mesafede-olmak\/","title":{"rendered":"Zekeriya Alp: &#8220;Tek amac\u0131m\u0131z var; adil, tarafs\u0131z ve e\u015fit mesafede olmak&#8221;"},"content":{"rendered":"<p>Merkez Hakem Kurulu Ba\u015fkan\u0131 Zekeriya Alp, \u201cVAR Sistemi\u2019ni en iyi \u015fekilde de\u011ferlendirmek, en verimli \u015fekilde kullanmak i\u00e7in b\u00fcy\u00fck \u00e7aba g\u00f6steriyoruz. T\u00fcrk hakemli\u011fi olarak neredeyse her hafta maalesef tart\u0131\u015fmalar\u0131n oda\u011f\u0131nda kald\u0131k. Hakemlerimizin tabi ki en \u00f6nemli g\u00f6revi adil d\u00fcd\u00fck \u00e7almak, adaleti sa\u011flamak. Bunu sa\u011fl\u0131yorlar, sa\u011flayacaklar da. Bizim tek bir amac\u0131m\u0131z var adil, tarafs\u0131z davranmak ve herkese e\u015fit mesafede olmak\u201d dedi.<\/p>\n<p>Antalya\u2019da d\u00fczenlenen 2019-2020 Sezonu MHK K\u0131\u015f Semineri bug\u00fcn ba\u015flad\u0131. Merkez Hakem Kurulu Ba\u015fkan\u0131 Zekeriya Alp a\u00e7\u0131l\u0131\u015f t\u00f6reninde yapt\u0131\u011f\u0131 konu\u015fmada 6 ayl\u0131k s\u00fcre\u00e7te MHK olarak hayata ge\u00e7irdikleri projelere de\u011finerek, &#8220;Futbolda VAR Sistemi\u2019nin uygulanmas\u0131yla birlikte, d\u00fcnya hakemli\u011fi \u00e7ok \u00f6nemli bir s\u00fcre\u00e7ten ge\u00e7iyor. Bizler de bu d\u00f6nemde VAR Sistemi\u2019ni en iyi \u015fekilde de\u011ferlendirmek, en verimli \u015fekilde kullanmak i\u00e7in b\u00fcy\u00fck \u00e7aba g\u00f6steriyoruz. Ancak t\u00fcm \u00e7aba ve iyi niyetli \u00e7al\u0131\u015fmalar\u0131m\u0131za ra\u011fmen baz\u0131 tart\u0131\u015fmalar\u0131n \u00f6n\u00fcne ge\u00e7memiz m\u00fcmk\u00fcn olmuyor. Bildi\u011finiz \u00fczere futboldan \u00e7ok hakemlerimizin ve VAR\u2019\u0131n konu\u015fuldu\u011fu bir ilk yar\u0131y\u0131 geride b\u0131rakt\u0131k. T\u00fcrk hakemli\u011fi olarak neredeyse her hafta maalesef tart\u0131\u015fmalar\u0131n oda\u011f\u0131nda kald\u0131k. \u0130lk yar\u0131ya bakt\u0131\u011f\u0131m\u0131z zaman, hakemlerimiz i\u00e7in iyi ge\u00e7ti\u011fini s\u00f6yleyebiliriz, ancak g\u00f6nl\u00fcm\u00fcz arzu etmemesine kar\u015f\u0131n kamuoyunun tart\u0131\u015ft\u0131\u011f\u0131 kararlar da ya\u015fand\u0131. Peki bu hatalarla birlikte neleri tart\u0131\u015ft\u0131k? VAR gerekti\u011fi gibi kullan\u0131lm\u0131yor, hakem ceza almamak i\u00e7in VAR\u2019a gitmiyor, penalt\u0131lar tekrarlanm\u0131yor, itmeler, \u00e7ekmeler, penalt\u0131 kararlar\u0131, fauller, k\u0131rm\u0131z\u0131 kartlar, atamalar&#8230; \u00d6ncelikle VAR uygulamalar\u0131 konusunda \u00f6nemli birka\u00e7 noktaya dikkatinizi \u00e7ekmek istiyorum. VAR uygulamalar\u0131nda alt\u0131n kural\u0131m\u0131z belli; IFAB Protokol\u00fcne, yani VAR\u2019\u0131n anayasas\u0131na uymak. VAR\u2019\u0131n anayasas\u0131nda da belirtildi\u011fi \u00fczere VAR a\u00e7\u0131k ve bariz hataya kar\u0131\u015f\u0131r. VAR, sana g\u00f6re, bana g\u00f6re pozisyonlara yani gri pozisyonlara kar\u0131\u015famaz. Ve VAR, inceleme i\u00e7in \u00e7a\u011f\u0131r\u0131yorsa hakem VAR\u2019a gitmek zorundad\u0131r. Ve VAR uygulanmaya ba\u015flad\u0131\u011f\u0131ndan beri VAR\u2019\u0131n hakemi izlemeye davet etti\u011fi ve hakemin girmedi\u011fi bir pozisyon olmam\u0131\u015ft\u0131r ve olmayacakt\u0131r. Bu konuda maalesef yanl\u0131\u015f bir alg\u0131 oldu\u011funu g\u00f6r\u00fcyoruz. \u0130lk yar\u0131da hakemlerimizin performans\u0131n\u0131 de\u011ferlendirirken VAR\u2019a bu y\u00f6n\u00fcyle bakmak gerekiyor\u201d diye konu\u015ftu.<\/p>\n<p>&#8220;VAR\u2019\u0131n teknolojik boyutunda sorunumuz yok&#8221;<\/p>\n<p>VAR hakk\u0131nda istatistiki verilere de\u011finen Alp, \u201cS\u00fcper Lig\u2019de 153 ma\u00e7ta 65 karar VAR\u2019dan d\u00fczeltildi. VAR incelemeleriyle, 26 penalt\u0131, 17 gol, 8 k\u0131rm\u0131z\u0131 kart verildi. 10 tane gol, 3 penalt\u0131, 1 yanl\u0131\u015f kart iptal edildi. VAR\u2019a gidilen pozisyonlardan ise sadece 4\u2019\u00fcnde karar de\u011fi\u015fmedi. Bu rakam ge\u00e7en sezon ilk yar\u0131da 23\u2019t\u00fc. Buradan da anla\u015f\u0131l\u0131yor ki, gereksiz OFR\u2019lerin say\u0131s\u0131 azalm\u0131\u015f durumda. Bu rakamlardan VAR\u2019\u0131n T\u00fcrk futbolunda 65 kararla hakkaniyetli bir \u015fekilde \u00f6nemli bir katk\u0131 sa\u011flad\u0131\u011f\u0131n\u0131 g\u00f6zlemliyoruz. D\u00fczeltilen karar say\u0131s\u0131n\u0131n ge\u00e7en sezon da 70 oldu\u011funu hat\u0131rlatmakta fayda g\u00f6r\u00fcyorum. VAR\u2019\u0131n teknolojik boyutunda sorunumuz yok, mevcut en ileri teknolojiyi kullan\u0131yoruz. Teknolojik deste\u011fi i\u00e7in Futbol Federasyonumuza te\u015fekk\u00fcr ediyoruz\u201d \u015feklinde konu\u015ftu.<\/p>\n<p>\u201cVAR\u2019da hakem eksikli\u011fimiz mevcut\u201d<\/p>\n<p>VAR g\u00f6revini yapacak hakem say\u0131s\u0131n\u0131n az oldu\u011funu s\u00f6yleyen Alp, \u201cEksi\u011fimiz insan kayna\u011f\u0131, yani VAR olarak g\u00f6rev yapacak hakemlerimizin say\u0131s\u0131n\u0131n az olmas\u0131. Her hafta 9 S\u00fcper Lig ma\u00e7\u0131m\u0131z var; 9 hakem, 9 VAR, 9 d\u00f6rd\u00fcnc\u00fc hakem, 9 da AVAR g\u00f6revlendirmemiz gerekiyor. Yine TFF 1. Lig ma\u00e7lar\u0131m\u0131za da \u00fcst d\u00fczey hakemleri g\u00f6nderiyoruz. Ve MHK olarak bir hakemi o hafta sadece bir ma\u00e7ta kullan\u0131yoruz. Bu eksi\u011fimizi gidermek i\u00e7in, \u00e7ok \u00f6nemli bir \u00e7al\u0131\u015fma i\u00e7erisinde girdik ve 2. ligde g\u00f6rev yapan hakemlerimizin hepsini tarad\u0131k. Burada e\u011fitimlerini tamamlayan hakemlerimizle birlikte ligin ikinci yar\u0131s\u0131nda 10 VAR, 3 AVAR daha kadromuza kat\u0131l\u0131yor. \u0130kinci yar\u0131da bu hakemlerimizle birlikte daha ba\u015far\u0131l\u0131 uygulamalar yapaca\u011f\u0131m\u0131za inan\u0131yoruz\u201d ifadelerini kulland\u0131.<\/p>\n<p>\u201cAtamalarda \u00f6d\u00fcl-ceza uygulamas\u0131 var\u201d<\/p>\n<p>Hakem atamalar\u0131 hakk\u0131nda konu\u015fan Alp, \u201c\u0130lk yar\u0131da kul\u00fcplerimiz taraf\u0131ndan g\u00fcndeme getirilen konulardan birisi de atamalar ve hakemlere uygulanan ceza kriterleriyle ilgili konulard\u0131. Sistemimiz \u00f6ncelikle \u00f6d\u00fcl ceza uygulamas\u0131na dayan\u0131yor. Hakem de\u011ferlendirmemiz 100 \u00fczerinden ger\u00e7ekle\u015fiyor. 85 s\u0131n\u0131r notumuz. G\u00f6zlemcilerimiz hakem y\u00f6netimi ilgili de\u011ferlendirmeleri yap\u0131yor, sisteme giriyor. Hakem ile g\u00f6zlemci aras\u0131ndaki olas\u0131 ki\u015fisel ili\u015fki olabilir d\u00fc\u015f\u00fcncesiyle g\u00f6zlemciye sadece de\u011ferlendirme yapt\u0131r\u0131yoruz, not verdirmiyoruz. Notu sistem belirliyor. G\u00f6zlemcilerimiz bile, sistem sonucu olu\u015fan hakem notunu bilmiyor. Siyah beyaz hatada 25 puan d\u00fc\u015f\u00fcl\u00fcyor. Ba\u015far\u0131l\u0131 hakemlerimiz ertesi hafta ma\u00e7 al\u0131p \u00f6d\u00fcllendiriliyor ama hata yapan hakemlerimiz cezal\u0131 oluyor ve ceza puan\u0131na g\u00f6re ma\u00e7 alam\u0131yor. S\u00fcper Lig hakemlerimizi kendimiz tayin ediyoruz ve bilgisayar program\u0131ndan atamaya engel bir durum olup olmad\u0131\u011f\u0131n\u0131 kontrol ediyoruz. VAR hakemlerimiz ise 6 puan \u00fczerinden de\u011ferlendiriliyor. 3-4 hafta \u00f6ncesinde atama planlar\u0131m\u0131z\u0131 yap\u0131yoruz ve hakem performanslar\u0131na g\u00f6re bunlar\u0131 g\u00fcncelliyoruz ve nihai atamalar\u0131 ger\u00e7ekle\u015ftiriyoruz. E\u011fer VAR\u2019da kadro say\u0131s\u0131 a\u00e7\u0131s\u0131ndan \u00e7ok zorda kal\u0131rsak en az ceza puan\u0131 alan hakeme g\u00f6rev verebiliyoruz. Aksi takdirde ceza alan hakemler mutlaka dinlendiriliyor\u201d dedi.<\/p>\n<p>\u201cMHK olarak pes etmeyece\u011fiz\u201d<\/p>\n<p>Adil y\u00f6netim i\u00e7in ellerinden geleni yapt\u0131klar\u0131n\u0131 s\u00f6yleyen Alp, \u201c\u0130lk yar\u0131da futbol ailesinin bir\u00e7ok kesiminin \u015fikayetleri oldu. G\u00fcven ortam\u0131n\u0131n sa\u011flanmas\u0131 ve adaletli y\u00f6netimler istendi. Hakemlerimizin tabi ki en \u00f6nemli g\u00f6revi adil d\u00fcd\u00fck \u00e7almak, adaleti sa\u011flamak. Bunu sa\u011fl\u0131yorlar, sa\u011flayacaklar da Bizim tek bir amac\u0131m\u0131z var adil, tarafs\u0131z davranmak ve herkese e\u015fit mesafede olmak. Biz hakem ailesi olarak bunun i\u00e7in b\u00fcy\u00fck \u00e7aba g\u00f6steriyoruz. Ancak g\u00fcven ortam\u0131 el birli\u011fi ile olur. Bunun i\u00e7in herkes birbirine g\u00fcven duymal\u0131, destek olmal\u0131. Hakemlerimize futbol ailesinin g\u00fcven duymas\u0131n\u0131, destek olmas\u0131n\u0131 bekliyoruz. Onlar\u0131n g\u00f6revlerini lay\u0131k\u0131yla yapabilmeleri i\u00e7in, kar\u015f\u0131l\u0131kl\u0131 g\u00fcven ortam\u0131n\u0131n olu\u015fmas\u0131 \u015fart ve T\u00fcrk futbolunun daha g\u00fc\u00e7l\u00fc olmas\u0131 i\u00e7in bunu hep beraber yapmal\u0131y\u0131z. Hakem karde\u015flerimiz gerekli dersleri \u00e7\u0131kartt\u0131lar ve ikinci yar\u0131da inan\u0131yorum performanslar\u0131n\u0131 yukar\u0131 \u00e7ekeceklerdir. Bizler de tak\u0131m olarak bir m\u00fccadeleye soyunduk, MHK olarak sonuna kadar en iyi \u015fekilde bu sava\u015f\u0131 verece\u011fiz. Pes etmeyece\u011fiz. Amac\u0131m\u0131z bu camiaya bir \u015feyler katmak. \u00c7ok katk\u0131 sa\u011flayaca\u011f\u0131m\u0131za da inan\u0131yoruz\u201d a\u00e7\u0131klamas\u0131n\u0131 yapt\u0131.<\/p>\n<p>Zekeriya Alp, konu\u015fmas\u0131n\u0131n son b\u00f6l\u00fcm\u00fcnde, MHK olarak 6 ayl\u0131k s\u00fcre\u00e7te \u015fu projeleri hayata ge\u00e7irdiklerini anlatt\u0131 :<\/p>\n<p>\u201c\u015eimdi de g\u00f6reve geldi\u011fimiz 4 Temmuz 2019 tarihinden itibaren 6 ayl\u0131k s\u00fcrede yapt\u0131\u011f\u0131m\u0131z \u00e7al\u0131\u015fmalar\u0131 payla\u015fmak istiyorum. \u0130lk olarak stratejik bir plan olu\u015fturduk ve bu plan dahilinde \u00f6nemli ad\u0131mlar att\u0131k. Daima &#8220;e\u011fitim, e\u011fitim e\u011fitim&#8221; diyoruz. Zaman\u0131m\u0131z\u0131n b\u00fcy\u00fck b\u00f6l\u00fcm\u00fcn\u00fc e\u011fitim \u00e7al\u0131\u015fmalar\u0131na ay\u0131r\u0131yoruz. UEFA ve FIFA\u2019n\u0131n en de\u011ferli uzmanlar\u0131 ile \u00e7al\u0131\u015f\u0131yoruz. E\u011fitimle birlikte yeni hakemler yeti\u015ftirme yolunu se\u00e7tik. Gen\u00e7 hakemlere \u00e7ok de\u011fer veriyoruz. Bunun i\u00e7in m\u00fccadele veriyoruz. VAR ve AVAR olarak haz\u0131rlad\u0131\u011f\u0131m\u0131z 9 tane hakemimizi \u00dcst Klasman seminerimize davet ettik ve \u015fu an aram\u0131zdalar. \u0130n\u015fallah zaman i\u00e7erisinde bu arkada\u015flar\u0131m\u0131z ba\u015far\u0131l\u0131 olacak ve \u00fcst liglerde g\u00f6rev alacaklar. Kadroyu gen\u00e7le\u015ftirme, T\u00fcrk hakemli\u011fine yeni y\u00fczler kazand\u0131rma \u00e7al\u0131\u015fmalar\u0131m\u0131z devam ediyor. \u0130lk yar\u0131da dikkat ederseniz, gen\u00e7 hakemlerimizden \u00f6nemli performanslar izledik. Bu hakemlerimiz tecr\u00fcbeli a\u011fabeylerinin de destekleri ile \u00f6nemli noktaya gelecekler, onlar\u0131 T\u00fcrk hakemli\u011finin gelece\u011fi olarak de\u011ferlendiriyoruz.  Alt liglerden belirledi\u011fimiz hakemler, eski FIFA hakemlerinden kurdu\u011fumuz scout ekibi vas\u0131tas\u0131yla takip ediyoruz, geli\u015fimlerini g\u00f6zlemliyoruz. MHK Hakem Geli\u015fim Programlar\u0131n\u0131n en \u00f6nemli par\u00e7as\u0131 olan Hakem Geli\u015fim Kamplar\u0131 Ekim ay\u0131nda Riva\u2019da ve Aral\u0131k ay\u0131nda Ordu\u2019da olmak \u00fczere iki kez d\u00fczenlendi. B\u00f6lgelerden se\u00e7ilen gelecek vaat eden hakemlerin davet edildi\u011fi ve UEFA CORE projesinin benzeri olan kamplarda, gen\u00e7 hakemlere teorik e\u011fitimler veriliyor, saha uygulamalar\u0131 yap\u0131l\u0131yor, ma\u00e7 y\u00f6netmeleri sa\u011flan\u0131yor ve MHK \u00fcyeleri ile ko\u00e7lar e\u015fli\u011finde  geli\u015fimlerinin takip edilmesi ama\u00e7lan\u0131yor. Bu projeden gelecek hakemleri de ilerleyen s\u00fcre\u00e7te T\u00fcrk hakemli\u011fine kazand\u0131rmak istiyoruz.<\/p>\n<p>\u00dcst Klasman Hakem kadrosunda bulunan ve bulunduklar\u0131 konumda geli\u015fim g\u00f6stermesi beklenen hakemler i\u00e7in ment\u00f6rl\u00fck \u00e7al\u0131\u015fmas\u0131 grubu olu\u015fturuldu. Hakemlere bireysel ment\u00f6rler atand\u0131 ve belirlenen periyot i\u00e7inde koyulan hedefler do\u011frultusundaki geli\u015fimlerinin takip s\u00fcreci ba\u015flat\u0131ld\u0131.<\/p>\n<p>Yeni bir VAR kadrosu olu\u015fturuyoruz. Alt liglerdeki hakemlerimizi VAR konusunda \u00f6nemli bir e\u011fitim s\u00fcrecinden ge\u00e7irdik. \u0130kinci yar\u0131da 10 VAR, 3 AVAR\u2019\u0131 sahaya s\u00fcrece\u011fiz. VAR hakemlerinin teknolojiyi yatk\u0131n ve gen\u00e7 isimler olmas\u0131na \u00f6nem veriyoruz. Hakemli\u011fi b\u0131rakacak, son d\u00f6nemlerini ya\u015fayan isimleri VAR olarak g\u00f6rev yapmas\u0131 i\u00e7in gerekli d\u00fczenlemeleri yaparak \u00e7al\u0131\u015fmay\u0131 planl\u0131yoruz.<\/p>\n<p>Eski futbolcular\u0131n hakemlik yapmas\u0131 i\u00e7in resmi ad\u0131mlar\u0131 att\u0131k, T\u00fcrkiye Profesyonel Futbolcular Derne\u011fi ile yapt\u0131\u011f\u0131m\u0131z i\u015f birli\u011fi sonras\u0131nda Riva\u2019da 25 eski futbolcuyu e\u011fitimden ge\u00e7irdik. Yak\u0131n bir zamanda aday hakem olarak g\u00f6rev yapmaya ba\u015flayacaklar.<\/p>\n<p>Kad\u0131n hakemli\u011fi en \u00e7ok \u00f6nem verdi\u011fimiz konular\u0131n ba\u015f\u0131nda geliyor. Avrupa ile k\u0131yasland\u0131\u011f\u0131nda bu konuda geride kald\u0131\u011f\u0131m\u0131z bir ger\u00e7ektir. Talimatlarda yap\u0131lan de\u011fi\u015fikliklerle, kad\u0131n hakemlerin erkek liglerinde ma\u00e7 y\u00f6netmesinin \u00f6n\u00fc a\u00e7\u0131ld\u0131. Dolay\u0131s\u0131yla bu bir ba\u015flang\u0131\u00e7 ad\u0131m\u0131d\u0131r. Kad\u0131n hakemlerimiz 2. lig ve 3.lig ma\u00e7lar\u0131nda g\u00f6rev almaya ba\u015flad\u0131lar.<\/p>\n<p>G\u00f6r\u00fcnt\u00fc analizi \u00e7al\u0131\u015fmalar\u0131m\u0131zla hakemlerimizin standart karar vermeleri i\u00e7in b\u00fcy\u00fck \u00e7aba harc\u0131yoruz. Se\u00e7ti\u011fimiz tart\u0131\u015fmal\u0131 pozisyonlar\u0131n g\u00f6r\u00fcnt\u00fclerini S\u00fcper Lig ve 1 Lig\u2019de g\u00f6rev yapan hakemlerimize, g\u00f6zlemcilerimize g\u00f6nderip &#8220;Ne karar verirdiniz?&#8221; diye soruyoruz. \u0130lk yar\u0131da 123 tane pozisyonu bu \u015fekilde 81 hakem ve g\u00f6zlemcimize yollad\u0131k, sonu\u00e7lar\u0131n\u0131 standart y\u00f6netimleri sa\u011flamak i\u00e7in e\u011fitim \u00e7al\u0131\u015fmalar\u0131m\u0131zda kullan\u0131yoruz.<\/p>\n<p>Bir di\u011fer projemiz birlikte \u00e7al\u0131\u015fal\u0131m projesi Hakemlerimizin kural kitap\u00e7\u0131\u011f\u0131yla ilgili g\u00fcncel kalmalar\u0131 i\u00e7in Birlikte \u00c7al\u0131\u015fal\u0131m Projesi\u2019ni hayata ge\u00e7irdik. Bu proje kapsam\u0131nda, her hafta Per\u015fembe g\u00fcn\u00fc hakemlerimize bir form g\u00f6nderiyoruz, formda 5 soru yer al\u0131yor, sorular\u0131 doldurup bize g\u00f6nderiyorlar. B\u00f6ylece kural kitab\u0131n\u0131 okuyup g\u00fcncel kal\u0131yorlar.<\/p>\n<p>Birer c\u00fcmleyle di\u011fer \u00e7al\u0131\u015fmalar\u0131m\u0131z\u0131 da s\u0131ralamak istiyorum. Ayl\u0131k toplant\u0131larla dan\u0131\u015fman\u0131m\u0131z Jaap Uilenberg, UEFA\u2019n\u0131n yeni e\u011fitim modellerini kullanarak analizler yap\u0131p hakemlerimizin eksik noktalar\u0131n\u0131 gidermeye \u00e7al\u0131\u015ft\u0131. Jaap Uilenberg ve John West Larsen taraf\u0131ndan ger\u00e7ekle\u015ftirilen ma\u00e7 izleme \u00e7al\u0131\u015fmalar\u0131 ve ma\u00e7 sonu toplant\u0131lar\u0131, illerdeki e\u011fitimcilerin seviyesini y\u00fckseltmek i\u00e7in e\u011fitimcinin e\u011fitimi seminerleri, UEFA hakem konvansiyonu \u00fcyesi di\u011fer \u00fclkelerle yap\u0131lan i\u015fbirli\u011fi \u00e7al\u0131\u015fmalar\u0131 bu s\u00fcre\u00e7te yapt\u0131\u011f\u0131m\u0131z di\u011fer \u00f6nemli i\u015flerdi.<\/p>\n<p>MHK olarak en \u00f6nemli hedeflerimizden birisi Avrupa\u2019da hakemlerimizin daha \u00e7ok ba\u015far\u0131l\u0131 olmas\u0131, daha \u00e7ok ma\u00e7 almas\u0131. Uluslararas\u0131 alanda 1 Temmuz\u2019dan bu yana hakemlerimiz toplam 53 ma\u00e7 y\u00f6netti. G\u00f6zlemcilerimize 38 ma\u00e7 geldi.  Biliyorsunuz, 1 Ocak 2020 tarihi itibariyle g\u00f6rev yapacak FIFA listelerini belirledik. FIFA Hakemi listesine Arda Karde\u015fler, FIFA Plaj Hakemi listesine G\u00f6khan Bar\u00e7\u0131n dahil oldu. Ayr\u0131ca FIFA hakemimiz Ali Palab\u0131y\u0131k 1. Kategoriye y\u00fckseldi.  Bu t\u00f6rene kat\u0131larak bizleri ve \u00fclkemizi temsil eden hakemlerimizi bu mutlu g\u00fcnlerinde onurland\u0131ran Say\u0131n TFF Ba\u015fkan\u0131m\u0131za, TFF Y\u00f6netim Kurulu \u00fcyelerimize T\u00fcrk hakemli\u011fine destekleri i\u00e7in \u00e7ok te\u015fekk\u00fcr ediyorum. Yine t\u00fcm kat\u0131l\u0131mc\u0131lara \u015f\u00fckranlar\u0131m\u0131 sunuyorum. Huzurlar\u0131n\u0131zda bu seminerde hakemlerimize de\u011ferli katk\u0131lar sa\u011flayacak olan E\u011fitim Dan\u0131\u015fman\u0131m\u0131z Jaap Uilenberg, UEFA Yard\u0131mc\u0131 Hakem E\u011fitimcisi Giovanni Stevanato, UEFA G\u00f6zlemcisi Jorn West Larsen ve UEFA Hakem Fiziksel Geli\u015fim Sorumlusu Werner Helsen\u2019e te\u015fekk\u00fcr ediyorum. Kendilerinin e\u011fitimleri ile hakemlerimiz \u00e7ok daha iyi olacaklard\u0131r. Seminerin T\u00fcrk hakemli\u011fine ve T\u00fcrk futboluna hay\u0131rl\u0131 olmas\u0131n\u0131 diliyorum.&#8221;<\/p>\n","protected":false},"excerpt":{"rendered":"<p>ANTALYA\u2019DA D\u00dcZENLENEN 2019-2020 SEZONU MHK KI\u015e SEM\u0130NER\u0130 BUG\u00dcN BA\u015eLADI<\/p>\n","protected":false},"author":1,"featured_media":252862,"comment_status":"closed","ping_status":"open","sticky":false,"template":"","format":"standard","meta":{"jetpack_post_was_ever_published":false,"_jetpack_newsletter_access":"","_jetpack_dont_email_post_to_subs":false,"_jetpack_newsletter_tier_id":0,"_jetpack_memberships_contains_paywalled_content":false,"_jetpack_memberships_contains_paid_content":false,"footnotes":"","jetpack_publicize_message":"","jetpack_publicize_feature_enabled":true,"jetpack_social_post_already_shared":true,"jetpack_social_options":{"image_generator_settings":{"template":"highway","default_image_id":0,"font":"","enabled":false},"version":2}},"categories":[657],"tags":[32901,3978,8118,5314,8117,62572,1364,366,181,35409],"class_list":["post-252861","post","type-post","status-publish","format-standard","has-post-thumbnail","hentry","category-spor","tag-tarafsiz","tag-amacimiz","tag-adil","tag-alp","tag-esit","tag-mesafede","tag-olmak","tag-tek","tag-var","tag-zekeriya"],"jetpack_publicize_connections":[],"jetpack_featured_media_url":"https:\/\/i0.wp.com\/www.tvturk.com\/wp-content\/uploads\/2020\/01\/zekeriya-alp-tek-amacimiz-var-adil-tarafsiz-ve-esit-mesafede-olmak_7062e9a.jpg?fit=1000%2C568","jetpack_sharing_enabled":true,"jetpack_shortlink":"https:\/\/wp.me\/paKIfm-13Mp","_links":{"self":[{"href":"http:\/\/www.tvturk.com\/index.php\/wp-json\/wp\/v2\/posts\/252861","targetHints":{"allow":["GET"]}}],"collection":[{"href":"http:\/\/www.tvturk.com\/index.php\/wp-json\/wp\/v2\/posts"}],"about":[{"href":"http:\/\/www.tvturk.com\/index.php\/wp-json\/wp\/v2\/types\/post"}],"author":[{"embeddable":true,"href":"http:\/\/www.tvturk.com\/index.php\/wp-json\/wp\/v2\/users\/1"}],"replies":[{"embeddable":true,"href":"http:\/\/www.tvturk.com\/index.php\/wp-json\/wp\/v2\/comments?post=252861"}],"version-history":[{"count":0,"href":"http:\/\/www.tvturk.com\/index.php\/wp-json\/wp\/v2\/posts\/252861\/revisions"}],"wp:featuredmedia":[{"embeddable":true,"href":"http:\/\/www.tvturk.com\/index.php\/wp-json\/wp\/v2\/media\/252862"}],"wp:attachment":[{"href":"http:\/\/www.tvturk.com\/index.php\/wp-json\/wp\/v2\/media?parent=252861"}],"wp:term":[{"taxonomy":"category","embeddable":true,"href":"http:\/\/www.tvturk.com\/index.php\/wp-json\/wp\/v2\/categories?post=252861"},{"taxonomy":"post_tag","embeddable":true,"href":"http:\/\/www.tvturk.com\/index.php\/wp-json\/wp\/v2\/tags?post=252861"}],"curies":[{"name":"wp","href":"https:\/\/api.w.org\/{rel}","templated":true}]}}