{"id":252863,"date":"2020-01-07T16:33:08","date_gmt":"2020-01-07T13:33:08","guid":{"rendered":"http:\/\/www.tvturk.com\/index.php\/nihat-ozdemir-hakemlerimiz-ilk-yarida-baski-altinda-iyi-performans-sergilediler\/"},"modified":"2020-01-07T16:33:08","modified_gmt":"2020-01-07T13:33:08","slug":"nihat-ozdemir-hakemlerimiz-ilk-yarida-baski-altinda-iyi-performans-sergilediler","status":"publish","type":"post","link":"http:\/\/www.tvturk.com\/index.php\/nihat-ozdemir-hakemlerimiz-ilk-yarida-baski-altinda-iyi-performans-sergilediler\/","title":{"rendered":"Nihat \u00d6zdemir: &#8220;Hakemlerimiz ilk yar\u0131da bask\u0131 alt\u0131nda iyi performans sergilediler\u201d"},"content":{"rendered":"<p>T\u00fcrkiye Futbol Federasyonu Ba\u015fkan\u0131 Nihat \u00d6zdemir, S\u00fcper Lig\u2019in ilk yar\u0131s\u0131nda hakemlerin bask\u0131ya ra\u011fmen iyi performans ortaya koyduklar\u0131n\u0131 s\u00f6yledi.<\/p>\n<p>T\u00fcrkiye Futbol Federasyonu Ba\u015fkan\u0131 Nihat \u00d6zdemir, 2019-2020 Sezonu MHK K\u0131\u015f Semineri\u2019nde a\u00e7\u0131klamalarda bulundu. T\u00fcrkiye\u2019de g\u00f6rev yapan hakemlere ayr\u0131 bir \u00f6nem verdiklerini s\u00f6yleyerek s\u00f6zlerine ba\u015flayan Ba\u015fkan \u00d6zdemir, \u201cT\u00fcm seminer ve t\u00f6renlerde, Merkez Hakem Kurulumuzun, hakemlerimizin daima yan\u0131nda olmaya \u00e7al\u0131\u015f\u0131yoruz. Hepimiz i\u00e7in zor ge\u00e7en bir ilk yar\u0131yd\u0131. \u00dcz\u00fclerek g\u00f6rd\u00fck ki, hemen hemen her hafta spor kamuoyunun ana g\u00fcndemi hakemler oldu. G\u00f6n\u00fcl isterdi ki, milli tak\u0131m\u0131m\u0131z\u0131n b\u00fcy\u00fck ba\u015far\u0131ya imza att\u0131\u011f\u0131, \u00fclke olarak d\u00fcnya futbolunda \u00f6ne \u00e7\u0131kt\u0131\u011f\u0131m\u0131z, \u00f6nemli organizasyonlara ev sahipli\u011fi yapt\u0131\u011f\u0131m\u0131z bir d\u00f6nemde, k\u0131s\u0131r hakem tart\u0131\u015fmalar\u0131 bu kadar \u00f6n plana \u00e7\u0131kmasayd\u0131. Futbolu oynayanlar futbolcular, takti\u011fi veren teknik direkt\u00f6rler, tak\u0131mlar\u0131 kuran y\u00f6neticiler de hata yap\u0131yor ama nedense en \u00e7ok ele\u015ftirilen, tart\u0131\u015f\u0131lan hakemler oluyor, ana akt\u00f6r haline getirilmeye \u00e7al\u0131\u015f\u0131lmaktad\u0131r. \u015eu ger\u00e7ek unutulmamal\u0131 ki, futbolda iki taraf var ve bir karardan iki taraf\u0131n da memnun kalmas\u0131 m\u00fcmk\u00fcn de\u011fildir&#8221; \u015feklinde konu\u015ftu.<\/p>\n<p>&#8220;\u0130lk yar\u0131 hakemler bask\u0131 alt\u0131nda iyi bir performans sergilediler\u201d<\/p>\n<p>Ba\u015fkan \u00d6zdemir, ligin ilk devresinde hakemlerin genel olarak iyi performans sergiledi\u011fini anlatarak, &#8220;\u00d6n\u00fcm\u00fczde daha \u00e7etin ge\u00e7ecek bir ikinci yar\u0131 hepimizi beklemekte. Bu d\u00f6nemde herkese \u00f6nemli sorumluluklar d\u00fc\u015f\u00fcyor. Futbol ailesi olarak hepimiz ayn\u0131 gemideyiz. F\u0131rt\u0131na ne kadar b\u00fcy\u00fck olursa olsun, bizlerin ve siz hakemlerimizin sorumlulu\u011fu, \u00f6nceden ilk yapaca\u011f\u0131m\u0131z gemiyi sa\u011f salim sezon sonunda limana yana\u015ft\u0131rmak. Bunu hep birlikte ba\u015faraca\u011f\u0131m\u0131za y\u00fcrekten inan\u0131yorum. Bask\u0131 alt\u0131nda genel olarak iyi bir performans sergilediler. Hata yapabiliriz. Futbol hatalar oyunudur. Hata illa ki olacakt\u0131r. Bu hatalardan da gerekli dersler \u00e7\u0131kart\u0131lacakt\u0131r. \u0130n\u015fallah hakemlerimiz, ikinci yar\u0131da performanslar\u0131n\u0131 daha da art\u0131rarak s\u00fcrd\u00fcrecekler&#8221; ifadelerini kulland\u0131.<\/p>\n<p>&#8220;VAR sistemi zamanla daha da geli\u015fecektir&#8221;<\/p>\n<p>VAR sisteminin a\u011f\u0131r ele\u015ftiri alt\u0131nda oldu\u011funu ifade eden Ba\u015fkan \u00d6zdemir, &#8220;Bildi\u011finiz \u00fczere; sezonun ilk yar\u0131s\u0131nda VAR \u00e7ok tart\u0131\u015f\u0131ld\u0131. \u0130statistiklere bakt\u0131\u011f\u0131m\u0131zda Video Yard\u0131mc\u0131 Hakem Sistemi\u2019nin futbola ve hakemlere \u00f6nemli bir katk\u0131s\u0131 oldu\u011funu g\u00f6r\u00fcyoruz. S\u00fcper Lig\u2019de oynanan 153 ma\u00e7ta, VAR ile 65 karar d\u00fczeltildi. Bu rakam ge\u00e7en sezonun ilk yar\u0131s\u0131nda 70 idi. Genel olarak \u2019VAR do\u011fru kullan\u0131lm\u0131yor\u2019 ele\u015ftirisini maalesef almaktay\u0131z. Ancak ilk yar\u0131ya bakt\u0131\u011f\u0131m\u0131zda, VAR\u2019a gidilen 69 pozisyonun sadece 4\u2019\u00fc de\u011fi\u015fmemi\u015f. Yani VAR\u2019\u0131n gereksiz yere de\u011fil, do\u011fru kullan\u0131ld\u0131\u011f\u0131n\u0131 a\u00e7\u0131k \u015fekilde s\u00f6yleyebiliriz. Bug\u00fcn UEFA da VAR uygulamalar\u0131m\u0131z\u0131 be\u011feniyor, seminerlerini Riva VAR Merkezi\u2019nde yap\u0131yor. UEFA Hakem Komitesi T\u00fcrk hakemlerini yak\u0131ndan izliyor ve s\u00fcrekli ma\u00e7lar veriyor. \u0130lk yar\u0131da FIFA hakemlerimizin 35 ma\u00e7ta g\u00f6rev almas\u0131 bizler i\u00e7in gurur verici. Ama biz VAR\u2019\u0131 kamuoyunda her hafta tart\u0131\u015f\u0131yor, ele\u015ftiriyoruz. VAR\u2019\u0131 kullanmaya ba\u015flayal\u0131 hen\u00fcz 1 bu\u00e7uk sezon oldu, ancak biz VAR\u2019\u0131 60 y\u0131ld\u0131r uyguluyormu\u015fuz gibi konu\u015fuyoruz ve en ac\u0131mas\u0131z \u015fekilde tenkit ediyoruz. VAR, futbolda tart\u0131\u015fmay\u0131 y\u00fczde 100 oran\u0131nda bitirmek i\u00e7in de\u011fil y\u00fczde 100 skandal kararlar\u0131 engellemek i\u00e7in getirildi. Eskisi gibi yar\u0131m metre, 1 metre ofsayttan at\u0131lan golleri, ceza sahas\u0131 d\u0131\u015f\u0131nda verilen penalt\u0131lar\u0131, elle at\u0131lan bariz golleri art\u0131k g\u00f6rm\u00fcyoruz. Peki VAR\u2019\u0131n ele\u015ftirebilece\u011fimiz noktalar\u0131 yok mu? Var o da inceleme s\u00fcrelerinin uzamas\u0131, oyunun so\u011fumas\u0131 gibi tenkitler. Bu b\u00fct\u00fcn d\u00fcnyan\u0131n sorunu ve b\u00fct\u00fcn \u00f6nde gelen liglerde tart\u0131\u015f\u0131l\u0131yor. Sistem inan\u0131yorum ki zamanla daha da geli\u015fecektir&#8221; a\u00e7\u0131klamas\u0131n\u0131 yapt\u0131.<\/p>\n<p>&#8220;Federasyon olarak hakemlerimizin yan\u0131nday\u0131z&#8221;<\/p>\n<p>Ba\u015fkan \u00d6zdemir, federasyon olarak her zaman hakemlerin yan\u0131nda olduklar\u0131n\u0131n alt\u0131n\u0131 \u00e7izerek, \u015fu ifadelere yer verdi:<\/p>\n<p>&#8220;Futbolda maalesef kazan\u0131nca daima \u2018biz kazand\u0131k\u2019 olur. Kaybedince su\u00e7lu, TFF Ba\u015fkan\u0131, MHK Ba\u015fkan\u0131, hakemler, VAR ve AVAR\u2019d\u0131r. Bu tart\u0131\u015fmalar sizlerin \u00fczerinde hi\u00e7bir zaman bask\u0131 olu\u015fturmas\u0131n. Ne olursa olsun, g\u00f6rd\u00fc\u011f\u00fcn\u00fcz\u00fc, do\u011fru bildi\u011finizi \u00e7al\u0131n. Bizler Federasyon olarak her zaman yan\u0131n\u0131zday\u0131z. Hata olacakt\u0131r. \u00d6nemli olan, kamu vicdan\u0131n\u0131 yaralayacak, art niyet i\u00e7eren yanl\u0131\u015flar\u0131n yap\u0131lmamas\u0131 ana hedefimiz olmal\u0131d\u0131r. Bu t\u00fcr yanl\u0131\u015flar\u0131n yap\u0131lmad\u0131\u011f\u0131na hepimiz y\u00fcrekten, kalpten inan\u0131yoruz. Onun i\u00e7in sizler, \u00fcretilen senaryolara hi\u00e7bir zaman kulak asmay\u0131n. Biz onlara gerekli cevaplar\u0131 zaten vermeye \u00e7al\u0131\u015f\u0131yoruz. Bir konuya daha dikkatinizi \u00e7ekmek istiyorum. Merkez Hakem Kurulumuz da, hakemlerimiz de Federasyonumuzu temsil ediyor. Bizleri temsil edenlere, hele hele sahada sayg\u0131s\u0131zl\u0131k yap\u0131lmas\u0131na asla m\u00fcsaade etmeyin. Onun i\u00e7in sizler de sahada ister futbolcu, ister teknik adam, ister koridorda y\u00f6netici olun, sayg\u0131s\u0131zl\u0131\u011fa prim tan\u0131may\u0131n. Duygusal davranmay\u0131n, yapan\u0131n cezas\u0131n\u0131 da an\u0131nda verin.&#8221;<\/p>\n","protected":false},"excerpt":{"rendered":"<p>T\u00dcRK\u0130YE FUTBOL FEDERASYONU BA\u015eKANI N\u0130HAT \u00d6ZDEM\u0130R, S\u00dcPER L\u0130G\u2019\u0130N \u0130LK YARISINDA HAKEMLER\u0130N BASKIYA RA\u011eMEN \u0130Y\u0130 PERFORMANS ORTAYA KOYDUKLARINI S\u00d6YLED\u0130.<\/p>\n","protected":false},"author":1,"featured_media":252864,"comment_status":"closed","ping_status":"open","sticky":false,"template":"","format":"standard","meta":{"jetpack_post_was_ever_published":false,"_jetpack_newsletter_access":"","_jetpack_dont_email_post_to_subs":false,"_jetpack_newsletter_tier_id":0,"_jetpack_memberships_contains_paywalled_content":false,"_jetpack_memberships_contains_paid_content":false,"footnotes":"","jetpack_publicize_message":"","jetpack_publicize_feature_enabled":true,"jetpack_social_post_already_shared":true,"jetpack_social_options":{"image_generator_settings":{"template":"highway","default_image_id":0,"font":"","enabled":false},"version":2}},"categories":[657],"tags":[62573,3114,10685,37,1552,4609,7559,12762,17699,2191],"class_list":["post-252863","post","type-post","status-publish","format-standard","has-post-thumbnail","hentry","category-spor","tag-hakemlerimiz","tag-altinda","tag-baski","tag-ilk","tag-iyi","tag-nihat","tag-ozdemir","tag-performans","tag-sergilediler","tag-yarida"],"jetpack_publicize_connections":[],"jetpack_featured_media_url":"https:\/\/i0.wp.com\/www.tvturk.com\/wp-content\/uploads\/2020\/01\/nihat-ozdemir-hakemlerimiz-ilk-yarida-baski-altinda-iyi-performans-sergilediler_295a738.jpg?fit=1000%2C729","jetpack_sharing_enabled":true,"jetpack_shortlink":"https:\/\/wp.me\/paKIfm-13Mr","_links":{"self":[{"href":"http:\/\/www.tvturk.com\/index.php\/wp-json\/wp\/v2\/posts\/252863","targetHints":{"allow":["GET"]}}],"collection":[{"href":"http:\/\/www.tvturk.com\/index.php\/wp-json\/wp\/v2\/posts"}],"about":[{"href":"http:\/\/www.tvturk.com\/index.php\/wp-json\/wp\/v2\/types\/post"}],"author":[{"embeddable":true,"href":"http:\/\/www.tvturk.com\/index.php\/wp-json\/wp\/v2\/users\/1"}],"replies":[{"embeddable":true,"href":"http:\/\/www.tvturk.com\/index.php\/wp-json\/wp\/v2\/comments?post=252863"}],"version-history":[{"count":0,"href":"http:\/\/www.tvturk.com\/index.php\/wp-json\/wp\/v2\/posts\/252863\/revisions"}],"wp:featuredmedia":[{"embeddable":true,"href":"http:\/\/www.tvturk.com\/index.php\/wp-json\/wp\/v2\/media\/252864"}],"wp:attachment":[{"href":"http:\/\/www.tvturk.com\/index.php\/wp-json\/wp\/v2\/media?parent=252863"}],"wp:term":[{"taxonomy":"category","embeddable":true,"href":"http:\/\/www.tvturk.com\/index.php\/wp-json\/wp\/v2\/categories?post=252863"},{"taxonomy":"post_tag","embeddable":true,"href":"http:\/\/www.tvturk.com\/index.php\/wp-json\/wp\/v2\/tags?post=252863"}],"curies":[{"name":"wp","href":"https:\/\/api.w.org\/{rel}","templated":true}]}}