{"id":252897,"date":"2020-01-07T17:17:42","date_gmt":"2020-01-07T14:17:42","guid":{"rendered":"http:\/\/www.tvturk.com\/index.php\/canberk-dilaver-gerekirse-tekmeye-kafa-uzatacagiz\/"},"modified":"2020-01-07T17:17:42","modified_gmt":"2020-01-07T14:17:42","slug":"canberk-dilaver-gerekirse-tekmeye-kafa-uzatacagiz","status":"publish","type":"post","link":"http:\/\/www.tvturk.com\/index.php\/canberk-dilaver-gerekirse-tekmeye-kafa-uzatacagiz\/","title":{"rendered":"Canberk Dilaver: &#8220;Gerekirse tekmeye kafa uzataca\u011f\u0131z&#8221;"},"content":{"rendered":"<p>TFF 1. Lig ekiplerinden Adanaspor\u2019un devre aras\u0131nda Y\u0131lport Samsunspor\u2019dan transfer etti\u011fi sol bek oyuncusu Canberk Dilaver, gerekirse tekmeye kafa uzatacaklar\u0131n\u0131, sahada sonuna kadar m\u00fccadele edeceklerini s\u00f6yledi.<\/p>\n<p>Adanaspor\u2019un sol bek oyuncusu Canberk Dilaver, a\u00e7\u0131klamalarda bulundu. Dilaver, Adanaspor\u2019da oldu\u011fu i\u00e7in mutlu oldu\u011funu ifade ederek, &#8220;Bu sene herkesin \u00e7ok sab\u0131rl\u0131 olmas\u0131 gerekiyor. Bu sene Canberk, Ahmet, Mehmet \u00f6nemli de\u011fil. Bu y\u0131l ne olursa olsun k\u00fcmede kalmam\u0131z laz\u0131m. Gerekirse tekmeye kafa uzataca\u011f\u0131z. Hepimiz sahada sonuna kadar m\u00fccadele edece\u011fiz. Alt s\u0131ralardan bir an \u00f6nce kurtulmam\u0131z laz\u0131m. Akl\u0131mda d\u00fc\u015fme korkusu kesinlikle yok. Tak\u0131m\u0131m\u0131z birbirine kenetlenirse her \u015feyin \u00fcstesinden geliriz. Sakatl\u0131\u011f\u0131m ile ilgili hi\u00e7 bir s\u0131k\u0131nt\u0131m yok. \u015eu anda kendimi haz\u0131r hissediyorum. Gayet iyi bir kamp d\u00f6nemi ge\u00e7iriyoruz. Eksiklerimizi giderdi\u011fimiz takdirde g\u00fczel sonu\u00e7lar alaca\u011f\u0131m\u0131za inan\u0131yorum&#8221; dedi.<\/p>\n","protected":false},"excerpt":{"rendered":"<p>SOL BEK OYUNCUSU CANBERK D\u0130LAVER, &#8220;BU SENE HERKES\u0130N \u00c7OK SABIRLI OLMASI GEREK\u0130YOR. BU SENE CANBERK, AHMET, MEHMET \u00d6NEML\u0130 DE\u011e\u0130L. BU YIL NE OLURSA OLSUN K\u00dcMEDE KALMAMIZ LAZIM. GEREK\u0130RSE TEKMEYE KAFA UZATACA\u011eIZ&#8221; DED\u0130.<\/p>\n","protected":false},"author":1,"featured_media":252898,"comment_status":"closed","ping_status":"open","sticky":false,"template":"","format":"standard","meta":{"jetpack_post_was_ever_published":false,"_jetpack_newsletter_access":"","_jetpack_dont_email_post_to_subs":false,"_jetpack_newsletter_tier_id":0,"_jetpack_memberships_contains_paywalled_content":false,"_jetpack_memberships_contains_paid_content":false,"footnotes":"","jetpack_publicize_message":"","jetpack_publicize_feature_enabled":true,"jetpack_social_post_already_shared":true,"jetpack_social_options":{"image_generator_settings":{"template":"highway","default_image_id":0,"font":"","enabled":false},"version":2}},"categories":[657],"tags":[13854,62584,53636,5337,54021,23855],"class_list":["post-252897","post","type-post","status-publish","format-standard","has-post-thumbnail","hentry","category-spor","tag-gerekirse","tag-canberk","tag-dilaver","tag-kafa","tag-tekmeye","tag-uzatacagiz"],"jetpack_publicize_connections":[],"jetpack_featured_media_url":"https:\/\/i0.wp.com\/www.tvturk.com\/wp-content\/uploads\/2020\/01\/canberk-dilaver-gerekirse-tekmeye-kafa-uzatacagiz_c76d30b.jpg?fit=1000%2C655","jetpack_sharing_enabled":true,"jetpack_shortlink":"https:\/\/wp.me\/paKIfm-13MZ","_links":{"self":[{"href":"http:\/\/www.tvturk.com\/index.php\/wp-json\/wp\/v2\/posts\/252897","targetHints":{"allow":["GET"]}}],"collection":[{"href":"http:\/\/www.tvturk.com\/index.php\/wp-json\/wp\/v2\/posts"}],"about":[{"href":"http:\/\/www.tvturk.com\/index.php\/wp-json\/wp\/v2\/types\/post"}],"author":[{"embeddable":true,"href":"http:\/\/www.tvturk.com\/index.php\/wp-json\/wp\/v2\/users\/1"}],"replies":[{"embeddable":true,"href":"http:\/\/www.tvturk.com\/index.php\/wp-json\/wp\/v2\/comments?post=252897"}],"version-history":[{"count":0,"href":"http:\/\/www.tvturk.com\/index.php\/wp-json\/wp\/v2\/posts\/252897\/revisions"}],"wp:featuredmedia":[{"embeddable":true,"href":"http:\/\/www.tvturk.com\/index.php\/wp-json\/wp\/v2\/media\/252898"}],"wp:attachment":[{"href":"http:\/\/www.tvturk.com\/index.php\/wp-json\/wp\/v2\/media?parent=252897"}],"wp:term":[{"taxonomy":"category","embeddable":true,"href":"http:\/\/www.tvturk.com\/index.php\/wp-json\/wp\/v2\/categories?post=252897"},{"taxonomy":"post_tag","embeddable":true,"href":"http:\/\/www.tvturk.com\/index.php\/wp-json\/wp\/v2\/tags?post=252897"}],"curies":[{"name":"wp","href":"https:\/\/api.w.org\/{rel}","templated":true}]}}