{"id":252969,"date":"2020-01-08T09:31:41","date_gmt":"2020-01-08T06:31:41","guid":{"rendered":"http:\/\/www.tvturk.com\/index.php\/sinifin-32-ogrencisi-tarcin\/"},"modified":"2020-01-08T09:31:41","modified_gmt":"2020-01-08T06:31:41","slug":"sinifin-32-ogrencisi-tarcin","status":"publish","type":"post","link":"http:\/\/www.tvturk.com\/index.php\/sinifin-32-ogrencisi-tarcin\/","title":{"rendered":"S\u0131n\u0131f\u0131n 32. \u00f6\u011frencisi &#8220;Tar\u00e7\u0131n&#8221;"},"content":{"rendered":"<p>Ordu\u2019nun \u00dcnye il\u00e7esinde minik \u00f6\u011frencilerin ve \u00f6\u011fretmenlerin besleyip b\u00fcy\u00fctmeye \u00e7al\u0131\u015ft\u0131\u011f\u0131 &#8220;Tar\u00e7\u0131n&#8221; isimli k\u00f6pek, s\u0131n\u0131f\u0131n 32. \u00f6\u011frencisi oldu.<\/p>\n<p>Milli E\u011fitim Bakanl\u0131\u011f\u0131 taraf\u0131ndan &#8220;Her Okulun Bir Sokak K\u00f6pe\u011fi Projesi&#8221; kapsam\u0131nda \u00f6\u011fretmen Ay\u015fe Y\u00fcksel\u2019in giri\u015fimleriyle okula kazand\u0131rd\u0131\u011f\u0131 &#8220;Tar\u00e7\u0131n&#8221; isimli k\u00f6pek \u015fimdilerde s\u0131n\u0131f\u0131n 32. \u00f6\u011frencisi oldu. K\u0131sa s\u00fcrede okula ve s\u0131n\u0131ftaki \u00f6\u011frencilere uyum sa\u011flayarak mutlu oldu\u011fu g\u00f6zlenen &#8220;Tar\u00e7\u0131n&#8221; e\u011fitim sezonunun ba\u015f\u0131ndan bu yana s\u0131n\u0131f\u0131n en sevilen \u00f6\u011frencisi oldu. Okulda di\u011fer \u00f6\u011fretmen personel ve \u00f6\u011frencilerin adeta ne\u015fe kayna\u011f\u0131 olan Tar\u00e7\u0131n\u2019\u0131n keyfi ise \u015fimdilerde \u00e7ok yerinde.<\/p>\n<p>Her sabah evden s\u0131n\u0131fa Tar\u00e7\u0131n\u2019\u0131 getiren ve \u00f6zellikle kendi s\u0131n\u0131f\u0131n\u0131n \u00f6\u011frencilerinin de Tar\u00e7\u0131n\u2019\u0131 adeta arkada\u015f\u0131 gibi g\u00f6rd\u00fc\u011f\u00fcn\u00fc s\u00f6yleyen okulun 1-D s\u0131n\u0131f\u0131 \u00f6\u011fretmeni Ay\u015fe Y\u00fcksel, &#8220;Ben ge\u00e7en y\u0131l s\u0131n\u0131f \u00f6\u011frencilerimle Sevgililer G\u00fcn\u00fc\u2019n\u00fc sokak hayvanlar\u0131 ile kutlad\u0131k. O g\u00fcn orada sokak k\u00f6peklerinin durumu bizlerin dikkatini \u00e7ekmi\u015fti. Bu y\u0131lda Milli E\u011fitim Bakan\u0131m\u0131z Ziya Sel\u00e7uk Bey bu konuda bize \u00e7ok destek verdi. Bakanl\u0131\u011f\u0131n \u2019Her Okulun Bir Sokak K\u00f6pe\u011fi Projesi\u2019 ile biz de bunu daha k\u00fc\u00e7\u00fck s\u0131n\u0131f \u00e7ap\u0131nda ba\u015flatt\u0131k. \u00c7\u00fcnk\u00fc yavru k\u00f6pe\u011fimiz biraz daha b\u00fcy\u00fcy\u00fcnce okulumuzun k\u00f6pe\u011fi olacak. Tabii ki onu el birli\u011fiyle b\u00fcy\u00fctmeye \u00e7al\u0131\u015f\u0131yoruz&#8221; dedi.<\/p>\n<p>Y\u00fcksel, s\u0131n\u0131fta Tar\u00e7\u0131n\u2019\u0131n ayr\u0131 bir sevgisi ve s\u0131n\u0131f\u0131n 32. \u00f6\u011frencisi oldu\u011funu belirtti.<\/p>\n<p>&#8220;Bu proje \u00e7ocuklarda merhametini de geli\u015ftirdi&#8221;<\/p>\n<p>Projenin \u00e7ocuklarda merhametini geli\u015ftirdi\u011fini ve sevgisini y\u00fckseltti\u011fini s\u00f6yleyen Atat\u00fcrk \u0130lkokulu M\u00fcd\u00fcr\u00fc Ertan G\u00fcl ise, &#8220;Tar\u00e7\u0131n bizim 1-D s\u0131n\u0131f\u0131m\u0131z\u0131n 32. eleman\u0131 oldu. Tar\u00e7\u0131n ilk geldi\u011finde k\u00fc\u00e7\u00fcc\u00fckt\u00fc. Ay\u015fe Han\u0131m s\u0131n\u0131f\u0131m\u0131za getirdi ve Tar\u00e7\u0131n\u2019\u0131n \u00e7ok sevimli oldu\u011funu g\u00f6rd\u00fck. \u00d6\u011frenciler onu b\u0131rakmak istemediler. Biz de Milli E\u011fitim Bakanl\u0131\u011f\u0131n\u0131n bir projesi kapsam\u0131nda \u2019her okulun bir hayvan\u0131 olsun\u2019 diyerek Tar\u00e7\u0131n\u2019\u0131 s\u0131n\u0131f\u0131m\u0131za kazand\u0131rd\u0131k. O adeta s\u0131n\u0131f\u0131m\u0131z\u0131n maskotu oldu. \u00c7ocuklar\u0131m\u0131z art\u0131k ondan ayr\u0131lam\u0131yor ve her ak\u015fam eve g\u00f6t\u00fcrmek istiyorlar&#8221; \u015feklinde konu\u015ftu.<\/p>\n","protected":false},"excerpt":{"rendered":"<p>ORDU&#8217;NUN \u00dcNYE \u0130L\u00c7ES\u0130NDE M\u0130N\u0130K \u00d6\u011eRENC\u0130LER\u0130N VE \u00d6\u011eRETMENLER\u0130N BESLEY\u0130P B\u00dcY\u00dcTMEYE \u00c7ALI\u015eTI\u011eI  &#8220;TAR\u00c7IN&#8221; \u0130S\u0130ML\u0130 K\u00d6PEK SINIFIN 32. \u00d6\u011eRENC\u0130S\u0130 OLDU.<\/p>\n","protected":false},"author":1,"featured_media":252970,"comment_status":"closed","ping_status":"open","sticky":false,"template":"","format":"standard","meta":{"jetpack_post_was_ever_published":false,"_jetpack_newsletter_access":"","_jetpack_dont_email_post_to_subs":false,"_jetpack_newsletter_tier_id":0,"_jetpack_memberships_contains_paywalled_content":false,"_jetpack_memberships_contains_paid_content":false,"footnotes":"","jetpack_publicize_message":"","jetpack_publicize_feature_enabled":true,"jetpack_social_post_already_shared":true,"jetpack_social_options":{"image_generator_settings":{"template":"highway","default_image_id":0,"font":"","enabled":false},"version":2}},"categories":[1],"tags":[5577,2056,6999,35202],"class_list":["post-252969","post","type-post","status-publish","format-standard","has-post-thumbnail","hentry","category-genel","tag-5577","tag-ogrencisi","tag-sinifin","tag-tarcin"],"jetpack_publicize_connections":[],"jetpack_featured_media_url":"https:\/\/i0.wp.com\/www.tvturk.com\/wp-content\/uploads\/2020\/01\/sinifin-32-ogrencisi-tarcin_d7152ba.jpg?fit=1000%2C666","jetpack_sharing_enabled":true,"jetpack_shortlink":"https:\/\/wp.me\/paKIfm-13O9","_links":{"self":[{"href":"http:\/\/www.tvturk.com\/index.php\/wp-json\/wp\/v2\/posts\/252969","targetHints":{"allow":["GET"]}}],"collection":[{"href":"http:\/\/www.tvturk.com\/index.php\/wp-json\/wp\/v2\/posts"}],"about":[{"href":"http:\/\/www.tvturk.com\/index.php\/wp-json\/wp\/v2\/types\/post"}],"author":[{"embeddable":true,"href":"http:\/\/www.tvturk.com\/index.php\/wp-json\/wp\/v2\/users\/1"}],"replies":[{"embeddable":true,"href":"http:\/\/www.tvturk.com\/index.php\/wp-json\/wp\/v2\/comments?post=252969"}],"version-history":[{"count":0,"href":"http:\/\/www.tvturk.com\/index.php\/wp-json\/wp\/v2\/posts\/252969\/revisions"}],"wp:featuredmedia":[{"embeddable":true,"href":"http:\/\/www.tvturk.com\/index.php\/wp-json\/wp\/v2\/media\/252970"}],"wp:attachment":[{"href":"http:\/\/www.tvturk.com\/index.php\/wp-json\/wp\/v2\/media?parent=252969"}],"wp:term":[{"taxonomy":"category","embeddable":true,"href":"http:\/\/www.tvturk.com\/index.php\/wp-json\/wp\/v2\/categories?post=252969"},{"taxonomy":"post_tag","embeddable":true,"href":"http:\/\/www.tvturk.com\/index.php\/wp-json\/wp\/v2\/tags?post=252969"}],"curies":[{"name":"wp","href":"https:\/\/api.w.org\/{rel}","templated":true}]}}