{"id":252977,"date":"2020-01-08T09:46:14","date_gmt":"2020-01-08T06:46:14","guid":{"rendered":"http:\/\/www.tvturk.com\/index.php\/iranda-dusen-ucaktaki-tum-yolcu-ve-murettebat-oldu\/"},"modified":"2020-01-08T09:46:14","modified_gmt":"2020-01-08T06:46:14","slug":"iranda-dusen-ucaktaki-tum-yolcu-ve-murettebat-oldu","status":"publish","type":"post","link":"http:\/\/www.tvturk.com\/index.php\/iranda-dusen-ucaktaki-tum-yolcu-ve-murettebat-oldu\/","title":{"rendered":"\u0130ran\u2019da d\u00fc\u015fen u\u00e7aktaki t\u00fcm yolcu ve m\u00fcrettebat \u00f6ld\u00fc"},"content":{"rendered":"<p>\u0130ran devlet televizyonu, ba\u015fkent Tahran\u2019da d\u00fc\u015fen yolcu u\u00e7a\u011f\u0131ndaki en az 170 yolcu ve m\u00fcrettebat\u0131n \u00f6ld\u00fc\u011f\u00fcn\u00fc duyurdu.<\/p>\n<p>Tahran \u0130mam H\u00fcmeyni Havaliman\u0131\u2019ndan Ukrayna\u2019n\u0131n ba\u015fkenti Kiev\u2019e gitmek \u00fczere havalanan Boeing 737 tipi yolcu u\u00e7a\u011f\u0131, kalk\u0131\u015ftan k\u0131sa bir s\u00fcre sonra d\u00fc\u015ft\u00fc. Olaya ili\u015fkin ilk a\u00e7\u0131klamada, yolcu u\u00e7a\u011f\u0131n\u0131n teknik ar\u0131za sonucu d\u00fc\u015ft\u00fc\u011f\u00fc belirtildi. \u0130ran devlet televizyonu, u\u00e7akta bulunan en az 170 yolcu ve m\u00fcrettebat\u0131n hayat\u0131n\u0131 kaybetti\u011fini a\u00e7\u0131klad\u0131.<\/p>\n","protected":false},"excerpt":{"rendered":"<p>\u0130RAN DEVLET TELEV\u0130ZYONU, BA\u015eKENT TAHRAN\u2019DA D\u00dc\u015eEN YOLCU U\u00c7A\u011eINDAK\u0130 EN AZ 170 YOLCU VE M\u00dcRETTEBATIN \u00d6LD\u00dc\u011e\u00dcN\u00dc DUYURDU.<\/p>\n","protected":false},"author":1,"featured_media":252978,"comment_status":"closed","ping_status":"open","sticky":false,"template":"","format":"standard","meta":{"jetpack_post_was_ever_published":false,"_jetpack_newsletter_access":"","_jetpack_dont_email_post_to_subs":false,"_jetpack_newsletter_tier_id":0,"_jetpack_memberships_contains_paywalled_content":false,"_jetpack_memberships_contains_paid_content":false,"footnotes":"","jetpack_publicize_message":"","jetpack_publicize_feature_enabled":true,"jetpack_social_post_already_shared":true,"jetpack_social_options":{"image_generator_settings":{"template":"highway","default_image_id":0,"font":"","enabled":false},"version":2}},"categories":[10],"tags":[762,116,40521,77,1325,62595,6459],"class_list":["post-252977","post","type-post","status-publish","format-standard","has-post-thumbnail","hentry","category-dunya","tag-dusen","tag-iranda","tag-murettebat","tag-oldu","tag-tum","tag-ucaktaki","tag-yolcu"],"jetpack_publicize_connections":[],"jetpack_featured_media_url":"https:\/\/i0.wp.com\/www.tvturk.com\/wp-content\/uploads\/2020\/01\/iranda-dusen-ucaktaki-tum-yolcu-ve-murettebat-oldu_f8317fb.jpg?fit=1000%2C750","jetpack_sharing_enabled":true,"jetpack_shortlink":"https:\/\/wp.me\/paKIfm-13Oh","_links":{"self":[{"href":"http:\/\/www.tvturk.com\/index.php\/wp-json\/wp\/v2\/posts\/252977","targetHints":{"allow":["GET"]}}],"collection":[{"href":"http:\/\/www.tvturk.com\/index.php\/wp-json\/wp\/v2\/posts"}],"about":[{"href":"http:\/\/www.tvturk.com\/index.php\/wp-json\/wp\/v2\/types\/post"}],"author":[{"embeddable":true,"href":"http:\/\/www.tvturk.com\/index.php\/wp-json\/wp\/v2\/users\/1"}],"replies":[{"embeddable":true,"href":"http:\/\/www.tvturk.com\/index.php\/wp-json\/wp\/v2\/comments?post=252977"}],"version-history":[{"count":0,"href":"http:\/\/www.tvturk.com\/index.php\/wp-json\/wp\/v2\/posts\/252977\/revisions"}],"wp:featuredmedia":[{"embeddable":true,"href":"http:\/\/www.tvturk.com\/index.php\/wp-json\/wp\/v2\/media\/252978"}],"wp:attachment":[{"href":"http:\/\/www.tvturk.com\/index.php\/wp-json\/wp\/v2\/media?parent=252977"}],"wp:term":[{"taxonomy":"category","embeddable":true,"href":"http:\/\/www.tvturk.com\/index.php\/wp-json\/wp\/v2\/categories?post=252977"},{"taxonomy":"post_tag","embeddable":true,"href":"http:\/\/www.tvturk.com\/index.php\/wp-json\/wp\/v2\/tags?post=252977"}],"curies":[{"name":"wp","href":"https:\/\/api.w.org\/{rel}","templated":true}]}}