{"id":252983,"date":"2020-01-08T09:46:48","date_gmt":"2020-01-08T06:46:48","guid":{"rendered":"http:\/\/www.tvturk.com\/index.php\/ozel-haber-yusuf-erdogan-aklimda-kasimpasa-ve-galatasaray-vardi\/"},"modified":"2020-01-08T09:46:48","modified_gmt":"2020-01-08T06:46:48","slug":"ozel-haber-yusuf-erdogan-aklimda-kasimpasa-ve-galatasaray-vardi","status":"publish","type":"post","link":"http:\/\/www.tvturk.com\/index.php\/ozel-haber-yusuf-erdogan-aklimda-kasimpasa-ve-galatasaray-vardi\/","title":{"rendered":"(\u00d6zel haber) Yusuf Erdo\u011fan: &#8220;Akl\u0131mda Kas\u0131mpa\u015fa ve Galatasaray vard\u0131&#8221;"},"content":{"rendered":"<p>Kas\u0131mpa\u015fal\u0131 futbolcu Yusuf Erdo\u011fan, yaz transfer d\u00f6neminde Avrupa\u2019dan birka\u00e7 tane teklif ald\u0131\u011f\u0131n\u0131 a\u00e7\u0131klayarak, &#8220;Benim o d\u00f6nem iki tak\u0131m vard\u0131 akl\u0131mda. Birisi \u015fu an oynad\u0131\u011f\u0131m kul\u00fcp Kas\u0131mpa\u015fa, di\u011feri Galatasaray\u2019d\u0131. Avrupa\u2019ya gitmek i\u00e7in gitmek istemedim&#8221; diye konu\u015ftu.<\/p>\n<p>S\u00fcper Lig\u2019in devre aras\u0131 haz\u0131rl\u0131klar\u0131n\u0131 Antalya Belek\u2019te s\u00fcrd\u00fcren Kas\u0131mpa\u015fa\u2019da ba\u015far\u0131l\u0131 futbolcu Yusuf Erdo\u011fan, \u0130hlas Haber Ajans\u0131\u2019na (\u0130HA) a\u00e7\u0131klamalarda bulundu. Sezon ba\u015f\u0131 Kas\u0131mpa\u015fa\u2019dan teklif geldi\u011finde \u00e7ok heyecanland\u0131\u011f\u0131n\u0131 belirten Erdo\u011fan, &#8220;Hem futbol portf\u00f6y\u00fc olarak, hem de ki\u015fisel anlamda kendimi geli\u015ftirece\u011fimi d\u00fc\u015f\u00fcnd\u00fcm. \u00dclke futbolunda 2 t\u0131k \u00fcst bir kul\u00fcbe geldim. Mantalite ve y\u00f6netili\u015f anlam\u0131nda d\u00fc\u015f\u00fcnd\u00fc\u011f\u00fcm \u015feyleri g\u00f6r\u00fcyorum burada. \u00c7ok iyi y\u0131ld\u0131z isimlerimiz var. Gen\u00e7lerde \u00e7ok iyi isimler var. \u0130ni\u015fli, \u00e7\u0131k\u0131\u015fl\u0131 \u00e7ok az rastlanan bir tak\u0131m olduk. Bir ma\u00e7 \u00e7ok \u00fcst d\u00fczey performans, \u00f6b\u00fcr ma\u00e7 \u00e7ok tersini oynad\u0131k. Futbol sonu\u00e7 oyunu oldu\u011fu i\u00e7in iyi oynad\u0131\u011f\u0131m\u0131z ma\u00e7lar\u0131 kaybetti\u011fimizde yine kaybettiler diye g\u00f6steriyorlar. En fazla 1-2 ma\u011flubiyeti kabullenmi\u015f olarak bir ma\u00e7 oynad\u0131k. Bence bu seriye ba\u011flanacak diye d\u00fc\u015f\u00fcn\u00fcyorum. \u0130yi bir tak\u0131m\u0131m\u0131z var. \u0130statistiklere bak\u0131yoruz, topla oynamalarda ilk 5 tak\u0131m i\u00e7erisindeyiz, \u00f6ne h\u0131zl\u0131 h\u00fccumda 3 tak\u0131mdan biriyiz. Sadece bunu galibiyete \u00e7evirmemiz gerekiyor. \u0130kinci yar\u0131da hocam\u0131z\u0131n istediklerini yaparak olaca\u011f\u0131n\u0131 d\u00fc\u015f\u00fcn\u00fcyorum. O potansiyel, kapasite var. Benim a\u00e7\u0131mdan da iyi giden bir sezonda olmamas\u0131 gereken bir \u015fey oldu. Fenerbah\u00e7e ma\u00e7\u0131na asistle ba\u015flam\u0131\u015ft\u0131m. Sonra alakas\u0131z bir pozisyonda bir futbolcu ad\u0131 ile konu\u015fmak istemiyorum ama bana agresif bir tutum sergilediler. Topa vurduktan sonra ayak bile\u011fime vurdu ve 4 ba\u011f\u0131m koptu. A\u011f\u0131r ve sanc\u0131l\u0131 bir s\u00fcre\u00e7 ge\u00e7iyor. Bir s\u00fcredir futbol oynam\u0131yorum. Biraz daha sahadan uzak kalaca\u011f\u0131m. 1 ay daha sahalardan uzak kalaca\u011f\u0131m baya\u011f\u0131 ciddi bir sakatl\u0131k. Uzun zamand\u0131r bu kadar sakatl\u0131klarla u\u011fra\u015fmam\u0131\u015ft\u0131m. Buda ya\u015fanmas\u0131 gereken bir \u015feymi\u015f gibi d\u00fc\u015f\u00fcn\u00fcyorum&#8221; dedi.<\/p>\n<p>&#8220;Quaresma b\u00fcy\u00fck bir isim&#8221;<\/p>\n<p>Trabzonspor\u2019da oynarken Quaresma\u2019n\u0131n yapt\u0131\u011f\u0131 sert m\u00fcdahale ile ilgili konu\u015fan Erdo\u011fan, &#8220;\u0130lk idmana \u00e7\u0131kt\u0131\u011f\u0131mda muhabbeti yapm\u0131\u015ft\u0131k ve o da \u00fcz\u00fcld\u00fc\u011f\u00fcn\u00fc s\u00f6ylemi\u015fti. 3 seneyi ge\u00e7ti espriye vurmaya ba\u015flad\u0131k. \u00d6yle bir isimle \u00e7al\u0131\u015ft\u0131\u011f\u0131m\u0131z i\u00e7in ayr\u0131 bir hikaye oldu\u011funu d\u00fc\u015f\u00fcn\u00fcyorum. B\u00fcy\u00fck bir isim. Onun tecr\u00fcbelerinden ve futbol tarz\u0131ndan bir \u015feyler katmam\u0131z gerekti\u011fini d\u00fc\u015f\u00fcn\u00fcyorum&#8221; ifadelerini kulland\u0131.<\/p>\n<p>&#8220;Akl\u0131mda Kas\u0131mpa\u015fa ve Galatasaray vard\u0131&#8221;<\/p>\n<p>Sezon ba\u015f\u0131nda ya\u015fad\u0131\u011f\u0131 transfer s\u00fcrecini de anlatan 27 ya\u015f\u0131ndaki futbolcu, \u201cBirka\u00e7 tane Avrupa\u2019dan teklif gelmi\u015fti. Benim o d\u00f6nem akl\u0131mda iki tak\u0131m vard\u0131. Birisi \u015fu an oynad\u0131\u011f\u0131m kul\u00fcp, di\u011feri Galatasaray\u2019d\u0131. Avrupa\u2019ya gitmek i\u00e7in gitmek istemedim a\u00e7\u0131k\u00e7as\u0131. Daha oturmu\u015f tak\u0131mlara gitmek istedim. Nasip buras\u0131 oldu. Her \u015ferde bir hay\u0131r varm\u0131\u015f s\u00f6z\u00fcne inan\u0131yorum, bunu ya\u015fayarak g\u00f6rd\u00fcm. Orada olsak daha farkl\u0131 \u015feyler olabilirdi. \u00dclkemizde futbol anlam\u0131nda s\u0131k\u0131nt\u0131l\u0131 bir d\u00f6nemden ge\u00e7iyoruz. Bunu da \u015fu anda en a\u015fa\u011f\u0131 seviyede ge\u00e7iren kul\u00fcplerden biri Kas\u0131mpa\u015fa. Hem maddi hem y\u00f6netimsel olarak \u00e7ok mutluyum burada\u201d \u015feklinde konu\u015ftu.<\/p>\n<p>&#8220;Kas\u0131mpa\u015fa\u2019da sadece futbolla ilgileniyorsunuz&#8221;<\/p>\n<p>Kul\u00fcplerin y\u00f6netim \u015fekilleri hakk\u0131nda fikirlerini belirten Erdo\u011fan, &#8220;Kas\u0131mpa\u015fa gibi 1 veya 2 tane kul\u00fcp vard\u0131r. 4 y\u0131l Trabzonspor, 2 y\u0131l Bursaspor\u2019da oynad\u0131m. 2 tane farkl\u0131 kul\u00fcp ama ayn\u0131 mantalitede olan kul\u00fcpte oynad\u0131m. \u0130nsanlar kendi \u015feylerini daha \u00e7ok benimser ya kul\u00fcpleri de \u00f6yle d\u00fc\u015f\u00fcn\u00fcyorum. Ben Trabzonspor\u2019da 3 tane ba\u015fkan, 10\u2019un \u00fczerinde hocayla \u00e7al\u0131\u015ft\u0131m ve futbolcular\u0131 sayam\u0131yorum. Belki 100 futbolcuyla \u00e7al\u0131\u015fm\u0131\u015f\u0131md\u0131r. Ayn\u0131s\u0131 Bursaspor i\u00e7in de ge\u00e7erliydi. \u00c7ok fazla aksiyon ve kar\u0131\u015f\u0131kl\u0131k vard\u0131. Burada herkesin kafas\u0131 \u00e7ok berrak \u00e7ok net. Burada sadece futbolla ilgileniyorsunuz. Ba\u015fka bir \u015feyle u\u011fra\u015fma l\u00fcks\u00fcn\u00fcz yok. Buraya geldi\u011fimde 3-4 y\u0131ld\u0131r burada olan insanlar vard\u0131 ve aray\u0131p sordu\u011fumda d\u00fc\u015f\u00fcnmeden buraya gel c\u00fcmlesini duyabiliyorsan ben b\u00f6yle bir tak\u0131m g\u00f6rmedim T\u00fcrkiye\u2019de. Buran\u0131n \u00f6zel bir yeri var \u00fclke anlam\u0131nda. B\u00f6yle kul\u00fcplerimizin \u00e7o\u011falmas\u0131n\u0131 \u00e7ok istiyoruz. Ba\u015fkan\u0131m\u0131z ve Ciner Holding\u2019e te\u015fekk\u00fcr ediyorum. Muhte\u015fem mantalite olu\u015fturmu\u015flar&#8221; dedi.<\/p>\n<p>&#8220;Tayfur hoca en tecr\u00fcbeli insanlardan biri&#8221;<\/p>\n<p>Kas\u0131mpa\u015fa Teknik Direkt\u00f6r\u00fc Tayfur Havut\u00e7u ile ilgili g\u00f6r\u00fc\u015flerini belirten Yusuf Erdo\u011fan, &#8220;Futbolculuk anlam\u0131nda en tecr\u00fcbeli insanlardan biri. \u00d6ncelikle \u00e7ok iyi bir karakter ve kariyer. Antren\u00f6rl\u00fck anlam\u0131nda da milli tak\u0131m ve Be\u015fikta\u015f deneyimi var. Hocadan \u00f6nce \u00e7ok iyi bir insan. \u0130nsanlara yakla\u015f\u0131m\u0131 \u00e7ok iyi. \u0130nsan ili\u015fkileri \u00e7ok fazla. Kendisi bize \u00e7ok insanc\u0131l yakla\u015f\u0131yor. \u0130n\u015fallah kul\u00fcb\u00fcm\u00fcz a\u00e7\u0131s\u0131ndan g\u00fczel bir hamle oldu\u011funu d\u00fc\u015f\u00fcn\u00fcyorum. Kemal hoca da son zamanlarda \u00e7al\u0131\u015ft\u0131\u011f\u0131m en karakterli insanlardan biri. \u0130yi bir antren\u00f6r. \u0130yi bir \u00f6\u011fretici. \u0130n\u015fallah oda \u00e7ok ba\u015far\u0131l\u0131 olur. \u015eimdi art\u0131k herkes i\u00e7in yeni bir sayfa olu\u015ftu. Hocam\u0131z\u0131n geli\u015fiyle hem performans hem insanlar\u0131n daha uyumlu oldu\u011funu d\u00fc\u015f\u00fcn\u00fcyorum&#8221; ifadelerini kulland\u0131.<\/p>\n<p>&#8220;Herkesin milli tak\u0131m\u0131 oldu&#8221;<\/p>\n<p>A Milli Futbol Tak\u0131m\u0131 Teknik Direkt\u00f6r\u00fc \u015eenol G\u00fcne\u015f\u2019in yard\u0131mc\u0131l\u0131\u011f\u0131n\u0131 yapan Mehmet Kulaks\u0131zo\u011flu hakk\u0131nda konu\u015fan Erdo\u011fan, &#8220;2 hafta \u00f6nce Okay Yoku\u015flu\u2019nun d\u00fc\u011f\u00fcn\u00fc vard\u0131. Orada Mehmet hocay\u0131 g\u00f6rd\u00fcm. Orada k\u0131sa sohbetimiz oldu. O da bizden ve benden \u00e7ok umutlu. \u0130nsanlar\u0131n iyi bir Yusuf Erdo\u011fan izlemek gibi d\u00fc\u015f\u00fcncesi var. Bende kendimi iyi hissedip, sahada iyi bir ekiple oldu\u011fum zaman \u00e7ok iyi \u015feyler yapabilece\u011fimi d\u00fc\u015f\u00fcn\u00fcyorum. \u015eu an ki milli tak\u0131m\u0131m\u0131z herkesin milli tak\u0131m\u0131 oldu. Oynayan oynamayan, giden gitmeyen herkes 2000\u2019li y\u0131llardaki tak\u0131m\u0131 g\u00f6r\u00fcyor. \u00c7ok iyi bir grup var. \u0130n\u015fallah oraya kendimi atabilirsem Avrupa \u015eampiyonas\u0131 sonras\u0131 formaya kavu\u015fmak istiyorum. Takdir hocam\u0131z\u0131n&#8221; diye konu\u015ftu.<\/p>\n","protected":false},"excerpt":{"rendered":"<p>KASIMPA\u015eALI FUTBOLCU YUSUF ERDO\u011eAN, \u201cB\u0130RKA\u00c7 TANE AVRUPA\u2019DAN TEKL\u0130F GELM\u0130\u015eT\u0130 BANA. BEN\u0130M O D\u00d6NEM \u0130K\u0130 TAKIM VARDI AKLIMDA. B\u0130R\u0130S\u0130 \u015eUAN OYNADI\u011eIM KUL\u00dcP, D\u0130\u011eER\u0130 GALATASARAY\u2019DI. AVRUPA\u2019YA G\u0130TMEK \u0130\u00c7\u0130N G\u0130TMEK \u0130STEMED\u0130M A\u00c7IK\u00c7ASI\u201d D\u0130YE KONU\u015eTU.<\/p>\n","protected":false},"author":1,"featured_media":252984,"comment_status":"closed","ping_status":"open","sticky":false,"template":"","format":"standard","meta":{"jetpack_post_was_ever_published":false,"_jetpack_newsletter_access":"","_jetpack_dont_email_post_to_subs":false,"_jetpack_newsletter_tier_id":0,"_jetpack_memberships_contains_paywalled_content":false,"_jetpack_memberships_contains_paid_content":false,"footnotes":"","jetpack_publicize_message":"","jetpack_publicize_feature_enabled":true,"jetpack_social_post_already_shared":true,"jetpack_social_options":{"image_generator_settings":{"template":"highway","default_image_id":0,"font":"","enabled":false},"version":2}},"categories":[657],"tags":[1073,58475,649,1976,1545,1789,7931,5292],"class_list":["post-252983","post","type-post","status-publish","format-standard","has-post-thumbnail","hentry","category-spor","tag-ozel","tag-aklimda","tag-erdogan","tag-galatasaray","tag-haber","tag-kasimpasa","tag-vardi","tag-yusuf"],"jetpack_publicize_connections":[],"jetpack_featured_media_url":"https:\/\/i0.wp.com\/www.tvturk.com\/wp-content\/uploads\/2020\/01\/ozel-haber-yusuf-erdogan-aklimda-kasimpasa-ve-galatasaray-vardi_238922b.jpg?fit=1000%2C832","jetpack_sharing_enabled":true,"jetpack_shortlink":"https:\/\/wp.me\/paKIfm-13On","_links":{"self":[{"href":"http:\/\/www.tvturk.com\/index.php\/wp-json\/wp\/v2\/posts\/252983","targetHints":{"allow":["GET"]}}],"collection":[{"href":"http:\/\/www.tvturk.com\/index.php\/wp-json\/wp\/v2\/posts"}],"about":[{"href":"http:\/\/www.tvturk.com\/index.php\/wp-json\/wp\/v2\/types\/post"}],"author":[{"embeddable":true,"href":"http:\/\/www.tvturk.com\/index.php\/wp-json\/wp\/v2\/users\/1"}],"replies":[{"embeddable":true,"href":"http:\/\/www.tvturk.com\/index.php\/wp-json\/wp\/v2\/comments?post=252983"}],"version-history":[{"count":0,"href":"http:\/\/www.tvturk.com\/index.php\/wp-json\/wp\/v2\/posts\/252983\/revisions"}],"wp:featuredmedia":[{"embeddable":true,"href":"http:\/\/www.tvturk.com\/index.php\/wp-json\/wp\/v2\/media\/252984"}],"wp:attachment":[{"href":"http:\/\/www.tvturk.com\/index.php\/wp-json\/wp\/v2\/media?parent=252983"}],"wp:term":[{"taxonomy":"category","embeddable":true,"href":"http:\/\/www.tvturk.com\/index.php\/wp-json\/wp\/v2\/categories?post=252983"},{"taxonomy":"post_tag","embeddable":true,"href":"http:\/\/www.tvturk.com\/index.php\/wp-json\/wp\/v2\/tags?post=252983"}],"curies":[{"name":"wp","href":"https:\/\/api.w.org\/{rel}","templated":true}]}}