{"id":253003,"date":"2020-01-08T10:02:36","date_gmt":"2020-01-08T07:02:36","guid":{"rendered":"http:\/\/www.tvturk.com\/index.php\/ozel-haber-yasir-subasi-a-milli-takim-formasi-terletmek-istiyorum\/"},"modified":"2020-01-08T10:02:36","modified_gmt":"2020-01-08T07:02:36","slug":"ozel-haber-yasir-subasi-a-milli-takim-formasi-terletmek-istiyorum","status":"publish","type":"post","link":"http:\/\/www.tvturk.com\/index.php\/ozel-haber-yasir-subasi-a-milli-takim-formasi-terletmek-istiyorum\/","title":{"rendered":"(\u00d6zel haber) Yasir Suba\u015f\u0131: &#8220;A Milli Tak\u0131m formas\u0131 terletmek istiyorum&#8221;"},"content":{"rendered":"<p>Kayserisporlu futbolcu Yasir Suba\u015f\u0131, \u00f6ncelikli hedefinin A Milli Futbol Tak\u0131m\u0131 formas\u0131 giymek oldu\u011funu s\u00f6yledi. Yasir, ilerleyen y\u0131llarda Avrupa\u2019da top ko\u015fturmak istedi\u011fini de dile getirdi.<\/p>\n<p>S\u00fcper Lig\u2019in ilk yar\u0131s\u0131nda istedi\u011fi sonu\u00e7lar\u0131 alamayan ve 17 haftal\u0131k b\u00f6l\u00fcm\u00fc son s\u0131rada tamamlayan Kayserispor, ikinci devre haz\u0131rl\u0131klar\u0131n\u0131 Antalya Belek\u2019te s\u00fcrd\u00fcr\u00fcyor. Sar\u0131-k\u0131rm\u0131z\u0131l\u0131lar\u0131n 24 ya\u015f\u0131ndaki futbolcusu Yasir Suba\u015f\u0131 da \u0130hlas Haber Ajans\u0131\u2019na (\u0130HA) kariyer hedeflerinden tak\u0131m\u0131n son durumuna kadar bir\u00e7ok konuda a\u00e7\u0131klamalarda bulundu.<\/p>\n<p>&#8220;\u0130lk yar\u0131 i\u00e7 a\u00e7\u0131c\u0131 ge\u00e7medi&#8221;<\/p>\n<p>Sezon ba\u015f\u0131nda ligin ilk devresi i\u00e7in farkl\u0131 hedefler belirlediklerini ancak bu do\u011frultuda ilerleyemediklerini belirten Suba\u015f\u0131, &#8220;\u0130lk yar\u0131 i\u00e7 a\u00e7\u0131c\u0131 ge\u00e7medi. Bizim de sezon ba\u015f\u0131nda belirledi\u011fimiz hedef bu s\u0131rada olmak de\u011fildi. Biz \u00e7ok farkl\u0131 \u015feyler d\u00fc\u015f\u00fcn\u00fcyorduk. \u0130lk yar\u0131n\u0131n bitiminde bu konumda olmak istemiyorduk, \u00e7ok daha \u00fcst s\u0131ralarda olmak istiyorduk. Ama maddi manevi etkenler, baz\u0131 zorluklar, Kayserispor\u2019un ge\u00e7irdi\u011fi zor d\u00f6nemden dolay\u0131 k\u00f6t\u00fc bir gidi\u015fat sergiledik ilk yar\u0131da. Ama ikinci yar\u0131n\u0131n ba\u015flamas\u0131yla \u00e7\u0131k\u0131\u015fa ge\u00e7ece\u011fimize inan\u0131yorum&#8221; ifadelerini kulland\u0131.<\/p>\n<p>&#8220;Kayserispor \u00e7ok b\u00fcy\u00fck bir camia&#8221;<\/p>\n<p>Ya\u015fanan teknik direkt\u00f6r ve ba\u015fkan de\u011fi\u015fikliklerinin tak\u0131m\u0131 etkileyip, etkilemedi\u011finin sorulmas\u0131 \u00fczerine ba\u015far\u0131l\u0131 futbolcu, \u015fu cevab\u0131 verdi:<\/p>\n<p>&#8220;2 tane ba\u015fkan, 3 tane hoca de\u011fi\u015ftirdik. Demek ki ortada bir problem var. Bu en ba\u015fta bunun g\u00f6stergesi oluyor. Bu da ister istemez futbolcular\u0131 da etkiliyor. Ama biz bu etkenlerden en az yara alarak \u00e7\u0131kmaya \u00e7al\u0131\u015f\u0131yoruz. \u00c7\u00fcnk\u00fc Kayserispor \u00e7ok b\u00fcy\u00fck bir camia ve kesinlikle bu s\u0131rada olmay\u0131 hak etmiyor.&#8221;<\/p>\n<p>&#8220;Berna ba\u015fkan ba\u015far\u0131l\u0131 y\u00f6netim sergiliyor&#8221;<\/p>\n<p>Ba\u015fkan Berna G\u00f6zba\u015f\u0131\u2019n\u0131n y\u00f6netim kuruluyla birlikte tak\u0131m\u0131 zor durumdan kurtarmak i\u00e7in yo\u011fun mesai harcad\u0131\u011f\u0131n\u0131 s\u00f6zlerine ekleyen Yasir, &#8220;Berna ba\u015fkan T\u00fcrkiye\u2019nin ilk kad\u0131n ba\u015fkan\u0131. Bence \u015fu anda ba\u015far\u0131l\u0131 bir y\u00f6netim sergiliyor. Herkesle, b\u00fct\u00fcn futbolcularla ileti\u015fimi \u00e7ok iyi. Gerek personelle gerekse futbolcularla olsun g\u00fczel bir ileti\u015fim halindeyiz. G\u00fczel kenetlendik diyebiliriz. \u00c7ok \u00e7aba sarf ediyor. Sadece o de\u011fil, b\u00fct\u00fcn y\u00f6netim, futbolcular da personeller de Kayserispor\u2019u bu zor durumdan \u00e7\u0131karmak i\u00e7in \u00e7ok ter d\u00f6k\u00fcyoruz. O da elinden geleni yapmaya \u00e7al\u0131\u015f\u0131yor sabah ak\u015fam&#8221; diye konu\u015ftu<\/p>\n<p>&#8220;Yeni bir sayfa a\u00e7mak istiyoruz&#8221;<\/p>\n<p>Tak\u0131m\u0131n i\u00e7inde bir kenetlenme oldu\u011funa dikkat \u00e7eken Yasir Suba\u015f\u0131, &#8220;G\u00fczel bir atmosfer yakalad\u0131\u011f\u0131m\u0131za inan\u0131yorum. \u0130lk yar\u0131 \u00e7ok zor zamanlar ge\u00e7irdik. Ayr\u0131lan oyuncular oldu fazlas\u0131yla. Ama ikinci yar\u0131 her \u015feyi unutup yeni bir sayfa a\u00e7mak istiyoruz. Kenetlendik ve \u00e7ok iyi bir kamp d\u00f6nemi ge\u00e7iriyoruz. Eminim ki bu kamp d\u00f6neminde \u00e7al\u0131\u015ft\u0131\u011f\u0131m\u0131z\u0131n meyvelerini ikinci devre almaya ba\u015flayaca\u011f\u0131z. \u00dcst s\u0131ralara do\u011fru oynamaya ba\u015flayaca\u011f\u0131m\u0131za inan\u0131yorum&#8221; \u015feklinde konu\u015ftu.<\/p>\n<p>&#8220;Avrupa hedefim var&#8221;<\/p>\n<p>24 ya\u015f\u0131ndaki futbolcu, kariyer hedefleriyle alakal\u0131 ise \u015fu c\u00fcmleleri kulland\u0131:<\/p>\n<p>&#8220;Her T\u00fcrk futbolcunun hedefi oldu\u011fu gibi A Milli Tak\u0131m formas\u0131 terletmek istiyorum. En b\u00fcy\u00fck hedeflerimden bir tanesi. Tabii \u00e7o\u011fu gen\u00e7 oyuncunun da Avrupa hedefleri var. Benim de kesinlikle Avrupa hedefim var. Ama ben ad\u0131m ad\u0131m ilerlemeyi d\u00fc\u015f\u00fcn\u00fcyorum. \u015eu an Kayserispor\u2019da ter d\u00f6k\u00fcyorum ve onun i\u00e7in de elimden geleni yapmak istiyorum. \u00d6n\u00fcm\u00fczde bir 17 ma\u00e7 daha var. Aln\u0131m\u0131z\u0131n ak\u0131yla o 17 ma\u00e7\u0131 oynay\u0131p Kayserispor\u2019u bu zor durumdan \u00e7\u0131karmak istiyoruz. Ondan sonra ki\u015fisel hedeflerim i\u00e7in bir yol \u00e7izeriz Allah\u2019\u0131n izniyle.&#8221;<\/p>\n<p>\u201cMilli Tak\u0131m g\u00fczel hava yakalad\u0131\u201d<\/p>\n<p>A Milli Futbol Tak\u0131m\u0131\u2019n\u0131n iyi jenerasyonla \u00f6nemli i\u015fler ba\u015fard\u0131\u011f\u0131n\u0131 ifade eden Suba\u015f\u0131, &#8220;Milli tak\u0131m \u00e7ok g\u00fczel bir hava yakalad\u0131. \u00c7ok gen\u00e7 ve ba\u015far\u0131l\u0131 oyuncular\u0131m\u0131z var, Merih Demiral olsun, \u00c7a\u011flar olsun. \u015eimdi hepsini saymaya ba\u015flasam belki bir sayfa adam sayabilirim. \u00c7ok g\u00fczel bir hava yakaland\u0131. \u00c7ok da ba\u015far\u0131l\u0131 gidiyorlar \u015fu an. \u0130n\u015fallah EURO 2020\u2019de de en g\u00fczel ba\u015far\u0131y\u0131 \u00fclkemize getirirler&#8221; dedi.<\/p>\n<p>&#8220;Gen\u00e7 futbolcular\u0131n \u00e7ok \u00e7al\u0131\u015fmas\u0131 gerek&#8221;<\/p>\n<p>Yabanc\u0131 kural\u0131na k\u0131s\u0131tlama getirildi\u011fi takdirde T\u00fcrk futbolcular\u0131n daha fazla forma \u015fans\u0131 bulaca\u011f\u0131 fikrine kat\u0131l\u0131p, kat\u0131lmad\u0131\u011f\u0131na y\u00f6nelik bir soruyu ba\u015far\u0131l\u0131 oyuncu, &#8220;Bu sadece yabanc\u0131 kural\u0131n\u0131 kald\u0131r, ba\u015far\u0131 gelsin, gen\u00e7 oyuncular \u00f6n plana \u00e7\u0131ks\u0131n de\u011fil. Sadece bundan kaynakland\u0131\u011f\u0131n\u0131 d\u00fc\u015f\u00fcnm\u00fcyorum. Gerek altyap\u0131daki e\u011fitim, gerek altyap\u0131dan A Tak\u0131ma o ge\u00e7i\u015f s\u00fcreci. O ba\u011flant\u0131da da biraz s\u0131k\u0131nt\u0131 ya\u015fad\u0131\u011f\u0131m\u0131z\u0131 d\u00fc\u015f\u00fcn\u00fcyorum. \u00c7o\u011fu oyuncu altyap\u0131dan PAF tak\u0131ma kadar y\u00fckseliyor ama PAF\u2019tan A Tak\u0131ma ge\u00e7i\u015f yapam\u0131yor. \u00c7o\u011fu oyuncu belki de orada futbolu b\u0131rak\u0131yor. Tabii bunun sebeplerinden biri yabanc\u0131 kural\u0131 da olabilir. Ayn\u0131 zamanda altyap\u0131daki e\u011fitim d\u00fczeyini artt\u0131rmam\u0131z gerekti\u011fini d\u00fc\u015f\u00fcn\u00fcyorum. Oyuncular olarak kendimizde de aramam\u0131z laz\u0131m baz\u0131 hatalar\u0131. Baz\u0131 ger\u00e7ekleri \u015fapkam\u0131z\u0131 \u00f6n\u00fcm\u00fcze koyup, d\u00fc\u015f\u00fcnmemiz laz\u0131m. \u00c7\u00fcnk\u00fc gen\u00e7 futbolcular\u0131n \u00e7ok \u00e7al\u0131\u015fmas\u0131 gerekti\u011fine inan\u0131yorum. Bizim tak\u0131m\u0131m\u0131zda da gen\u00e7 oyuncular var, \u00e7ok \u00e7al\u0131\u015fmalar\u0131 gerekiyor. Sadece futbol sahadan ibaret de\u011fil. Hayat tarz\u0131na da dikkat etmen gerekiyor. B\u00fct\u00fcn hayat tarz\u0131n\u0131 ona g\u00f6re planlaman gerekiyor. Bunlar\u0131 olu\u015fturduktan sonra A Tak\u0131ma oyuncu verme say\u0131m\u0131z y\u00fckselebilir ve gen\u00e7 oyuncular\u0131m\u0131z\u0131n ba\u015far\u0131s\u0131 daha da artabilir&#8221; diye cevap verdi.<\/p>\n<p>&#8220;Tek derdim Kayserispor&#8221;<\/p>\n<p>S\u00fcper Lig\u2019de herhangi bir \u015fampiyonluk favorisinin bulunmad\u0131\u011f\u0131n\u0131 da a\u00e7\u0131klayan Yasir Suba\u015f\u0131, &#8220;Benim \u015fu an tek derdim Kayserispor. Benim ve tak\u0131m arkada\u015flar\u0131m\u0131n tek amac\u0131 Kayserispor\u2019u bu zor s\u00fcre\u00e7ten kurtarmak. Biz buraday\u0131z. Taraftarlar\u0131m\u0131za da buradan bir mesaj\u0131m olsun. M\u00fccadele etmeye sonuna kadar devam edece\u011fiz. Onlar da ilk yar\u0131daki desteklerini ikinci yar\u0131da da g\u00f6stermeye devam etsinler. \u00c7\u00fcnk\u00fc biz onlarla var\u0131z, onlarla g\u00fc\u00e7l\u00fcy\u00fcz. Biz tak\u0131m i\u00e7inde kenetlendik. \u0130kinci yar\u0131 bamba\u015fka bir Kayserispor izletmek istiyoruz taraftarlar\u0131m\u0131za. Onlar da desteklerini bizden esirgemesinler&#8221; \u015feklinde konu\u015ftu.<\/p>\n","protected":false},"excerpt":{"rendered":"<p>KAYSER\u0130SPORLU FUTBOLCU YAS\u0130R SUBA\u015eI, \u00d6NCEL\u0130KL\u0130 HEDEF\u0130N\u0130N A M\u0130LL\u0130 FUTBOL TAKIMI FORMASI G\u0130YMEK OLDU\u011eUNU S\u00d6YLED\u0130. YAS\u0130R, \u0130LERLEYEN YILLARDA AVRUPA&#8217;DA TOP KO\u015eTURMAK \u0130STED\u0130\u011e\u0130N\u0130 DE D\u0130LE GET\u0130RD\u0130.<\/p>\n","protected":false},"author":1,"featured_media":253004,"comment_status":"closed","ping_status":"open","sticky":false,"template":"","format":"standard","meta":{"jetpack_post_was_ever_published":false,"_jetpack_newsletter_access":"","_jetpack_dont_email_post_to_subs":false,"_jetpack_newsletter_tier_id":0,"_jetpack_memberships_contains_paywalled_content":false,"_jetpack_memberships_contains_paid_content":false,"footnotes":"","jetpack_publicize_message":"","jetpack_publicize_feature_enabled":true,"jetpack_social_post_already_shared":true,"jetpack_social_options":{"image_generator_settings":{"template":"highway","default_image_id":0,"font":"","enabled":false},"version":2}},"categories":[657],"tags":[1073,12372,1545,12605,429,49308,6670,62603,44401],"class_list":["post-253003","post","type-post","status-publish","format-standard","has-post-thumbnail","hentry","category-spor","tag-ozel","tag-formasi","tag-haber","tag-istiyorum","tag-milli","tag-subasi","tag-takim","tag-terletmek","tag-yasir"],"jetpack_publicize_connections":[],"jetpack_featured_media_url":"https:\/\/i0.wp.com\/www.tvturk.com\/wp-content\/uploads\/2020\/01\/ozel-haber-yasir-subasi-a-milli-takim-formasi-terletmek-istiyorum_51ddcd9.jpg?fit=1000%2C697","jetpack_sharing_enabled":true,"jetpack_shortlink":"https:\/\/wp.me\/paKIfm-13OH","_links":{"self":[{"href":"http:\/\/www.tvturk.com\/index.php\/wp-json\/wp\/v2\/posts\/253003","targetHints":{"allow":["GET"]}}],"collection":[{"href":"http:\/\/www.tvturk.com\/index.php\/wp-json\/wp\/v2\/posts"}],"about":[{"href":"http:\/\/www.tvturk.com\/index.php\/wp-json\/wp\/v2\/types\/post"}],"author":[{"embeddable":true,"href":"http:\/\/www.tvturk.com\/index.php\/wp-json\/wp\/v2\/users\/1"}],"replies":[{"embeddable":true,"href":"http:\/\/www.tvturk.com\/index.php\/wp-json\/wp\/v2\/comments?post=253003"}],"version-history":[{"count":0,"href":"http:\/\/www.tvturk.com\/index.php\/wp-json\/wp\/v2\/posts\/253003\/revisions"}],"wp:featuredmedia":[{"embeddable":true,"href":"http:\/\/www.tvturk.com\/index.php\/wp-json\/wp\/v2\/media\/253004"}],"wp:attachment":[{"href":"http:\/\/www.tvturk.com\/index.php\/wp-json\/wp\/v2\/media?parent=253003"}],"wp:term":[{"taxonomy":"category","embeddable":true,"href":"http:\/\/www.tvturk.com\/index.php\/wp-json\/wp\/v2\/categories?post=253003"},{"taxonomy":"post_tag","embeddable":true,"href":"http:\/\/www.tvturk.com\/index.php\/wp-json\/wp\/v2\/tags?post=253003"}],"curies":[{"name":"wp","href":"https:\/\/api.w.org\/{rel}","templated":true}]}}