{"id":253007,"date":"2020-01-08T10:02:46","date_gmt":"2020-01-08T07:02:46","guid":{"rendered":"http:\/\/www.tvturk.com\/index.php\/ozel-haber-baris-orhunbilge-yerli-futbolcu-yetistiriliyorsa-bence-bir-tesvik-sistemi-olmali\/"},"modified":"2020-01-08T10:02:46","modified_gmt":"2020-01-08T07:02:46","slug":"ozel-haber-baris-orhunbilge-yerli-futbolcu-yetistiriliyorsa-bence-bir-tesvik-sistemi-olmali","status":"publish","type":"post","link":"http:\/\/www.tvturk.com\/index.php\/ozel-haber-baris-orhunbilge-yerli-futbolcu-yetistiriliyorsa-bence-bir-tesvik-sistemi-olmali\/","title":{"rendered":"(\u00d6zel haber) Bar\u0131\u015f Orhunbilge: &#8220;Yerli futbolcu yeti\u015ftiriliyorsa bence bir te\u015fvik sistemi olmal\u0131&#8221;"},"content":{"rendered":"<p>Alt\u0131nordu CEO\u2019su Bar\u0131\u015f Orhunbilge, pozitif ayr\u0131mc\u0131l\u0131\u011f\u0131n olmas\u0131 gerekti\u011fini belirterek, &#8220;Yerli futbolcu yeti\u015ftiriliyorsa bence bir te\u015fvik sistemi olmas\u0131 laz\u0131m. Biz bir taraftan yeti\u015ftirip bir taraftan yiyiyoruz. Bunun mutlaka bir te\u015fvi\u011fi olmal\u0131 insanlarda te\u015fvik edilmeli&#8221; diye konu\u015ftu.<\/p>\n<p>TFF 1. Lig\u2019in devre aras\u0131nda \u00e7al\u0131\u015fmalar\u0131n\u0131 Antalya Lara\u2019da s\u00fcrd\u00fcren Alt\u0131nordu\u2019da CEO Bar\u0131\u015f Orhunbilge, \u0130hlas Haber Ajans\u0131\u2019na (\u0130HA) a\u00e7\u0131klamalarda bulundu. Alt\u0131nordu\u2019nun bir felsefesi oldu\u011funu belirten Orhunbilge, &#8220;Bir taraftan yeti\u015ftirmeyi, bir taraftan yar\u0131\u015fman\u0131z gerekiyor. Her sene belki futbolseverler \u015fey gibi d\u00fc\u015f\u00fcn\u00fcyor. Ge\u00e7 ba\u015fl\u0131yor Alt\u0131nordu, daha sonra a\u00e7\u0131l\u0131yor gibi. 10 futbolcu ile yollar\u0131m\u0131z\u0131 ay\u0131rm\u0131\u015ft\u0131k bu planlar do\u011frultusunda. Bu sene T\u00fcrkiye\u2019nin i\u00e7inde bulundu\u011fu durumda malum. O durumdan 2-3 takviyemiz oldu tak\u0131ma. Daha sonra oyun oturdu, felsefemizi sahaya yans\u0131tt\u0131k. \u00c7ok \u00f6nemli ma\u00e7larda gol\u00fc bulamad\u0131k. Bolu\u2019da oynad\u0131\u011f\u0131m\u0131z Hatay ma\u00e7\u0131, \u0130zmir deki Bursaspor ma\u00e7\u0131. Sezonun en iyi oyununu Ke\u00e7i\u00f6ren\u2019de oynad\u0131k. Ama yine de biz nerede bitirece\u011fimizi tahmin ediyoruz. Antalya kamp\u0131ndan sonra tak\u0131m ivme yap\u0131yor. Hem gen\u00e7 hem de oyun felsefesini oturtmak zaman al\u0131yor. Dolay\u0131s\u0131yla bir sistemi uyguluyoruz tak\u0131m halinde hareket ediyoruz&#8221; dedi.<\/p>\n<p>&#8220;Alt\u0131nordu bir T\u00fcrkiye projesi&#8221;<\/p>\n<p>Yerli futbolcu yeti\u015ftirmenin \u00f6nemini vurgulayan Bar\u0131\u015f Orgunbilge, &#8220;Biz \u00f6zellikle \u00f6z kaynak ifadesini kullan\u0131yoruz. Bizim b\u00fct\u00fcn bak\u0131\u015f a\u00e7\u0131m\u0131z bu. Son say\u0131 olarak 11-19 ya\u015f aras\u0131nda 170 \u00f6\u011frencimiz var. S\u00fcper Lig\u2019de bug\u00fcn 14 yabanc\u0131 var. Bir\u00e7ok tak\u0131m 9-11 yabanc\u0131 ile ma\u00e7a \u00e7\u0131k\u0131yor. Bu Avrupa\u2019da bakt\u0131\u011f\u0131n\u0131z zaman TFF 1. Lig fidanl\u0131k gibidir. TFF 1. Lig\u2019de 5+1 yabanc\u0131 var. Burada evlatlar\u0131 oynatmak \u00e7ok kolay de\u011fil. Burada bir \u00e7ok santrfor yabanc\u0131. \u00c7ok \u00f6nemli yabanc\u0131 futbolcular var. Bir taraftan yukar\u0131da forma giyemeyen tecr\u00fcbeli oyuncularda 1. Lig\u2019e iniyor. Burada hem yar\u0131\u015fman\u0131z laz\u0131m, hem rekabet i\u00e7inde olman\u0131z gerekiyor. Ni\u011fde projesinin \u00e7ok katk\u0131lar verece\u011fi bir y\u0131l olacak. Ni\u011fde de ikinci yar\u0131 toparlanma olacak. Ni\u011fde\u2019den mi Alt\u0131nordu\u2019ya diyecekler. Orada da ayn\u0131 y\u00f6netim sistemi var. Bizim hocalar\u0131m\u0131z var. Y\u00f6netim \u015fekli ayn\u0131. Ravil, Burak ve Muzaffer gibi evlatlar\u0131m\u0131za bakt\u0131\u011f\u0131n\u0131z zaman akademiden A Tak\u0131ma \u00e7\u0131kacaklar\u0131n\u0131 da ispat ediyoruz. Bence \u00e7ok k\u0131ymetli bir i\u015f. Alt\u0131nordu bir T\u00fcrkiye projesi. Bence tam anlam\u0131yla yerli ve milli proje. Daha bu sekt\u00f6rde yerli ve milli \u00e7ok oldu\u011funu d\u00fc\u015f\u00fcnm\u00fcyorum. 6 y\u0131ld\u0131r TFF 1. Lig\u2019de oynuyoruz ve tamam\u0131 yerlilerden kurulu. Bir taraftan da s\u00fcrekli futbolcu ihra\u00e7 ediyoruz&#8221; ifadelerini kulland\u0131.<\/p>\n<p>&#8220;Yerli futbolcu yeti\u015ftiriliyorsa bence bir te\u015fvik sistemi olmal\u0131&#8221;<\/p>\n<p>T\u00fcrk futbolunun gelece\u011fi hakk\u0131nda g\u00f6r\u00fc\u015flerini belirten Bar\u0131\u015f Orhunbilge, &#8220;T\u00fcrk insan\u0131 yap\u0131s\u0131 itibariyle \u015f\u00f6yle bir durum var; T\u00fcrk futbolunda 15 milyar bor\u00e7 var. Bir taraftan pop\u00fclasyon anlam\u0131nda dernek devam ediyor. Bence bunlar\u0131n bir \u00e7er\u00e7evesi kural\u0131 olmal\u0131, ciddi cayd\u0131r\u0131c\u0131l\u0131klar\u0131 olmal\u0131. Cayd\u0131r\u0131c\u0131 olmayan hi\u00e7bir \u015fey T\u00fcrk futbolunda k\u0131r\u0131l\u0131r. Alt\u0131nordu olarak bizim bak\u0131\u015f a\u00e7\u0131m\u0131z belki i\u015fe te\u015fvik yap\u0131lmal\u0131. Mesela bizim 6 yabanc\u0131 alma hakk\u0131m\u0131z var ama alm\u0131yoruz. FFP nedeniyle UEFA ve FIFA bask\u0131 yap\u0131yor. Bu tip k\u0131s\u0131tlar bile geldi\u011finde otomatikman Avrupa\u2019da bir s\u00fcr\u00fc T\u00fcrk evlad\u0131 dola\u015fmaya ba\u015flad\u0131. Bu \u00e7ocuklara \u015fans verirseniz Avrupa\u2019daki isimlerden farklar\u0131 yok, tek farklar\u0131 \u015fans bulam\u0131yorlar. Bizim sadece 2 tane evlad\u0131m\u0131zdan m\u00fcthi\u015f bir d\u00f6viz girdisi var. Bunun bir\u00e7ok tak\u0131mda \u00e7o\u011fald\u0131\u011f\u0131n\u0131 g\u00f6r\u00fcyoruz. Pozitif ayr\u0131mc\u0131l\u0131k bir yerde olmas\u0131 laz\u0131m. Yerli futbolcu yeti\u015ftiriliyorsa bence bir te\u015fvik sistemi olmas\u0131 laz\u0131m. Biz bir taraftan yeti\u015ftirip bir taraftan yiyoruz. Bunun mutlaka bir te\u015fvi\u011fi olmal\u0131 insanlarda te\u015fvik edilmeli&#8221; dedi.<\/p>\n<p>&#8220;Cengiz ve \u00c7a\u011flar\u0131n \u00f6nlerinde ciddi bir gelecek var&#8221;<\/p>\n<p>Alt\u0131nordu\u2019dan yeti\u015fen ve yurt d\u0131\u015f\u0131na transfer olan Cengiz \u00dcnder ile \u00c7a\u011flar S\u00f6y\u00fcnc\u00fc\u2019n\u00fcn durumu hakk\u0131nda konu\u015fan Orhunbilge, &#8220;Cengiz m\u00fcthi\u015f so\u011fukkanl\u0131. Ben 15 ya\u015f\u0131ndan beri birebir takip ediyorum. Her ma\u00e7ta alt ya\u015f grubunda, her pozisyonda hep o \u00f6z g\u00fcveni so\u011fukkanl\u0131l\u0131\u011f\u0131 korudu. Ravil\u2019de de onu g\u00f6r\u00fcyorum. \u00c7a\u011flar \u00e7ok g\u00fc\u00e7l\u00fcyd\u00fc. \u00c7ok do\u011fru bir \u015fey oldu kariyerinde. \u00d6ncelikle Bundesliga. Orada Alman ekol\u00fc \u00c7a\u011flar\u2019\u0131n arkas\u0131nda durdu. \u00c7a\u011flar hata yapt\u0131 orada ama Bundesliga bir sene \u00f6nce y\u0131l\u0131n \u00e7ayla\u011f\u0131 se\u00e7ildi. Oradan do\u011fru bir yere gitti. Bir evlad\u0131m\u0131z\u0131n \u00e7ok \u00e7ok \u00f6nemli bir ligde performans g\u00f6stermesi bizi gururland\u0131r\u0131yor. Cengiz ekstra bir oyuncu. Adam eksiltmesi \u015fut yetene\u011fi var. Ge\u00e7irdi\u011fi sakatl\u0131k y\u00fcz\u00fcnden belki geride kald\u0131 ama en h\u0131zl\u0131 \u015fekilde telafi edecek. \u00d6nlerinde ciddi bir gelecek var. Ayaklar\u0131 d\u00fcz bass\u0131n, yollar\u0131 a\u00e7\u0131k olsun. Bizde \u00e7ok gururla izliyoruz. \u00dcretmeye devam in\u015fallah onlar\u0131n yolundan bir \u00e7ok evlad\u0131m\u0131z Avrupa ya gidecek&#8221; diye konu\u015ftu.<\/p>\n","protected":false},"excerpt":{"rendered":"<p>ALTINORDU CEO\u2019SU BARI\u015e ORHUNB\u0130LGE, POZ\u0130T\u0130F AYRIMCILI\u011eIN OLMASI GEREKT\u0130\u011e\u0130N\u0130 BEL\u0130RTEREK, &#8220;YERL\u0130 FUTBOLCU YET\u0130\u015eT\u0130R\u0130L\u0130YORSA BENCE B\u0130R TE\u015eV\u0130K S\u0130STEM\u0130 OLMASI LAZIM. B\u0130Z B\u0130R TARAFTAN YET\u0130\u015eT\u0130R\u0130P B\u0130R TARAFTAN Y\u0130Y\u0130YORUZ. BUNUN MUTLAKA B\u0130R TE\u015eV\u0130\u011e\u0130 OLMALI \u0130NSANLARDA TE\u015eV\u0130K ED\u0130LMEL\u0130&#8221; D\u0130YE KONU\u015eTU.<\/p>\n","protected":false},"author":1,"featured_media":253008,"comment_status":"closed","ping_status":"open","sticky":false,"template":"","format":"standard","meta":{"jetpack_post_was_ever_published":false,"_jetpack_newsletter_access":"","_jetpack_dont_email_post_to_subs":false,"_jetpack_newsletter_tier_id":0,"_jetpack_memberships_contains_paywalled_content":false,"_jetpack_memberships_contains_paid_content":false,"footnotes":"","jetpack_publicize_message":"","jetpack_publicize_feature_enabled":true,"jetpack_social_post_already_shared":true,"jetpack_social_options":{"image_generator_settings":{"template":"highway","default_image_id":0,"font":"","enabled":false},"version":2}},"categories":[657],"tags":[1073,4256,52949,125,4599,1545,3815,45633,6233,5385,2454,62606],"class_list":["post-253007","post","type-post","status-publish","format-standard","has-post-thumbnail","hentry","category-spor","tag-ozel","tag-baris","tag-bence","tag-bir","tag-futbolcu","tag-haber","tag-olmali","tag-orhunbilge","tag-sistemi","tag-tesvik","tag-yerli","tag-yetistiriliyorsa"],"jetpack_publicize_connections":[],"jetpack_featured_media_url":"https:\/\/i0.wp.com\/www.tvturk.com\/wp-content\/uploads\/2020\/01\/ozel-haber-baris-orhunbilge-yerli-futbolcu-yetistiriliyorsa-bence-bir-tesvik-sistemi-olmali_9ffa546.jpg?fit=1000%2C666","jetpack_sharing_enabled":true,"jetpack_shortlink":"https:\/\/wp.me\/paKIfm-13OL","_links":{"self":[{"href":"http:\/\/www.tvturk.com\/index.php\/wp-json\/wp\/v2\/posts\/253007","targetHints":{"allow":["GET"]}}],"collection":[{"href":"http:\/\/www.tvturk.com\/index.php\/wp-json\/wp\/v2\/posts"}],"about":[{"href":"http:\/\/www.tvturk.com\/index.php\/wp-json\/wp\/v2\/types\/post"}],"author":[{"embeddable":true,"href":"http:\/\/www.tvturk.com\/index.php\/wp-json\/wp\/v2\/users\/1"}],"replies":[{"embeddable":true,"href":"http:\/\/www.tvturk.com\/index.php\/wp-json\/wp\/v2\/comments?post=253007"}],"version-history":[{"count":0,"href":"http:\/\/www.tvturk.com\/index.php\/wp-json\/wp\/v2\/posts\/253007\/revisions"}],"wp:featuredmedia":[{"embeddable":true,"href":"http:\/\/www.tvturk.com\/index.php\/wp-json\/wp\/v2\/media\/253008"}],"wp:attachment":[{"href":"http:\/\/www.tvturk.com\/index.php\/wp-json\/wp\/v2\/media?parent=253007"}],"wp:term":[{"taxonomy":"category","embeddable":true,"href":"http:\/\/www.tvturk.com\/index.php\/wp-json\/wp\/v2\/categories?post=253007"},{"taxonomy":"post_tag","embeddable":true,"href":"http:\/\/www.tvturk.com\/index.php\/wp-json\/wp\/v2\/tags?post=253007"}],"curies":[{"name":"wp","href":"https:\/\/api.w.org\/{rel}","templated":true}]}}