{"id":253019,"date":"2020-01-08T10:16:51","date_gmt":"2020-01-08T07:16:51","guid":{"rendered":"http:\/\/www.tvturk.com\/index.php\/ukrayna-buyukelcisinden-ucak-kazasina-iliskin-aciklama\/"},"modified":"2020-01-08T10:16:51","modified_gmt":"2020-01-08T07:16:51","slug":"ukrayna-buyukelcisinden-ucak-kazasina-iliskin-aciklama","status":"publish","type":"post","link":"http:\/\/www.tvturk.com\/index.php\/ukrayna-buyukelcisinden-ucak-kazasina-iliskin-aciklama\/","title":{"rendered":"Ukrayna B\u00fcy\u00fckel\u00e7isinden u\u00e7ak kazas\u0131na ili\u015fkin a\u00e7\u0131klama"},"content":{"rendered":"<p>\u0130ran\u2019da Tahran yak\u0131nlar\u0131ndan Ukrayna Havayollar\u0131\u2019na ait Boeing 737 tipi yolcu u\u00e7a\u011f\u0131 kalk\u0131\u015ftan sonra d\u00fc\u015fm\u00fc\u015f ve i\u00e7indeki en az 170 yolcu m\u00fcrettebat hayat\u0131n\u0131 kaybetmi\u015fti. Ukrayna T\u00fcrkiye B\u00fcy\u00fckel\u00e7isi Andrii Sybiha, \u201c\u015eok edici ve \u00fcz\u00fcc\u00fc haberi ald\u0131k. Kazada hayat\u0131n\u0131 kaybedenlere rahmet, yak\u0131nlar\u0131na ba\u015fsa\u011fl\u0131\u011f\u0131 ve sab\u0131r diliyoruz\u201d a\u00e7\u0131klamas\u0131nda bulundu.<\/p>\n<p>Tahran \u0130mam H\u00fcmeyni Havaliman\u0131\u2019ndan Ukrayna\u2019n\u0131n ba\u015fkenti Kiev\u2019e gitmek \u00fczere havalanan Boeing 737 tipi yolcu u\u00e7a\u011f\u0131, kalk\u0131\u015ftan k\u0131sa bir s\u00fcre sonra d\u00fc\u015ft\u00fc. Olaya ili\u015fkin ilk a\u00e7\u0131klamada, yolcu u\u00e7a\u011f\u0131n\u0131n teknik ar\u0131za sonucu d\u00fc\u015ft\u00fc\u011f\u00fc belirtildi. \u0130ran devlet televizyonu, u\u00e7akta bulunan en az 170 yolcu ve m\u00fcrettebat\u0131n hayat\u0131n\u0131 kaybetti\u011fini a\u00e7\u0131klad\u0131.<\/p>\n<p>Ukrayna T\u00fcrkiye B\u00fcy\u00fckel\u00e7isi Andrii Sybiha, Twitter \u00fczerinden, \u201cTahran yak\u0131nlar\u0131nda Ukrayna Havayollar\u0131\u2019na ait u\u00e7ak kazas\u0131na dair \u015fok edici ve \u00fcz\u00fcc\u00fc haberi ald\u0131k. Kazada hayat\u0131n\u0131 kaybedenlere rahmet, yak\u0131nlar\u0131na ba\u015fsa\u011fl\u0131\u011f\u0131 ve sab\u0131r diliyoruz\u201d ifadelerini kulland\u0131.<\/p>\n","protected":false},"excerpt":{"rendered":"<p>\u0130RAN\u2019DA TAHRAN YAKINLARINDAN UKRAYNA HAVAYOLLARINA A\u0130T BOE\u0130NG 737 T\u0130P\u0130 YOLCU U\u00c7A\u011eI KALKI\u015eTAN SONRA D\u00dc\u015eM\u00dc\u015e VE \u0130\u00c7\u0130NDEK\u0130 EN AZ 170 YOLCU M\u00dcRETTEBAT HAYATINI KAYBETM\u0130\u015eT\u0130. UKRAYNA T\u00dcRK\u0130YE B\u00dcY\u00dcKEL\u00c7\u0130S\u0130 ANDR\u0130\u0130 SYB\u0130HA \u201cOK ED\u0130C\u0130 VE \u00dcZ\u00dcC\u00dc HABER\u0130 ALDIK. KAZADA HAYATINI KAYBEDENLERE RAHMET, YAKINLARINA BA\u015eSA\u011eLI\u011eI VE SABIR D\u0130L\u0130YORUZ\u201d  A\u00c7IKLAMASINDA BULUNDU.<\/p>\n","protected":false},"author":1,"featured_media":253020,"comment_status":"closed","ping_status":"open","sticky":false,"template":"","format":"standard","meta":{"jetpack_post_was_ever_published":false,"_jetpack_newsletter_access":"","_jetpack_dont_email_post_to_subs":false,"_jetpack_newsletter_tier_id":0,"_jetpack_memberships_contains_paywalled_content":false,"_jetpack_memberships_contains_paid_content":false,"footnotes":"","jetpack_publicize_message":"","jetpack_publicize_feature_enabled":true,"jetpack_social_post_already_shared":true,"jetpack_social_options":{"image_generator_settings":{"template":"highway","default_image_id":0,"font":"","enabled":false},"version":2}},"categories":[1],"tags":[3349,5745,9764,62611,1911,2936],"class_list":["post-253019","post","type-post","status-publish","format-standard","has-post-thumbnail","hentry","category-genel","tag-aciklama","tag-buyukelcisinden","tag-iliskin","tag-kazasina","tag-ucak","tag-ukrayna"],"jetpack_publicize_connections":[],"jetpack_featured_media_url":"https:\/\/i0.wp.com\/www.tvturk.com\/wp-content\/uploads\/2020\/01\/ukrayna-buyukelcisinden-ucak-kazasina-iliskin-aciklama_768ca46.jpg?fit=611%2C364","jetpack_sharing_enabled":true,"jetpack_shortlink":"https:\/\/wp.me\/paKIfm-13OX","_links":{"self":[{"href":"http:\/\/www.tvturk.com\/index.php\/wp-json\/wp\/v2\/posts\/253019","targetHints":{"allow":["GET"]}}],"collection":[{"href":"http:\/\/www.tvturk.com\/index.php\/wp-json\/wp\/v2\/posts"}],"about":[{"href":"http:\/\/www.tvturk.com\/index.php\/wp-json\/wp\/v2\/types\/post"}],"author":[{"embeddable":true,"href":"http:\/\/www.tvturk.com\/index.php\/wp-json\/wp\/v2\/users\/1"}],"replies":[{"embeddable":true,"href":"http:\/\/www.tvturk.com\/index.php\/wp-json\/wp\/v2\/comments?post=253019"}],"version-history":[{"count":0,"href":"http:\/\/www.tvturk.com\/index.php\/wp-json\/wp\/v2\/posts\/253019\/revisions"}],"wp:featuredmedia":[{"embeddable":true,"href":"http:\/\/www.tvturk.com\/index.php\/wp-json\/wp\/v2\/media\/253020"}],"wp:attachment":[{"href":"http:\/\/www.tvturk.com\/index.php\/wp-json\/wp\/v2\/media?parent=253019"}],"wp:term":[{"taxonomy":"category","embeddable":true,"href":"http:\/\/www.tvturk.com\/index.php\/wp-json\/wp\/v2\/categories?post=253019"},{"taxonomy":"post_tag","embeddable":true,"href":"http:\/\/www.tvturk.com\/index.php\/wp-json\/wp\/v2\/tags?post=253019"}],"curies":[{"name":"wp","href":"https:\/\/api.w.org\/{rel}","templated":true}]}}