{"id":253061,"date":"2020-01-08T11:01:49","date_gmt":"2020-01-08T08:01:49","guid":{"rendered":"http:\/\/www.tvturk.com\/index.php\/tesk-genel-baskani-palandoken-temel-gida-urunlerindeki-kdv-orani-dusurulmeli\/"},"modified":"2020-01-08T11:01:49","modified_gmt":"2020-01-08T08:01:49","slug":"tesk-genel-baskani-palandoken-temel-gida-urunlerindeki-kdv-orani-dusurulmeli","status":"publish","type":"post","link":"http:\/\/www.tvturk.com\/index.php\/tesk-genel-baskani-palandoken-temel-gida-urunlerindeki-kdv-orani-dusurulmeli\/","title":{"rendered":"TESK Genel Ba\u015fkan\u0131 Paland\u00f6ken: \u201cTemel g\u0131da \u00fcr\u00fcnlerindeki KDV oran\u0131 d\u00fc\u015f\u00fcr\u00fclmeli\u201d"},"content":{"rendered":"<p>T\u00fcrkiye Esnaf ve Sanatkarlar\u0131 Konfederasyonu (TESK) Genel Ba\u015fkan\u0131 Bendevi Paland\u00f6ken, \u201cVatanda\u015flar\u0131n sofras\u0131ndan eksik etmedi\u011fi temel g\u0131da \u00fcr\u00fcnlerindeki KDV oran\u0131 y\u00fczde 8\u2019den y\u00fczde 1\u2019e d\u00fc\u015f\u00fcr\u00fclmeli. \u00d6zellikle ekonominin zorlu d\u00f6nemlerinde temel g\u0131da \u00fcr\u00fcnlerindeki KDV oran\u0131 d\u00fc\u015f\u00fcr\u00fcl\u00fcp maliyetler azalt\u0131l\u0131rsa fiyatlar da d\u00fc\u015fer. B\u00f6ylece vatanda\u015f\u0131n al\u0131m g\u00fcc\u00fc artar ve enflasyon a\u015fa\u011f\u0131 y\u00f6nl\u00fc geriler\u201d dedi.<\/p>\n<p>Temel g\u0131da \u00fcr\u00fcnlerindeki KDV oran\u0131n\u0131n d\u00fc\u015f\u00fcr\u00fclmesiyle \u00f6zellikle dar gelirli vatanda\u015flar\u0131n rahat bir nefes alaca\u011f\u0131n\u0131 s\u00f6yleyen TESK Genel Ba\u015fkan\u0131 Paland\u00f6ken, \u201cT\u00fcrk mutfa\u011f\u0131nda sofralardan eksik olmayan patates, so\u011fan, domates gibi temel g\u0131da \u00fcr\u00fcnlerindeki KDV oran\u0131n\u0131n d\u00fc\u015f\u00fcr\u00fclmesi dar gelirli vatanda\u015flar\u0131m\u0131z ba\u015fta olmak \u00fczere toplumun t\u00fcm kesimlerini rahatlat\u0131r. Temel g\u0131da \u00fcr\u00fcnlerinin fiyat\u0131 d\u00fc\u015ft\u00fc\u011f\u00fcnde t\u00fcketicilerin yan\u0131 s\u0131ra \u00fcretici konumundaki \u00e7ift\u00e7iler ve sat\u0131c\u0131 konumundaki esnaf\u0131m\u0131z da rahat bir nefes al\u0131r. \u00d6zellikle enflasyonla m\u00fccadele etti\u011fimiz ekonominin zorlu d\u00f6nemlerinde temel g\u0131da \u00fcr\u00fcnlerindeki KDV oran\u0131n\u0131n d\u00fc\u015f\u00fcr\u00fclmesine her zamankinden daha \u00e7ok ihtiya\u00e7 var. G\u0131dadaki KDV\u00b4nin d\u00fc\u015f\u00fcr\u00fclmesi ayn\u0131 zamanda enflasyonla m\u00fccadeleye de destek olur\u201d diye konu\u015ftu.<\/p>\n<p>\u201cMa\u011fduriyetlerin \u00f6nlenmesi i\u00e7in KDV oranlar\u0131 e\u015fitlenmeli\u201d<\/p>\n<p>G\u0131da \u00fcr\u00fcnlerindeki toptan ve perakende sat\u0131\u015fta tek bir KDV oran\u0131n\u0131n uygulanmas\u0131 gerekti\u011fine i\u015faret eden Paland\u00f6ken, \u201cG\u0131da \u00fcr\u00fcnlerinin bir\u00e7o\u011funda toptan al\u0131n\u0131rken y\u00fczde 1, perakende satarken y\u00fczde 8 KDV oran\u0131 uygulan\u0131yor. Bu uygulama, bir\u00e7ok sorunu da beraberinde getiriyor. Toptan al\u0131mda daha d\u00fc\u015f\u00fck oranda KDV \u00f6deyen perakende sat\u0131c\u0131s\u0131 esnaf\u0131m\u0131z, lokanta, kafeterya gibi yerleri i\u015fletenler, \u00fczerlerinde kalan KDV y\u00fck\u00fcnden dolay\u0131 hem kay\u0131t d\u0131\u015f\u0131 sat\u0131\u015fa y\u00f6nlendiriliyor hem de KDV iadelerinde bir\u00e7ok sorun ya\u015f\u0131yor. Hem g\u0131da \u00fcr\u00fcnlerinin fiyatlar\u0131n\u0131n ucuzlamas\u0131 hem de KDV uygulamalar\u0131ndaki sorunlar\u0131n ortadan kalkmas\u0131 i\u00e7in g\u0131dada tek KDV oran\u0131 uygulanmal\u0131. Hem toptan sat\u0131\u015fta hem de perakende sat\u0131\u015fta KDV oran\u0131 y\u00fczde 1 olmal\u0131\u201d \u015feklinde konu\u015ftu.<\/p>\n","protected":false},"excerpt":{"rendered":"<p>T\u00dcRK\u0130YE ESNAF VE SANATKARLARI KONFEDERASYONU(TESK) GENEL BA\u015eKANI BENDEV\u0130 PALAND\u00d6KEN, \u201cVATANDA\u015eLARIN SOFRASINDAN EKS\u0130K ETMED\u0130\u011e\u0130 TEMEL GIDA \u00dcR\u00dcNLER\u0130NDEK\u0130 KDV ORANI Y\u00dcZDE 8\u2019DEN Y\u00dcZDE 1\u2019E D\u00dc\u015e\u00dcR\u00dcLMEL\u0130. \u00d6ZELL\u0130KLE EKONOM\u0130N\u0130N ZORLU D\u00d6NEMLER\u0130NDE TEMEL GIDA \u00dcR\u00dcNLER\u0130NDEK\u0130 KDV ORANI D\u00dc\u015e\u00dcR\u00dcL\u00dcP MAL\u0130YETLER AZALTILIRSA F\u0130YATLAR DA D\u00dc\u015eER. B\u00d6YLECE VATANDA\u015eIN ALIM G\u00dcC\u00dc ARTAR VE ENFLASYON A\u015eA\u011eI Y\u00d6NL\u00dc GER\u0130LER\u201d DED\u0130.<\/p>\n","protected":false},"author":1,"featured_media":253062,"comment_status":"closed","ping_status":"open","sticky":false,"template":"","format":"standard","meta":{"jetpack_post_was_ever_published":false,"_jetpack_newsletter_access":"","_jetpack_dont_email_post_to_subs":false,"_jetpack_newsletter_tier_id":0,"_jetpack_memberships_contains_paywalled_content":false,"_jetpack_memberships_contains_paid_content":false,"footnotes":"","jetpack_publicize_message":"","jetpack_publicize_feature_enabled":true,"jetpack_social_post_already_shared":true,"jetpack_social_options":{"image_generator_settings":{"template":"highway","default_image_id":0,"font":"","enabled":false},"version":2}},"categories":[19],"tags":[216,17546,869,507,8683,4233,8073,4035,12357,10582],"class_list":["post-253061","post","type-post","status-publish","format-standard","has-post-thumbnail","hentry","category-ekonomi","tag-baskani","tag-dusurulmeli","tag-genel","tag-gida","tag-kdv","tag-orani","tag-palandoken","tag-temel","tag-tesk","tag-urunlerindeki"],"jetpack_publicize_connections":[],"jetpack_featured_media_url":"https:\/\/i0.wp.com\/www.tvturk.com\/wp-content\/uploads\/2020\/01\/tesk-genel-baskani-palandoken-temel-gida-urunlerindeki-kdv-orani-dusurulmeli_4e55c87.jpg?fit=1000%2C664","jetpack_sharing_enabled":true,"jetpack_shortlink":"https:\/\/wp.me\/paKIfm-13PD","_links":{"self":[{"href":"http:\/\/www.tvturk.com\/index.php\/wp-json\/wp\/v2\/posts\/253061","targetHints":{"allow":["GET"]}}],"collection":[{"href":"http:\/\/www.tvturk.com\/index.php\/wp-json\/wp\/v2\/posts"}],"about":[{"href":"http:\/\/www.tvturk.com\/index.php\/wp-json\/wp\/v2\/types\/post"}],"author":[{"embeddable":true,"href":"http:\/\/www.tvturk.com\/index.php\/wp-json\/wp\/v2\/users\/1"}],"replies":[{"embeddable":true,"href":"http:\/\/www.tvturk.com\/index.php\/wp-json\/wp\/v2\/comments?post=253061"}],"version-history":[{"count":0,"href":"http:\/\/www.tvturk.com\/index.php\/wp-json\/wp\/v2\/posts\/253061\/revisions"}],"wp:featuredmedia":[{"embeddable":true,"href":"http:\/\/www.tvturk.com\/index.php\/wp-json\/wp\/v2\/media\/253062"}],"wp:attachment":[{"href":"http:\/\/www.tvturk.com\/index.php\/wp-json\/wp\/v2\/media?parent=253061"}],"wp:term":[{"taxonomy":"category","embeddable":true,"href":"http:\/\/www.tvturk.com\/index.php\/wp-json\/wp\/v2\/categories?post=253061"},{"taxonomy":"post_tag","embeddable":true,"href":"http:\/\/www.tvturk.com\/index.php\/wp-json\/wp\/v2\/tags?post=253061"}],"curies":[{"name":"wp","href":"https:\/\/api.w.org\/{rel}","templated":true}]}}