{"id":253071,"date":"2020-01-08T11:02:41","date_gmt":"2020-01-08T08:02:41","guid":{"rendered":"http:\/\/www.tvturk.com\/index.php\/hekimoglu-trabzon-abdulkadir-ozdemiri-transfer-etti\/"},"modified":"2020-01-08T11:02:41","modified_gmt":"2020-01-08T08:02:41","slug":"hekimoglu-trabzon-abdulkadir-ozdemiri-transfer-etti","status":"publish","type":"post","link":"http:\/\/www.tvturk.com\/index.php\/hekimoglu-trabzon-abdulkadir-ozdemiri-transfer-etti\/","title":{"rendered":"Hekimo\u011flu Trabzon, Abdulkadir \u00d6zdemir\u2019i transfer etti"},"content":{"rendered":"<p>TFF 2. Lig Beyaz Grup ekiplerinden Hekimo\u011flu Trabzon FK, TFF 1. Lig tak\u0131mlar\u0131ndan Adanaspor\u2019un orta saha oyuncusu Abdulkadir \u00d6zdemir ile 1,5 y\u0131ll\u0131k s\u00f6zle\u015fme imzalad\u0131.<\/p>\n<p>Hekimo\u011flu Trabzon FK, kul\u00fcp binas\u0131nda  yap\u0131lan imza t\u00f6reninde Futbol \u015eube Sorumlusu Semih Hekimo\u011flu haz\u0131r bulundu. Hekimo\u011flu\u2019na transfer oldu\u011fu i\u00e7in \u00e7ok mutlu oldu\u011funu belirten Abdulkadir \u00d6zdemir, &#8220;Evime d\u00f6nd\u00fcm desem abartm\u0131\u015f olmam. K\u0131sa zamanda T\u00fcrkiye\u2019nin \u00f6nemli kul\u00fcplerinde futbol oynad\u0131m. S\u00fcper ligden tutun ve 1. Lig\u2019e kadar bir \u00e7ok tak\u0131mda oynad\u0131m. Evime geldim. 28 ya\u015f\u0131nday\u0131m ve tak\u0131ma katk\u0131 sa\u011flayaca\u011f\u0131ma y\u00fcrekten inan\u0131yorum&#8221; dedi.<\/p>\n<p>Hekimo\u011flu Trabzon FK Futbol \u015eube Sorumlusu Semih Hekimo\u011flu da Abdulkadir \u00d6zdemir\u2019in tak\u0131ma \u00f6nemli katk\u0131 sa\u011flayaca\u011f\u0131na inand\u0131\u011f\u0131n\u0131 belirterek, &#8220;Abdulkadir \u00d6zdemir\u2019in tecr\u00fcbesi ve futbol birimi ile bu tak\u0131ma hem a\u011fabeylik hem de futbol katk\u0131s\u0131 sa\u011flayaca\u011f\u0131na inan\u0131yorum. Tercihlerimizi yaparken doku uyumuna ve sporcu ahlak\u0131na g\u00fcvendi\u011fimiz oyuncular\u0131m\u0131zdan biri. Orta saham\u0131z kale gibi oldu diyebilirim&#8221; yorumunu yapt\u0131.<\/p>\n","protected":false},"excerpt":{"rendered":"<p>TFF 2 L\u0130G BEYAZ GRUPTA M\u00dcCADELE EDEN HEK\u0130MO\u011eLU TRABZON FK, TFF 1.L\u0130G  EK\u0130PLER\u0130NDEN ADANASPOR\u2019UN ORTA SAHA OYUNCUSU  ABDULKAD\u0130R \u00d6ZDEM\u0130R  \u0130LE 1,5 YILLIK S\u00d6ZLE\u015eME \u0130MZALADI<\/p>\n","protected":false},"author":1,"featured_media":253072,"comment_status":"closed","ping_status":"open","sticky":false,"template":"","format":"standard","meta":{"jetpack_post_was_ever_published":false,"_jetpack_newsletter_access":"","_jetpack_dont_email_post_to_subs":false,"_jetpack_newsletter_tier_id":0,"_jetpack_memberships_contains_paywalled_content":false,"_jetpack_memberships_contains_paid_content":false,"footnotes":"","jetpack_publicize_message":"","jetpack_publicize_feature_enabled":true,"jetpack_social_post_already_shared":true,"jetpack_social_options":{"image_generator_settings":{"template":"highway","default_image_id":0,"font":"","enabled":false},"version":2}},"categories":[657],"tags":[4605,13451,207,4693,39260,2518],"class_list":["post-253071","post","type-post","status-publish","format-standard","has-post-thumbnail","hentry","category-spor","tag-trabzon","tag-abdulkadir","tag-etti","tag-hekimoglu","tag-ozdemiri","tag-transfer"],"jetpack_publicize_connections":[],"jetpack_featured_media_url":"https:\/\/i0.wp.com\/www.tvturk.com\/wp-content\/uploads\/2020\/01\/hekimoglu-trabzon-abdulkadir-ozdemiri-transfer-etti_359ed49.jpg?fit=1000%2C902","jetpack_sharing_enabled":true,"jetpack_shortlink":"https:\/\/wp.me\/paKIfm-13PN","_links":{"self":[{"href":"http:\/\/www.tvturk.com\/index.php\/wp-json\/wp\/v2\/posts\/253071","targetHints":{"allow":["GET"]}}],"collection":[{"href":"http:\/\/www.tvturk.com\/index.php\/wp-json\/wp\/v2\/posts"}],"about":[{"href":"http:\/\/www.tvturk.com\/index.php\/wp-json\/wp\/v2\/types\/post"}],"author":[{"embeddable":true,"href":"http:\/\/www.tvturk.com\/index.php\/wp-json\/wp\/v2\/users\/1"}],"replies":[{"embeddable":true,"href":"http:\/\/www.tvturk.com\/index.php\/wp-json\/wp\/v2\/comments?post=253071"}],"version-history":[{"count":0,"href":"http:\/\/www.tvturk.com\/index.php\/wp-json\/wp\/v2\/posts\/253071\/revisions"}],"wp:featuredmedia":[{"embeddable":true,"href":"http:\/\/www.tvturk.com\/index.php\/wp-json\/wp\/v2\/media\/253072"}],"wp:attachment":[{"href":"http:\/\/www.tvturk.com\/index.php\/wp-json\/wp\/v2\/media?parent=253071"}],"wp:term":[{"taxonomy":"category","embeddable":true,"href":"http:\/\/www.tvturk.com\/index.php\/wp-json\/wp\/v2\/categories?post=253071"},{"taxonomy":"post_tag","embeddable":true,"href":"http:\/\/www.tvturk.com\/index.php\/wp-json\/wp\/v2\/tags?post=253071"}],"curies":[{"name":"wp","href":"https:\/\/api.w.org\/{rel}","templated":true}]}}