{"id":25310,"date":"2019-02-12T14:06:13","date_gmt":"2019-02-12T11:06:13","guid":{"rendered":"http:\/\/www.tvturk.com\/index.php\/iranli-sanatcidan-24-ayar-minyatur-sergisi\/"},"modified":"2019-02-12T14:06:19","modified_gmt":"2019-02-12T11:06:19","slug":"iranli-sanatcidan-24-ayar-minyatur-sergisi","status":"publish","type":"post","link":"http:\/\/www.tvturk.com\/index.php\/iranli-sanatcidan-24-ayar-minyatur-sergisi\/","title":{"rendered":"\u0130ranl\u0131 sanat\u00e7\u0131dan 24 ayar minyat\u00fcr sergisi"},"content":{"rendered":"<p>\u0130ranl\u0131 sanat\u00e7\u0131 Fatemeh Seba Jafari\u2019nin Minyat\u00fcr\u2019\u00fcn 21\u2019inci Y\u00fczy\u0131la Seyahati isimli sergisi sanatseverleri a\u011f\u0131rlamaya ba\u015flad\u0131. 9 \u015eubat-28 \u015eubat tarihleri aras\u0131nda ziyaret edilebilinecek sergi de T\u00fcrk ve \u0130ran edebiyat\u0131ndan esinlenen eserlerin olmas\u0131n\u0131n yan\u0131 s\u0131ra pek \u00e7ok tabloda malzeme olarak 24 ayar alt\u0131n\u0131n da kullan\u0131lmas\u0131 dikkat \u00e7ekiyor.<\/p>\n<p>\u0130ranl\u0131 sanat\u00e7\u0131 Fatemeh Seba Jafari\u2019nin \u0130stanbul\u2019daki ilk ki\u015fisel sergisi sanatseverleri a\u011f\u0131rlamaya ba\u015flad\u0131. T\u00fcrk ve \u0130ran edebiyat\u0131ndan etkilenerek haz\u0131rlanan \u2019Minyat\u00fcr\u2019\u00fcn 21\u2019inci Y\u00fczy\u0131la Seyahati\u2019 isimli serginin dikkat \u00e7eken bir di\u011fer noktas\u0131 ise eserlerin \u00e7o\u011funda malzeme olarak 24 ayar alt\u0131n\u0131n da kullan\u0131lmas\u0131. 6 senedir T\u00fcrkiye\u2019de ya\u015fayan ve aslen \u0130ran Azeri\u2019si olan Jafari, eserlerinde geleneksel minyat\u00fcr sanat\u0131na modern bir bak\u0131\u015f a\u00e7\u0131s\u0131 katmak istedi\u011fini kaydetti. Sergi alan\u0131na ast\u0131\u011f\u0131 narlar ile ortam\u0131n masals\u0131 taraf\u0131n\u0131 g\u00fc\u00e7lendiren sanat\u00e7\u0131 eserlerinin \u00e7o\u011funda da T\u00fcrk ve Fars edebiyat\u0131nda yer alan fig\u00fcrleri kulland\u0131\u011f\u0131n\u0131 belirtti.<\/p>\n<p>T\u00fcrk edebiyat\u0131ndan esinlendi<\/p>\n<p>\u0130ran edebiyat\u0131ndaki \u0130slami k\u0131ssalardan, T\u00fcrk edebiyat\u0131ndaki divan \u015fairlerinden etkilenerek olu\u015fturdu\u011fu pek \u00e7ok tablosu bulunan sanat\u00e7\u0131, en \u00e7ok dikkat \u00e7eken eserlerinden biri olan\u2019 Yer \u00c7ocu\u011fu Salur i\u00e7in ise Dede Korkut efsanesinden yola \u00e7\u0131kt\u0131\u011f\u0131n\u0131 belirterek, &#8220;Dede Korkut efsanevi bak\u0131mdan bir totemdir(kurt\u2019tur) ve 7 hayvan toplam\u0131 Dede Korkut kitab\u0131d\u0131r ki onlar\u0131n ba\u015f\u0131nda at gelir. 4. Gah da ilk olu\u015fturulan yarat\u0131k att\u0131r ve onun ismi Salur\u2019dur, yery\u00fcz\u00fcne d\u00f6k\u00fclen tohumlardan bu at do\u011fuyor&#8221; ifadelerini kulland\u0131.<\/p>\n<p>Dede Korkut fig\u00fcr\u00fcn\u00fcn \u0130ran\u2019da T\u00fcrkiye\u2019de bilindi\u011finden farkl\u0131 i\u015flendi\u011fini belirten Jarafi, bu fig\u00fcr\u00fcn pek \u00e7ok \u00fclkenin sanat\u0131n\u0131 etkiledi\u011fini belirtti.<\/p>\n<p>24 ayar minyat\u00fcr tablolar<\/p>\n<p>Serginin dikkat \u00e7eken bir di\u011fer noktas\u0131 ise tablolar\u0131n \u00e7o\u011funda malzeme olarak 24 ayar alt\u0131n\u0131n da kullan\u0131lm\u0131\u015f olmas\u0131. At\u0131n\u0131n malzeme olarak kullan\u0131lmas\u0131n\u0131n hem teknik a\u00e7\u0131dan hem de maddi a\u00e7\u0131dan kendisini zorlad\u0131\u011f\u0131n\u0131 belirten sanat\u00e7\u0131 g\u00fcvenlik sebebi ile eserlerin alt\u0131na fiyat bilgisini koymad\u0131\u011f\u0131n\u0131 belirtti.<\/p>\n<p>Jarafi bir tablosundan yola \u00e7\u0131karak alt\u0131n\u0131 kullanma tekni\u011fini, &#8220;Eserde g\u00f6rd\u00fc\u011f\u00fcn\u00fcz alt\u0131n rengindeki detaylar ger\u00e7ekten 24 ayar alt\u0131n. Tablonun arka k\u0131sm\u0131nda da alt\u0131n ka\u011f\u0131t var ka\u011f\u0131d\u0131n \u00fczerine duman\u0131 kulland\u0131m ve yeni bir teknik ortaya \u00e7\u0131kard\u0131m. Ben kendim de be\u011fendim, hocalar\u0131m da be\u011fendi \u00e7ok \u015f\u00fck\u00fcr &#8221;  dedi.<\/p>\n<p>Memleketi \u0130ran\u2019da Minyat\u00fcr sanat\u00e7\u0131s\u0131 Mahmood Farshchiyan ve Kemaleddin Behzad okulundan ders alan sanat\u00e7\u0131 Zangan Ruzbeh Sanat Okulu Grafik b\u00f6l\u00fcm\u00fcnden mezun. Mimar Sinan \u00dcniversite\u2019si Geleneksel Sanatlar Fak\u00fcltesi\u2019de de y\u00fcksek \u00f6\u011frenimini tamamlayan Jarafi\u2019nin sergisi 28 \u015eubat\u2019a kadar ziyarete a\u00e7\u0131k.<div class=\"tiled-gallery type-rectangular tiled-gallery-unresized\" data-original-width=\"500\" data-carousel-extra='null' itemscope itemtype=\"http:\/\/schema.org\/ImageGallery\" > <div class=\"gallery-row\" style=\"width: 500px; height: 227px;\" data-original-width=\"500\" data-original-height=\"227\" > <div class=\"gallery-group images-1\" style=\"width: 301px; height: 227px;\" data-original-width=\"301\" data-original-height=\"227\" > <div class=\"tiled-gallery-item tiled-gallery-item-large\" itemprop=\"associatedMedia\" itemscope itemtype=\"http:\/\/schema.org\/ImageObject\"> <a href=\"http:\/\/www.tvturk.com\/index.php\/iranli-sanatcidan-24-ayar-minyatur-sergisi\/iranli-sanatcidan-24-ayar-minyatur-sergisi-3\/\" border=\"0\" itemprop=\"url\"> <meta itemprop=\"width\" content=\"297\"> <meta itemprop=\"height\" content=\"223\"> <img decoding=\"async\" class=\"\" data-attachment-id=\"25312\" data-orig-file=\"http:\/\/www.tvturk.com\/wp-content\/uploads\/2019\/02\/iranli-sanatcidan-24-ayar-minyatur-sergisi_7d77ca2.jpg\" data-orig-size=\"1000,750\" data-comments-opened=\"\" data-image-meta=\"{&quot;aperture&quot;:&quot;0&quot;,&quot;credit&quot;:&quot;IHA&quot;,&quot;camera&quot;:&quot;&quot;,&quot;caption&quot;:&quot;\\u0130RANLI SANAT\\u00c7I FATEMEH SEBA JAFAR\\u0130\\u0027N\\u0130N M\\u0130NYAT\\u00dcR\\u0027\\u00dcN 21\\u0027\\u0130NC\\u0130 Y\\u00dcZYILA SEYAHAT\\u0130 \\u0130S\\u0130ML\\u0130 SERG\\u0130S\\u0130 SANATSEVERLER\\u0130 A\\u011eIRLAMAYA BA\\u015eLADI. 9 \\u015eUBAT-28 \\u015eUBAT TAR\\u0130HLER\\u0130 ARASINDA Z\\u0130YARET ED\\u0130LEB\\u0130L\\u0130NECEK SERG\\u0130 DE T\\u00dcRK VE \\u0130RAN EDEB\\u0130YATINDAN ES\\u0130NLENEN ESERLER\\u0130N OLMASININ YANI SIRA PEK \\u00c7OK TABLODA MALZEME OLARAK 24 AYAR ALTININ DA KULLANILMASI D\\u0130KKAT \\u00c7EK\\u0130YOR. (\\u0130HA\\\/\\u0130STANBUL-\\u0130HA)&quot;,&quot;created_timestamp&quot;:&quot;0&quot;,&quot;copyright&quot;:&quot;\\u0130HLAS HABER AJANSI, www.iha.com.tr&quot;,&quot;focal_length&quot;:&quot;0&quot;,&quot;iso&quot;:&quot;0&quot;,&quot;shutter_speed&quot;:&quot;0&quot;,&quot;title&quot;:&quot;\\u0130RANLI SANAT\\u00c7IDAN 24 AYAR M\\u0130NYAT\\u00dcR SERG\\u0130S\\u0130&quot;,&quot;orientation&quot;:&quot;0&quot;}\" data-image-title=\"\u0130ranl\u0131 sanat\u00e7\u0131dan 24 ayar minyat\u00fcr sergisi\" data-image-description=\"&lt;p&gt;\u0130ranl\u0131 sanat\u00e7\u0131dan 24 ayar minyat\u00fcr sergisi&lt;\/p&gt; \" data-medium-file=\"https:\/\/i0.wp.com\/www.tvturk.com\/wp-content\/uploads\/2019\/02\/iranli-sanatcidan-24-ayar-minyatur-sergisi_7d77ca2.jpg?fit=300%2C225\" data-large-file=\"https:\/\/i0.wp.com\/www.tvturk.com\/wp-content\/uploads\/2019\/02\/iranli-sanatcidan-24-ayar-minyatur-sergisi_7d77ca2.jpg?fit=1000%2C750\" src=\"https:\/\/i0.wp.com\/www.tvturk.com\/wp-content\/uploads\/2019\/02\/iranli-sanatcidan-24-ayar-minyatur-sergisi_7d77ca2.jpg?w=297&#038;h=223\" srcset=\"https:\/\/i0.wp.com\/www.tvturk.com\/wp-content\/uploads\/2019\/02\/iranli-sanatcidan-24-ayar-minyatur-sergisi_7d77ca2.jpg?w=1000 1000w, https:\/\/i0.wp.com\/www.tvturk.com\/wp-content\/uploads\/2019\/02\/iranli-sanatcidan-24-ayar-minyatur-sergisi_7d77ca2.jpg?resize=150%2C113 150w, https:\/\/i0.wp.com\/www.tvturk.com\/wp-content\/uploads\/2019\/02\/iranli-sanatcidan-24-ayar-minyatur-sergisi_7d77ca2.jpg?resize=300%2C225 300w, https:\/\/i0.wp.com\/www.tvturk.com\/wp-content\/uploads\/2019\/02\/iranli-sanatcidan-24-ayar-minyatur-sergisi_7d77ca2.jpg?resize=768%2C576 768w\" width=\"297\" height=\"223\" loading=\"lazy\" data-original-width=\"297\" data-original-height=\"223\" itemprop=\"http:\/\/schema.org\/image\" title=\"\u0130ranl\u0131 sanat\u00e7\u0131dan 24 ayar minyat\u00fcr sergisi\" alt=\"\u0130ranl\u0131 sanat\u00e7\u0131dan 24 ayar minyat\u00fcr sergisi\" style=\"width: 297px; height: 223px;\" \/> <\/a> <\/div> <\/div> <!-- close group --> <div class=\"gallery-group images-2\" style=\"width: 199px; height: 227px;\" data-original-width=\"199\" data-original-height=\"227\" > <div class=\"tiled-gallery-item tiled-gallery-item-small\" itemprop=\"associatedMedia\" itemscope itemtype=\"http:\/\/schema.org\/ImageObject\"> <a href=\"http:\/\/www.tvturk.com\/index.php\/iranli-sanatcidan-24-ayar-minyatur-sergisi\/iranli-sanatcidan-24-ayar-minyatur-sergisi-4\/\" border=\"0\" itemprop=\"url\"> <meta itemprop=\"width\" content=\"195\"> <meta itemprop=\"height\" content=\"110\"> <img decoding=\"async\" class=\"\" data-attachment-id=\"25313\" data-orig-file=\"http:\/\/www.tvturk.com\/wp-content\/uploads\/2019\/02\/iranli-sanatcidan-24-ayar-minyatur-sergisi_4d67858.jpg\" data-orig-size=\"1000,562\" data-comments-opened=\"\" data-image-meta=\"{&quot;aperture&quot;:&quot;0&quot;,&quot;credit&quot;:&quot;IHA&quot;,&quot;camera&quot;:&quot;&quot;,&quot;caption&quot;:&quot;\\u0130RANLI SANAT\\u00c7I FATEMEH SEBA JAFAR\\u0130\\u0027N\\u0130N M\\u0130NYAT\\u00dcR\\u0027\\u00dcN 21\\u0027\\u0130NC\\u0130 Y\\u00dcZYILA SEYAHAT\\u0130 \\u0130S\\u0130ML\\u0130 SERG\\u0130S\\u0130 SANATSEVERLER\\u0130 A\\u011eIRLAMAYA BA\\u015eLADI. 9 \\u015eUBAT-28 \\u015eUBAT TAR\\u0130HLER\\u0130 ARASINDA Z\\u0130YARET ED\\u0130LEB\\u0130L\\u0130NECEK SERG\\u0130 DE T\\u00dcRK VE \\u0130RAN EDEB\\u0130YATINDAN ES\\u0130NLENEN ESERLER\\u0130N OLMASININ YANI SIRA PEK \\u00c7OK TABLODA MALZEME OLARAK 24 AYAR ALTININ DA KULLANILMASI D\\u0130KKAT \\u00c7EK\\u0130YOR. (\\u0130HA\\\/\\u0130STANBUL-\\u0130HA)&quot;,&quot;created_timestamp&quot;:&quot;0&quot;,&quot;copyright&quot;:&quot;\\u0130HLAS HABER AJANSI, www.iha.com.tr&quot;,&quot;focal_length&quot;:&quot;0&quot;,&quot;iso&quot;:&quot;0&quot;,&quot;shutter_speed&quot;:&quot;0&quot;,&quot;title&quot;:&quot;\\u0130RANLI SANAT\\u00c7IDAN 24 AYAR M\\u0130NYAT\\u00dcR SERG\\u0130S\\u0130&quot;,&quot;orientation&quot;:&quot;0&quot;}\" data-image-title=\"\u0130ranl\u0131 sanat\u00e7\u0131dan 24 ayar minyat\u00fcr sergisi\" data-image-description=\"&lt;p&gt;\u0130ranl\u0131 sanat\u00e7\u0131dan 24 ayar minyat\u00fcr sergisi&lt;\/p&gt; \" data-medium-file=\"https:\/\/i0.wp.com\/www.tvturk.com\/wp-content\/uploads\/2019\/02\/iranli-sanatcidan-24-ayar-minyatur-sergisi_4d67858.jpg?fit=300%2C169\" data-large-file=\"https:\/\/i0.wp.com\/www.tvturk.com\/wp-content\/uploads\/2019\/02\/iranli-sanatcidan-24-ayar-minyatur-sergisi_4d67858.jpg?fit=1000%2C562\" src=\"https:\/\/i0.wp.com\/www.tvturk.com\/wp-content\/uploads\/2019\/02\/iranli-sanatcidan-24-ayar-minyatur-sergisi_4d67858.jpg?w=195&#038;h=110\" srcset=\"https:\/\/i0.wp.com\/www.tvturk.com\/wp-content\/uploads\/2019\/02\/iranli-sanatcidan-24-ayar-minyatur-sergisi_4d67858.jpg?w=1000 1000w, https:\/\/i0.wp.com\/www.tvturk.com\/wp-content\/uploads\/2019\/02\/iranli-sanatcidan-24-ayar-minyatur-sergisi_4d67858.jpg?resize=150%2C84 150w, https:\/\/i0.wp.com\/www.tvturk.com\/wp-content\/uploads\/2019\/02\/iranli-sanatcidan-24-ayar-minyatur-sergisi_4d67858.jpg?resize=300%2C169 300w, https:\/\/i0.wp.com\/www.tvturk.com\/wp-content\/uploads\/2019\/02\/iranli-sanatcidan-24-ayar-minyatur-sergisi_4d67858.jpg?resize=768%2C432 768w, https:\/\/i0.wp.com\/www.tvturk.com\/wp-content\/uploads\/2019\/02\/iranli-sanatcidan-24-ayar-minyatur-sergisi_4d67858.jpg?resize=200%2C113 200w\" width=\"195\" height=\"110\" loading=\"lazy\" data-original-width=\"195\" data-original-height=\"110\" itemprop=\"http:\/\/schema.org\/image\" title=\"\u0130ranl\u0131 sanat\u00e7\u0131dan 24 ayar minyat\u00fcr sergisi\" alt=\"\u0130ranl\u0131 sanat\u00e7\u0131dan 24 ayar minyat\u00fcr sergisi\" style=\"width: 195px; height: 110px;\" \/> <\/a> <\/div> <div class=\"tiled-gallery-item tiled-gallery-item-small\" itemprop=\"associatedMedia\" itemscope itemtype=\"http:\/\/schema.org\/ImageObject\"> <a href=\"http:\/\/www.tvturk.com\/index.php\/iranli-sanatcidan-24-ayar-minyatur-sergisi\/iranli-sanatcidan-24-ayar-minyatur-sergisi-5\/\" border=\"0\" itemprop=\"url\"> <meta itemprop=\"width\" content=\"195\"> <meta itemprop=\"height\" content=\"109\"> <img decoding=\"async\" class=\"\" data-attachment-id=\"25314\" data-orig-file=\"http:\/\/www.tvturk.com\/wp-content\/uploads\/2019\/02\/iranli-sanatcidan-24-ayar-minyatur-sergisi_46e52c2.jpg\" data-orig-size=\"1000,562\" data-comments-opened=\"\" data-image-meta=\"{&quot;aperture&quot;:&quot;0&quot;,&quot;credit&quot;:&quot;IHA&quot;,&quot;camera&quot;:&quot;&quot;,&quot;caption&quot;:&quot;\\u0130RANLI SANAT\\u00c7I FATEMEH SEBA JAFAR\\u0130\\u0027N\\u0130N M\\u0130NYAT\\u00dcR\\u0027\\u00dcN 21\\u0027\\u0130NC\\u0130 Y\\u00dcZYILA SEYAHAT\\u0130 \\u0130S\\u0130ML\\u0130 SERG\\u0130S\\u0130 SANATSEVERLER\\u0130 A\\u011eIRLAMAYA BA\\u015eLADI. 9 \\u015eUBAT-28 \\u015eUBAT TAR\\u0130HLER\\u0130 ARASINDA Z\\u0130YARET ED\\u0130LEB\\u0130L\\u0130NECEK SERG\\u0130 DE T\\u00dcRK VE \\u0130RAN EDEB\\u0130YATINDAN ES\\u0130NLENEN ESERLER\\u0130N OLMASININ YANI SIRA PEK \\u00c7OK TABLODA MALZEME OLARAK 24 AYAR ALTININ DA KULLANILMASI D\\u0130KKAT \\u00c7EK\\u0130YOR. (\\u0130HA\\\/\\u0130STANBUL-\\u0130HA)&quot;,&quot;created_timestamp&quot;:&quot;0&quot;,&quot;copyright&quot;:&quot;\\u0130HLAS HABER AJANSI, www.iha.com.tr&quot;,&quot;focal_length&quot;:&quot;0&quot;,&quot;iso&quot;:&quot;0&quot;,&quot;shutter_speed&quot;:&quot;0&quot;,&quot;title&quot;:&quot;\\u0130RANLI SANAT\\u00c7IDAN 24 AYAR M\\u0130NYAT\\u00dcR SERG\\u0130S\\u0130&quot;,&quot;orientation&quot;:&quot;0&quot;}\" data-image-title=\"\u0130ranl\u0131 sanat\u00e7\u0131dan 24 ayar minyat\u00fcr sergisi\" data-image-description=\"&lt;p&gt;\u0130ranl\u0131 sanat\u00e7\u0131dan 24 ayar minyat\u00fcr sergisi&lt;\/p&gt; \" data-medium-file=\"https:\/\/i0.wp.com\/www.tvturk.com\/wp-content\/uploads\/2019\/02\/iranli-sanatcidan-24-ayar-minyatur-sergisi_46e52c2.jpg?fit=300%2C169\" data-large-file=\"https:\/\/i0.wp.com\/www.tvturk.com\/wp-content\/uploads\/2019\/02\/iranli-sanatcidan-24-ayar-minyatur-sergisi_46e52c2.jpg?fit=1000%2C562\" src=\"https:\/\/i0.wp.com\/www.tvturk.com\/wp-content\/uploads\/2019\/02\/iranli-sanatcidan-24-ayar-minyatur-sergisi_46e52c2.jpg?w=195&#038;h=109\" srcset=\"https:\/\/i0.wp.com\/www.tvturk.com\/wp-content\/uploads\/2019\/02\/iranli-sanatcidan-24-ayar-minyatur-sergisi_46e52c2.jpg?w=1000 1000w, https:\/\/i0.wp.com\/www.tvturk.com\/wp-content\/uploads\/2019\/02\/iranli-sanatcidan-24-ayar-minyatur-sergisi_46e52c2.jpg?resize=150%2C84 150w, https:\/\/i0.wp.com\/www.tvturk.com\/wp-content\/uploads\/2019\/02\/iranli-sanatcidan-24-ayar-minyatur-sergisi_46e52c2.jpg?resize=300%2C169 300w, https:\/\/i0.wp.com\/www.tvturk.com\/wp-content\/uploads\/2019\/02\/iranli-sanatcidan-24-ayar-minyatur-sergisi_46e52c2.jpg?resize=768%2C432 768w, https:\/\/i0.wp.com\/www.tvturk.com\/wp-content\/uploads\/2019\/02\/iranli-sanatcidan-24-ayar-minyatur-sergisi_46e52c2.jpg?resize=200%2C113 200w\" width=\"195\" height=\"109\" loading=\"lazy\" data-original-width=\"195\" data-original-height=\"109\" itemprop=\"http:\/\/schema.org\/image\" title=\"\u0130ranl\u0131 sanat\u00e7\u0131dan 24 ayar minyat\u00fcr sergisi\" alt=\"\u0130ranl\u0131 sanat\u00e7\u0131dan 24 ayar minyat\u00fcr sergisi\" style=\"width: 195px; height: 109px;\" \/> <\/a> <\/div> <\/div> <!-- close group --> <\/div> <!-- close row --> <div class=\"gallery-row\" style=\"width: 500px; height: 107px;\" data-original-width=\"500\" data-original-height=\"107\" > <div class=\"gallery-group images-1\" style=\"width: 187px; height: 107px;\" data-original-width=\"187\" data-original-height=\"107\" > <div class=\"tiled-gallery-item tiled-gallery-item-small\" itemprop=\"associatedMedia\" itemscope itemtype=\"http:\/\/schema.org\/ImageObject\"> <a href=\"http:\/\/www.tvturk.com\/index.php\/iranli-sanatcidan-24-ayar-minyatur-sergisi\/iranli-sanatcidan-24-ayar-minyatur-sergisi-6\/\" border=\"0\" itemprop=\"url\"> <meta itemprop=\"width\" content=\"183\"> <meta itemprop=\"height\" content=\"103\"> <img decoding=\"async\" class=\"\" data-attachment-id=\"25315\" data-orig-file=\"http:\/\/www.tvturk.com\/wp-content\/uploads\/2019\/02\/iranli-sanatcidan-24-ayar-minyatur-sergisi_0a3d0df.jpg\" data-orig-size=\"1000,562\" data-comments-opened=\"\" data-image-meta=\"{&quot;aperture&quot;:&quot;0&quot;,&quot;credit&quot;:&quot;IHA&quot;,&quot;camera&quot;:&quot;&quot;,&quot;caption&quot;:&quot;\\u0130RANLI SANAT\\u00c7I FATEMEH SEBA JAFAR\\u0130\\u0027N\\u0130N M\\u0130NYAT\\u00dcR\\u0027\\u00dcN 21\\u0027\\u0130NC\\u0130 Y\\u00dcZYILA SEYAHAT\\u0130 \\u0130S\\u0130ML\\u0130 SERG\\u0130S\\u0130 SANATSEVERLER\\u0130 A\\u011eIRLAMAYA BA\\u015eLADI. 9 \\u015eUBAT-28 \\u015eUBAT TAR\\u0130HLER\\u0130 ARASINDA Z\\u0130YARET ED\\u0130LEB\\u0130L\\u0130NECEK SERG\\u0130 DE T\\u00dcRK VE \\u0130RAN EDEB\\u0130YATINDAN ES\\u0130NLENEN ESERLER\\u0130N OLMASININ YANI SIRA PEK \\u00c7OK TABLODA MALZEME OLARAK 24 AYAR ALTININ DA KULLANILMASI D\\u0130KKAT \\u00c7EK\\u0130YOR. (\\u0130HA\\\/\\u0130STANBUL-\\u0130HA)&quot;,&quot;created_timestamp&quot;:&quot;0&quot;,&quot;copyright&quot;:&quot;\\u0130HLAS HABER AJANSI, www.iha.com.tr&quot;,&quot;focal_length&quot;:&quot;0&quot;,&quot;iso&quot;:&quot;0&quot;,&quot;shutter_speed&quot;:&quot;0&quot;,&quot;title&quot;:&quot;\\u0130RANLI SANAT\\u00c7IDAN 24 AYAR M\\u0130NYAT\\u00dcR SERG\\u0130S\\u0130&quot;,&quot;orientation&quot;:&quot;0&quot;}\" data-image-title=\"\u0130ranl\u0131 sanat\u00e7\u0131dan 24 ayar minyat\u00fcr sergisi\" data-image-description=\"&lt;p&gt;\u0130ranl\u0131 sanat\u00e7\u0131dan 24 ayar minyat\u00fcr sergisi&lt;\/p&gt; \" data-medium-file=\"https:\/\/i0.wp.com\/www.tvturk.com\/wp-content\/uploads\/2019\/02\/iranli-sanatcidan-24-ayar-minyatur-sergisi_0a3d0df.jpg?fit=300%2C169\" data-large-file=\"https:\/\/i0.wp.com\/www.tvturk.com\/wp-content\/uploads\/2019\/02\/iranli-sanatcidan-24-ayar-minyatur-sergisi_0a3d0df.jpg?fit=1000%2C562\" src=\"https:\/\/i0.wp.com\/www.tvturk.com\/wp-content\/uploads\/2019\/02\/iranli-sanatcidan-24-ayar-minyatur-sergisi_0a3d0df.jpg?w=183&#038;h=103\" srcset=\"https:\/\/i0.wp.com\/www.tvturk.com\/wp-content\/uploads\/2019\/02\/iranli-sanatcidan-24-ayar-minyatur-sergisi_0a3d0df.jpg?w=1000 1000w, https:\/\/i0.wp.com\/www.tvturk.com\/wp-content\/uploads\/2019\/02\/iranli-sanatcidan-24-ayar-minyatur-sergisi_0a3d0df.jpg?resize=150%2C84 150w, https:\/\/i0.wp.com\/www.tvturk.com\/wp-content\/uploads\/2019\/02\/iranli-sanatcidan-24-ayar-minyatur-sergisi_0a3d0df.jpg?resize=300%2C169 300w, https:\/\/i0.wp.com\/www.tvturk.com\/wp-content\/uploads\/2019\/02\/iranli-sanatcidan-24-ayar-minyatur-sergisi_0a3d0df.jpg?resize=768%2C432 768w, https:\/\/i0.wp.com\/www.tvturk.com\/wp-content\/uploads\/2019\/02\/iranli-sanatcidan-24-ayar-minyatur-sergisi_0a3d0df.jpg?resize=200%2C113 200w\" width=\"183\" height=\"103\" loading=\"lazy\" data-original-width=\"183\" data-original-height=\"103\" itemprop=\"http:\/\/schema.org\/image\" title=\"\u0130ranl\u0131 sanat\u00e7\u0131dan 24 ayar minyat\u00fcr sergisi\" alt=\"\u0130ranl\u0131 sanat\u00e7\u0131dan 24 ayar minyat\u00fcr sergisi\" style=\"width: 183px; height: 103px;\" \/> <\/a> <\/div> <\/div> <!-- close group --> <div class=\"gallery-group images-1\" style=\"width: 141px; height: 107px;\" data-original-width=\"141\" data-original-height=\"107\" > <div class=\"tiled-gallery-item tiled-gallery-item-small\" itemprop=\"associatedMedia\" itemscope itemtype=\"http:\/\/schema.org\/ImageObject\"> <a href=\"http:\/\/www.tvturk.com\/index.php\/iranli-sanatcidan-24-ayar-minyatur-sergisi\/iranli-sanatcidan-24-ayar-minyatur-sergisi-7\/\" border=\"0\" itemprop=\"url\"> <meta itemprop=\"width\" content=\"137\"> <meta itemprop=\"height\" content=\"103\"> <img decoding=\"async\" class=\"\" data-attachment-id=\"25316\" data-orig-file=\"http:\/\/www.tvturk.com\/wp-content\/uploads\/2019\/02\/iranli-sanatcidan-24-ayar-minyatur-sergisi_8c873a3.jpg\" data-orig-size=\"1000,750\" data-comments-opened=\"\" data-image-meta=\"{&quot;aperture&quot;:&quot;0&quot;,&quot;credit&quot;:&quot;IHA&quot;,&quot;camera&quot;:&quot;&quot;,&quot;caption&quot;:&quot;\\u0130RANLI SANAT\\u00c7I FATEMEH SEBA JAFAR\\u0130\\u0027N\\u0130N M\\u0130NYAT\\u00dcR\\u0027\\u00dcN 21\\u0027\\u0130NC\\u0130 Y\\u00dcZYILA SEYAHAT\\u0130 \\u0130S\\u0130ML\\u0130 SERG\\u0130S\\u0130 SANATSEVERLER\\u0130 A\\u011eIRLAMAYA BA\\u015eLADI. 9 \\u015eUBAT-28 \\u015eUBAT TAR\\u0130HLER\\u0130 ARASINDA Z\\u0130YARET ED\\u0130LEB\\u0130L\\u0130NECEK SERG\\u0130 DE T\\u00dcRK VE \\u0130RAN EDEB\\u0130YATINDAN ES\\u0130NLENEN ESERLER\\u0130N OLMASININ YANI SIRA PEK \\u00c7OK TABLODA MALZEME OLARAK 24 AYAR ALTININ DA KULLANILMASI D\\u0130KKAT \\u00c7EK\\u0130YOR. (\\u0130HA\\\/\\u0130STANBUL-\\u0130HA)&quot;,&quot;created_timestamp&quot;:&quot;0&quot;,&quot;copyright&quot;:&quot;\\u0130HLAS HABER AJANSI, www.iha.com.tr&quot;,&quot;focal_length&quot;:&quot;0&quot;,&quot;iso&quot;:&quot;0&quot;,&quot;shutter_speed&quot;:&quot;0&quot;,&quot;title&quot;:&quot;\\u0130RANLI SANAT\\u00c7IDAN 24 AYAR M\\u0130NYAT\\u00dcR SERG\\u0130S\\u0130&quot;,&quot;orientation&quot;:&quot;0&quot;}\" data-image-title=\"\u0130ranl\u0131 sanat\u00e7\u0131dan 24 ayar minyat\u00fcr sergisi\" data-image-description=\"&lt;p&gt;\u0130ranl\u0131 sanat\u00e7\u0131dan 24 ayar minyat\u00fcr sergisi&lt;\/p&gt; \" data-medium-file=\"https:\/\/i0.wp.com\/www.tvturk.com\/wp-content\/uploads\/2019\/02\/iranli-sanatcidan-24-ayar-minyatur-sergisi_8c873a3.jpg?fit=300%2C225\" data-large-file=\"https:\/\/i0.wp.com\/www.tvturk.com\/wp-content\/uploads\/2019\/02\/iranli-sanatcidan-24-ayar-minyatur-sergisi_8c873a3.jpg?fit=1000%2C750\" src=\"https:\/\/i0.wp.com\/www.tvturk.com\/wp-content\/uploads\/2019\/02\/iranli-sanatcidan-24-ayar-minyatur-sergisi_8c873a3.jpg?w=137&#038;h=103\" srcset=\"https:\/\/i0.wp.com\/www.tvturk.com\/wp-content\/uploads\/2019\/02\/iranli-sanatcidan-24-ayar-minyatur-sergisi_8c873a3.jpg?w=1000 1000w, https:\/\/i0.wp.com\/www.tvturk.com\/wp-content\/uploads\/2019\/02\/iranli-sanatcidan-24-ayar-minyatur-sergisi_8c873a3.jpg?resize=150%2C113 150w, https:\/\/i0.wp.com\/www.tvturk.com\/wp-content\/uploads\/2019\/02\/iranli-sanatcidan-24-ayar-minyatur-sergisi_8c873a3.jpg?resize=300%2C225 300w, https:\/\/i0.wp.com\/www.tvturk.com\/wp-content\/uploads\/2019\/02\/iranli-sanatcidan-24-ayar-minyatur-sergisi_8c873a3.jpg?resize=768%2C576 768w\" width=\"137\" height=\"103\" loading=\"lazy\" data-original-width=\"137\" data-original-height=\"103\" itemprop=\"http:\/\/schema.org\/image\" title=\"\u0130ranl\u0131 sanat\u00e7\u0131dan 24 ayar minyat\u00fcr sergisi\" alt=\"\u0130ranl\u0131 sanat\u00e7\u0131dan 24 ayar minyat\u00fcr sergisi\" style=\"width: 137px; height: 103px;\" \/> <\/a> <\/div> <\/div> <!-- close group --> <div class=\"gallery-group images-1\" style=\"width: 86px; height: 107px;\" data-original-width=\"86\" data-original-height=\"107\" > <div class=\"tiled-gallery-item tiled-gallery-item-small\" itemprop=\"associatedMedia\" itemscope itemtype=\"http:\/\/schema.org\/ImageObject\"> <a href=\"http:\/\/www.tvturk.com\/index.php\/iranli-sanatcidan-24-ayar-minyatur-sergisi\/iranli-sanatcidan-24-ayar-minyatur-sergisi-8\/\" border=\"0\" itemprop=\"url\"> <meta itemprop=\"width\" content=\"82\"> <meta itemprop=\"height\" content=\"103\"> <img decoding=\"async\" class=\"\" data-attachment-id=\"25317\" data-orig-file=\"http:\/\/www.tvturk.com\/wp-content\/uploads\/2019\/02\/iranli-sanatcidan-24-ayar-minyatur-sergisi_938fc48.jpg\" data-orig-size=\"800,1000\" data-comments-opened=\"\" data-image-meta=\"{&quot;aperture&quot;:&quot;0&quot;,&quot;credit&quot;:&quot;IHA&quot;,&quot;camera&quot;:&quot;&quot;,&quot;caption&quot;:&quot;\\u0130RANLI SANAT\\u00c7I FATEMEH SEBA JAFAR\\u0130\\u0027N\\u0130N M\\u0130NYAT\\u00dcR\\u0027\\u00dcN 21\\u0027\\u0130NC\\u0130 Y\\u00dcZYILA SEYAHAT\\u0130 \\u0130S\\u0130ML\\u0130 SERG\\u0130S\\u0130 SANATSEVERLER\\u0130 A\\u011eIRLAMAYA BA\\u015eLADI. 9 \\u015eUBAT-28 \\u015eUBAT TAR\\u0130HLER\\u0130 ARASINDA Z\\u0130YARET ED\\u0130LEB\\u0130L\\u0130NECEK SERG\\u0130 DE T\\u00dcRK VE \\u0130RAN EDEB\\u0130YATINDAN ES\\u0130NLENEN ESERLER\\u0130N OLMASININ YANI SIRA PEK \\u00c7OK TABLODA MALZEME OLARAK 24 AYAR ALTININ DA KULLANILMASI D\\u0130KKAT \\u00c7EK\\u0130YOR. (\\u0130HA\\\/\\u0130STANBUL-\\u0130HA)&quot;,&quot;created_timestamp&quot;:&quot;0&quot;,&quot;copyright&quot;:&quot;\\u0130HLAS HABER AJANSI, www.iha.com.tr&quot;,&quot;focal_length&quot;:&quot;0&quot;,&quot;iso&quot;:&quot;0&quot;,&quot;shutter_speed&quot;:&quot;0&quot;,&quot;title&quot;:&quot;\\u0130RANLI SANAT\\u00c7IDAN 24 AYAR M\\u0130NYAT\\u00dcR SERG\\u0130S\\u0130&quot;,&quot;orientation&quot;:&quot;0&quot;}\" data-image-title=\"\u0130ranl\u0131 sanat\u00e7\u0131dan 24 ayar minyat\u00fcr sergisi\" data-image-description=\"&lt;p&gt;\u0130ranl\u0131 sanat\u00e7\u0131dan 24 ayar minyat\u00fcr sergisi&lt;\/p&gt; \" data-medium-file=\"https:\/\/i0.wp.com\/www.tvturk.com\/wp-content\/uploads\/2019\/02\/iranli-sanatcidan-24-ayar-minyatur-sergisi_938fc48.jpg?fit=240%2C300\" data-large-file=\"https:\/\/i0.wp.com\/www.tvturk.com\/wp-content\/uploads\/2019\/02\/iranli-sanatcidan-24-ayar-minyatur-sergisi_938fc48.jpg?fit=800%2C1000\" src=\"https:\/\/i0.wp.com\/www.tvturk.com\/wp-content\/uploads\/2019\/02\/iranli-sanatcidan-24-ayar-minyatur-sergisi_938fc48.jpg?w=82&#038;h=103\" srcset=\"https:\/\/i0.wp.com\/www.tvturk.com\/wp-content\/uploads\/2019\/02\/iranli-sanatcidan-24-ayar-minyatur-sergisi_938fc48.jpg?w=800 800w, https:\/\/i0.wp.com\/www.tvturk.com\/wp-content\/uploads\/2019\/02\/iranli-sanatcidan-24-ayar-minyatur-sergisi_938fc48.jpg?resize=120%2C150 120w, https:\/\/i0.wp.com\/www.tvturk.com\/wp-content\/uploads\/2019\/02\/iranli-sanatcidan-24-ayar-minyatur-sergisi_938fc48.jpg?resize=240%2C300 240w, https:\/\/i0.wp.com\/www.tvturk.com\/wp-content\/uploads\/2019\/02\/iranli-sanatcidan-24-ayar-minyatur-sergisi_938fc48.jpg?resize=768%2C960 768w\" width=\"82\" height=\"103\" loading=\"lazy\" data-original-width=\"82\" data-original-height=\"103\" itemprop=\"http:\/\/schema.org\/image\" title=\"\u0130ranl\u0131 sanat\u00e7\u0131dan 24 ayar minyat\u00fcr sergisi\" alt=\"\u0130ranl\u0131 sanat\u00e7\u0131dan 24 ayar minyat\u00fcr sergisi\" style=\"width: 82px; height: 103px;\" \/> <\/a> <\/div> <\/div> <!-- close group --> <div class=\"gallery-group images-1\" style=\"width: 86px; height: 107px;\" data-original-width=\"86\" data-original-height=\"107\" > <div class=\"tiled-gallery-item tiled-gallery-item-small\" itemprop=\"associatedMedia\" itemscope itemtype=\"http:\/\/schema.org\/ImageObject\"> <a href=\"http:\/\/www.tvturk.com\/index.php\/iranli-sanatcidan-24-ayar-minyatur-sergisi\/iranli-sanatcidan-24-ayar-minyatur-sergisi-9\/\" border=\"0\" itemprop=\"url\"> <meta itemprop=\"width\" content=\"82\"> <meta itemprop=\"height\" content=\"103\"> <img decoding=\"async\" class=\"\" data-attachment-id=\"25318\" data-orig-file=\"http:\/\/www.tvturk.com\/wp-content\/uploads\/2019\/02\/iranli-sanatcidan-24-ayar-minyatur-sergisi_a686b0a.jpg\" data-orig-size=\"750,942\" data-comments-opened=\"\" data-image-meta=\"{&quot;aperture&quot;:&quot;0&quot;,&quot;credit&quot;:&quot;IHA&quot;,&quot;camera&quot;:&quot;&quot;,&quot;caption&quot;:&quot;\\u0130RANLI SANAT\\u00c7I FATEMEH SEBA JAFAR\\u0130\\u0027N\\u0130N M\\u0130NYAT\\u00dcR\\u0027\\u00dcN 21\\u0027\\u0130NC\\u0130 Y\\u00dcZYILA SEYAHAT\\u0130 \\u0130S\\u0130ML\\u0130 SERG\\u0130S\\u0130 SANATSEVERLER\\u0130 A\\u011eIRLAMAYA BA\\u015eLADI. 9 \\u015eUBAT-28 \\u015eUBAT TAR\\u0130HLER\\u0130 ARASINDA Z\\u0130YARET ED\\u0130LEB\\u0130L\\u0130NECEK SERG\\u0130 DE T\\u00dcRK VE \\u0130RAN EDEB\\u0130YATINDAN ES\\u0130NLENEN ESERLER\\u0130N OLMASININ YANI SIRA PEK \\u00c7OK TABLODA MALZEME OLARAK 24 AYAR ALTININ DA KULLANILMASI D\\u0130KKAT \\u00c7EK\\u0130YOR. (\\u0130HA\\\/\\u0130STANBUL-\\u0130HA)&quot;,&quot;created_timestamp&quot;:&quot;0&quot;,&quot;copyright&quot;:&quot;\\u0130HLAS HABER AJANSI, www.iha.com.tr&quot;,&quot;focal_length&quot;:&quot;0&quot;,&quot;iso&quot;:&quot;0&quot;,&quot;shutter_speed&quot;:&quot;0&quot;,&quot;title&quot;:&quot;\\u0130RANLI SANAT\\u00c7IDAN 24 AYAR M\\u0130NYAT\\u00dcR SERG\\u0130S\\u0130&quot;,&quot;orientation&quot;:&quot;1&quot;}\" data-image-title=\"\u0130ranl\u0131 sanat\u00e7\u0131dan 24 ayar minyat\u00fcr sergisi\" data-image-description=\"&lt;p&gt;\u0130ranl\u0131 sanat\u00e7\u0131dan 24 ayar minyat\u00fcr sergisi&lt;\/p&gt; \" data-medium-file=\"https:\/\/i0.wp.com\/www.tvturk.com\/wp-content\/uploads\/2019\/02\/iranli-sanatcidan-24-ayar-minyatur-sergisi_a686b0a.jpg?fit=239%2C300\" data-large-file=\"https:\/\/i0.wp.com\/www.tvturk.com\/wp-content\/uploads\/2019\/02\/iranli-sanatcidan-24-ayar-minyatur-sergisi_a686b0a.jpg?fit=750%2C942\" src=\"https:\/\/i0.wp.com\/www.tvturk.com\/wp-content\/uploads\/2019\/02\/iranli-sanatcidan-24-ayar-minyatur-sergisi_a686b0a.jpg?w=82&#038;h=103\" srcset=\"https:\/\/i0.wp.com\/www.tvturk.com\/wp-content\/uploads\/2019\/02\/iranli-sanatcidan-24-ayar-minyatur-sergisi_a686b0a.jpg?w=750 750w, https:\/\/i0.wp.com\/www.tvturk.com\/wp-content\/uploads\/2019\/02\/iranli-sanatcidan-24-ayar-minyatur-sergisi_a686b0a.jpg?resize=119%2C150 119w, https:\/\/i0.wp.com\/www.tvturk.com\/wp-content\/uploads\/2019\/02\/iranli-sanatcidan-24-ayar-minyatur-sergisi_a686b0a.jpg?resize=239%2C300 239w\" width=\"82\" height=\"103\" loading=\"lazy\" data-original-width=\"82\" data-original-height=\"103\" itemprop=\"http:\/\/schema.org\/image\" title=\"\u0130ranl\u0131 sanat\u00e7\u0131dan 24 ayar minyat\u00fcr sergisi\" alt=\"\u0130ranl\u0131 sanat\u00e7\u0131dan 24 ayar minyat\u00fcr sergisi\" style=\"width: 82px; height: 103px;\" \/> <\/a> <\/div> <\/div> <!-- close group --> <\/div> <!-- close row --> <\/div><\/p>\n","protected":false},"excerpt":{"rendered":"<p>\u0130RANLI SANAT\u00c7I FATEMEH SEBA JAFAR\u0130&#8217;N\u0130N M\u0130NYAT\u00dcR&#8217;\u00dcN 21&#8217;\u0130NC\u0130 Y\u00dcZYILA SEYAHAT\u0130 \u0130S\u0130ML\u0130 SERG\u0130S\u0130 SANATSEVERLER\u0130 A\u011eIRLAMAYA BA\u015eLADI. 9 \u015eUBAT-28 \u015eUBAT TAR\u0130HLER\u0130 ARASINDA Z\u0130YARET ED\u0130LEB\u0130L\u0130NECEK SERG\u0130 DE T\u00dcRK VE \u0130RAN EDEB\u0130YATINDAN ES\u0130NLENEN ESERLER\u0130N OLMASININ YANI SIRA PEK \u00c7OK TABLODA MALZEME OLARAK 24 AYAR ALTININ DA KULLANILMASI D\u0130KKAT \u00c7EK\u0130YOR.<\/p>\n","protected":false},"author":1,"featured_media":25311,"comment_status":"closed","ping_status":"open","sticky":false,"template":"","format":"standard","meta":{"jetpack_post_was_ever_published":false,"_jetpack_newsletter_access":"","_jetpack_dont_email_post_to_subs":false,"_jetpack_newsletter_tier_id":0,"_jetpack_memberships_contains_paywalled_content":false,"_jetpack_memberships_contains_paid_content":false,"footnotes":"","jetpack_publicize_message":"","jetpack_publicize_feature_enabled":true,"jetpack_social_post_already_shared":false,"jetpack_social_options":{"image_generator_settings":{"template":"highway","default_image_id":0,"font":"","enabled":false},"version":2}},"categories":[656],"tags":[10530,10528,10531,10529,1335],"class_list":["post-25310","post","type-post","status-publish","format-standard","has-post-thumbnail","hentry","category-kultur-sanat","tag-ayar","tag-iranli","tag-minyatur","tag-sanatcidan","tag-sergisi"],"jetpack_publicize_connections":[],"jetpack_featured_media_url":"https:\/\/i0.wp.com\/www.tvturk.com\/wp-content\/uploads\/2019\/02\/iranli-sanatcidan-24-ayar-minyatur-sergisi_ad6ce37.jpg?fit=1000%2C750","jetpack_sharing_enabled":true,"jetpack_shortlink":"https:\/\/wp.me\/paKIfm-6Ae","_links":{"self":[{"href":"http:\/\/www.tvturk.com\/index.php\/wp-json\/wp\/v2\/posts\/25310","targetHints":{"allow":["GET"]}}],"collection":[{"href":"http:\/\/www.tvturk.com\/index.php\/wp-json\/wp\/v2\/posts"}],"about":[{"href":"http:\/\/www.tvturk.com\/index.php\/wp-json\/wp\/v2\/types\/post"}],"author":[{"embeddable":true,"href":"http:\/\/www.tvturk.com\/index.php\/wp-json\/wp\/v2\/users\/1"}],"replies":[{"embeddable":true,"href":"http:\/\/www.tvturk.com\/index.php\/wp-json\/wp\/v2\/comments?post=25310"}],"version-history":[{"count":1,"href":"http:\/\/www.tvturk.com\/index.php\/wp-json\/wp\/v2\/posts\/25310\/revisions"}],"predecessor-version":[{"id":25319,"href":"http:\/\/www.tvturk.com\/index.php\/wp-json\/wp\/v2\/posts\/25310\/revisions\/25319"}],"wp:featuredmedia":[{"embeddable":true,"href":"http:\/\/www.tvturk.com\/index.php\/wp-json\/wp\/v2\/media\/25311"}],"wp:attachment":[{"href":"http:\/\/www.tvturk.com\/index.php\/wp-json\/wp\/v2\/media?parent=25310"}],"wp:term":[{"taxonomy":"category","embeddable":true,"href":"http:\/\/www.tvturk.com\/index.php\/wp-json\/wp\/v2\/categories?post=25310"},{"taxonomy":"post_tag","embeddable":true,"href":"http:\/\/www.tvturk.com\/index.php\/wp-json\/wp\/v2\/tags?post=25310"}],"curies":[{"name":"wp","href":"https:\/\/api.w.org\/{rel}","templated":true}]}}