{"id":253133,"date":"2020-01-08T12:32:09","date_gmt":"2020-01-08T09:32:09","guid":{"rendered":"http:\/\/www.tvturk.com\/index.php\/nilufede-tarih-bulusmalari\/"},"modified":"2020-01-08T12:32:09","modified_gmt":"2020-01-08T09:32:09","slug":"nilufede-tarih-bulusmalari","status":"publish","type":"post","link":"http:\/\/www.tvturk.com\/index.php\/nilufede-tarih-bulusmalari\/","title":{"rendered":"Nil\u00fcfe\u2019de \u201cTarih Bulu\u015fmalar\u0131\u201d"},"content":{"rendered":"<p>Nil\u00fcfer Belediyesi\u2019nin Tarih Vakf\u0131 i\u015f birli\u011fiyle ger\u00e7ekle\u015ftirdi\u011fi \u201cTarih Bulu\u015fmalar\u0131\u201d s\u00f6yle\u015filerinde bu kez tarihin ne i\u015fe yarad\u0131\u011f\u0131 ele al\u0131nd\u0131.<\/p>\n<p>Nil\u00fcfer Belediyesi\u2019nin Tarih Vakf\u0131 i\u015f birli\u011fiyle ger\u00e7ekle\u015ftirdi\u011fi \u201cTarih Bulu\u015fmalar\u0131\u201dn\u0131n son oturumu &#8220;Tarih ne i\u015fe yarar?&#8221; ba\u015fl\u0131\u011f\u0131yla ger\u00e7ekle\u015fti. Naz\u0131m Hikmet K\u00fclt\u00fcrevi\u2019nde yap\u0131lan seminere Tarih Vakf\u0131 Ba\u015fkan\u0131 Mehmet \u00d6. Alkan, akademisyen ve Tarih Vakf\u0131 \u00dcyesi Esra Danac\u0131o\u011flu ile yazar-tarih ara\u015ft\u0131rmac\u0131s\u0131 Oktay \u00d6zel kat\u0131ld\u0131. Nil\u00fcfer Belediyesi ile \u00f6nemli bir i\u015fbirli\u011fine imza att\u0131klar\u0131n\u0131 vurgulayan Mehmet \u00d6. Alkan, tarihin her yerde pop\u00fcler bir alan oldu\u011funa i\u015faret etti. Siyas\u00ee iktidarlar\u0131n tarihi kullanarak kendilerini me\u015fr\u00fbla\u015ft\u0131rmaya \u00e7al\u0131\u015ft\u0131klar\u0131n\u0131 ifade eden ve her iktidar\u0131n belli tarihleri \u00f6n plana \u00e7\u0131kard\u0131\u011f\u0131n\u0131 kaydeden Alkan, \u201cHer d\u00f6nem, kendine uygun tarihleri, ki\u015fileri \u00f6ne \u00e7\u0131kart\u0131r, ho\u015flanmad\u0131klar\u0131n\u0131 yok eder. Dolay\u0131s\u0131yla tarihin bug\u00fcn ile ili\u015fkisi son derece s\u0131k\u0131 bir ili\u015fkidir. Osmanl\u0131\u2019dan g\u00fcn\u00fcm\u00fcze her d\u00f6nemde tarih\u00ee ak\u0131\u015f ve akt\u00f6rler de\u011fi\u015fmi\u015ftir\u201d dedi.<\/p>\n<p>Akademisyen ve Tarih Vakf\u0131 \u00dcyesi Esra Danac\u0131o\u011flu da tarihe genel bak\u0131\u015f a\u00e7\u0131s\u0131yla yakla\u015ft\u0131. Tarihin malzeme ve \u00e7e\u015fit a\u00e7\u0131s\u0131nda \u00e7ok zengin i\u00e7eri\u011fe sahip oldu\u011funu vurgulad\u0131. Tarih yazmam\u0131n iktidar etmekle do\u011frudan ili\u015fkisi oldu\u011funu s\u00f6yleyen Danac\u0131o\u011flu, \u201cTarihten s\u00f6z ederken ge\u00e7mi\u015fin izlerine bakar\u0131z. Tarihin i\u015fleri sadece bir iktidar\u0131 me\u015fr\u00fbla\u015ft\u0131rmaktan da \u00f6tedir. Her kimlik bir tarih \u00fclkesinde kurulur. Fizik\u00ee bir co\u011frafya gibi bir tarih co\u011frafyas\u0131, maceras\u0131, \u00f6yk\u00fcs\u00fc olmas\u0131 gerekir. Tarih yaz\u0131l\u0131 k\u00fclt\u00fcrlerle beraber de\u011fi\u015fime u\u011frayabilir. Tarihle ili\u015fkimiz \u00e7ok boyutludur asl\u0131nda\u201d diye konu\u015ftu.<\/p>\n<p>Yazar-tarih ara\u015ft\u0131rmac\u0131s\u0131 Oktay \u00d6zel de etkinlikte tarihin ne i\u015fe yarad\u0131\u011f\u0131 \u00fczerine konu\u015ftu. T\u00fcrkiye\u2019nin de\u011fi\u015fken bir tarihsel s\u00fcre\u00e7ten ge\u00e7ti\u011fini hat\u0131rlatan \u00d6zel, \u00f6nemli stratejik ve politik olaylar ya\u015fand\u0131\u011f\u0131n\u0131 ifade etti. Tarihin geriye gitmeyece\u011fini belirten \u00d6zel, kritik e\u015fiklerin toplumlar\u0131n hayat\u0131n\u0131 ve gelece\u011fini derinden etkiledi\u011fini kaydetti.<\/p>\n<p>Seminer \u00f6ncesi konuklar Nil\u00fcfer Belediyesi Halk Evi\u2019nde Ba\u015fkan Turgay Erdem\u2019i ziyaret etti. Nil\u00fcfer Belediyesi ile i\u015f birli\u011fi yapman\u0131n mutlulu\u011fu i\u00e7erisinde olduklar\u0131n\u0131 belirten Alkan, Erdem\u2019e te\u015fekk\u00fcr etti. Ziyaretten dolay\u0131 te\u015fekk\u00fcr eden Turgay Erdem, ortak \u00e7al\u0131\u015fmalara her zaman a\u00e7\u0131k olduklar\u0131n\u0131 dile getirdi.<\/p>\n","protected":false},"excerpt":{"rendered":"<p>N\u0130L\u00dcFER BELED\u0130YES\u0130\u2019N\u0130N TAR\u0130H VAKFI \u0130\u015e B\u0130RL\u0130\u011e\u0130YLE GER\u00c7EKLE\u015eT\u0130RD\u0130\u011e\u0130 \u201cTAR\u0130H BULU\u015eMALARI\u201d S\u00d6YLE\u015e\u0130LER\u0130NDE BU KEZ TAR\u0130H\u0130N NE \u0130\u015eE YARADI\u011eI ELE ALINDI.<\/p>\n","protected":false},"author":1,"featured_media":253134,"comment_status":"closed","ping_status":"open","sticky":false,"template":"","format":"standard","meta":{"jetpack_post_was_ever_published":false,"_jetpack_newsletter_access":"","_jetpack_dont_email_post_to_subs":false,"_jetpack_newsletter_tier_id":0,"_jetpack_memberships_contains_paywalled_content":false,"_jetpack_memberships_contains_paid_content":false,"footnotes":"","jetpack_publicize_message":"","jetpack_publicize_feature_enabled":true,"jetpack_social_post_already_shared":true,"jetpack_social_options":{"image_generator_settings":{"template":"highway","default_image_id":0,"font":"","enabled":false},"version":2}},"categories":[1],"tags":[4099,62634,1330],"class_list":["post-253133","post","type-post","status-publish","format-standard","has-post-thumbnail","hentry","category-genel","tag-bulusmalari","tag-nilufede","tag-tarih"],"jetpack_publicize_connections":[],"jetpack_featured_media_url":"https:\/\/i0.wp.com\/www.tvturk.com\/wp-content\/uploads\/2020\/01\/nilufede-tarih-bulusmalari_5bc903a.jpg?fit=1000%2C650","jetpack_sharing_enabled":true,"jetpack_shortlink":"https:\/\/wp.me\/paKIfm-13QN","_links":{"self":[{"href":"http:\/\/www.tvturk.com\/index.php\/wp-json\/wp\/v2\/posts\/253133","targetHints":{"allow":["GET"]}}],"collection":[{"href":"http:\/\/www.tvturk.com\/index.php\/wp-json\/wp\/v2\/posts"}],"about":[{"href":"http:\/\/www.tvturk.com\/index.php\/wp-json\/wp\/v2\/types\/post"}],"author":[{"embeddable":true,"href":"http:\/\/www.tvturk.com\/index.php\/wp-json\/wp\/v2\/users\/1"}],"replies":[{"embeddable":true,"href":"http:\/\/www.tvturk.com\/index.php\/wp-json\/wp\/v2\/comments?post=253133"}],"version-history":[{"count":0,"href":"http:\/\/www.tvturk.com\/index.php\/wp-json\/wp\/v2\/posts\/253133\/revisions"}],"wp:featuredmedia":[{"embeddable":true,"href":"http:\/\/www.tvturk.com\/index.php\/wp-json\/wp\/v2\/media\/253134"}],"wp:attachment":[{"href":"http:\/\/www.tvturk.com\/index.php\/wp-json\/wp\/v2\/media?parent=253133"}],"wp:term":[{"taxonomy":"category","embeddable":true,"href":"http:\/\/www.tvturk.com\/index.php\/wp-json\/wp\/v2\/categories?post=253133"},{"taxonomy":"post_tag","embeddable":true,"href":"http:\/\/www.tvturk.com\/index.php\/wp-json\/wp\/v2\/tags?post=253133"}],"curies":[{"name":"wp","href":"https:\/\/api.w.org\/{rel}","templated":true}]}}