{"id":253185,"date":"2020-01-08T13:47:44","date_gmt":"2020-01-08T10:47:44","guid":{"rendered":"http:\/\/www.tvturk.com\/index.php\/corendon-airlines-altinordunun-gelecege-ucus-sponsoru-oldu\/"},"modified":"2020-01-08T13:47:44","modified_gmt":"2020-01-08T10:47:44","slug":"corendon-airlines-altinordunun-gelecege-ucus-sponsoru-oldu","status":"publish","type":"post","link":"http:\/\/www.tvturk.com\/index.php\/corendon-airlines-altinordunun-gelecege-ucus-sponsoru-oldu\/","title":{"rendered":"Corendon Airlines, Alt\u0131nordu\u2019nun \u2019Gelece\u011fe U\u00e7u\u015f\u2019 sponsoru oldu"},"content":{"rendered":"<p>45 \u00fclke ve 145 havaliman\u0131na y\u0131lda 4 milyon yolcu ta\u015f\u0131yarak Avrupa ve T\u00fcrkiye\u2019nin en \u00f6nemli havayollar\u0131 aras\u0131nda yer alan Corendon Airlines, &#8220;\u0130yi Birey, \u0130yi Vatanda\u015f, \u0130yi Futbolcu&#8221; mottosuyla fark olu\u015fturan Alt\u0131nordu Futbol Kul\u00fcb\u00fcne sponsor oldu.<\/p>\n<p>Corendon Airlines ve Alt\u0131nordu Futbol Kul\u00fcb\u00fc aras\u0131nda T\u00fcrk futbolu i\u00e7in b\u00fcy\u00fck \u00f6nem ta\u015f\u0131yan sponsorluk anla\u015fmas\u0131n\u0131n imza t\u00f6reni, Alt\u0131nordu Futbol Kul\u00fcb\u00fc Metin Oktay Yerle\u015fkesinde yap\u0131ld\u0131. Alt\u0131nordu Futbol Kul\u00fcb\u00fc Ba\u015fkan\u0131 Seyit Mehmet \u00d6zkan\u2019\u0131n ev sahipli\u011finde yap\u0131lan imza t\u00f6renini \u00e7ok say\u0131da medya mensubu takip etti. Corendon Airlines Y\u00f6netim Kurulu Ba\u015fkan\u0131 Y\u0131ld\u0131ray Karaer, t\u00f6rende yapt\u0131\u011f\u0131 konu\u015fmada, &#8220;Corendon Airlines olarak havac\u0131l\u0131k sekt\u00f6r\u00fcnde yenilik\u00e7i vizyonumuz, \u00fcst d\u00fczey hizmet anlay\u0131\u015f\u0131m\u0131z, u\u00e7u\u015f destinasyonu \u00e7e\u015fitlili\u011fimiz ve gelece\u011fe y\u00f6nelik planlamalar\u0131m\u0131z ile birlikte fark olu\u015fturuyoruz. Bir T\u00fcrk \u015firketi olarak \u00fclkemizi yurt d\u0131\u015f\u0131nda gururla temsil ediyoruz. Toplumsal de\u011fer olu\u015fturma vizyonumuz \u00e7er\u00e7evesinde T\u00fcrk sporunun en b\u00fcy\u00fck destek\u00e7ilerinden biriyiz. \u00dclkemizde faaliyet g\u00f6steren sayg\u0131n ve k\u00f6kl\u00fc spor kul\u00fcplerine sponsorluk katk\u0131s\u0131 sa\u011fl\u0131yoruz. Seyit Mehmet \u00d6zkan liderli\u011finde fark olu\u015fturan, bu topraklar\u0131n \u00e7ocuklar\u0131ndan ger\u00e7ek profesyonel futbolcular yeti\u015ftiren Alt\u0131nordu Futbol Kul\u00fcb\u00fc\u2019n\u00fcn sponsoru olmak, kendi alan\u0131nda fark olu\u015fturan bir \u015firket olarak bizi \u00e7ok mutlu ediyor&#8221; \u015feklinde konu\u015ftu.<\/p>\n<p>&#8220;Birlikte turnuva organize edece\u011fiz&#8221;<\/p>\n<p>Karaer, &#8220;Alt\u0131nordu Futbol Kul\u00fcb\u00fc gibi T\u00fcrk gen\u00e7li\u011fine g\u00fcvenildi\u011finde en b\u00fcy\u00fck ba\u015far\u0131lar\u0131n elde edilebilece\u011fine inan\u0131yor, bu do\u011frultuda Alt\u0131nordu Futbol Kul\u00fcb\u00fc ile i\u015f birli\u011fi yap\u0131yoruz. Sponsorluk deste\u011fimizin Alt\u0131nordu Futbol Kul\u00fcb\u00fcn\u00fcn gelece\u011fe yat\u0131r\u0131m vizyonuna ve T\u00fcrk futboluna b\u00fcy\u00fck katk\u0131 sa\u011flayaca\u011f\u0131na eminiz. \u00c7ok uzun s\u00fcreli olmas\u0131n\u0131 diledi\u011fimiz \u2018Gelece\u011fe U\u00e7u\u015f\u2019 sponsorlu\u011fumuz kapsam\u0131nda; logomuz ile birlikte Alt\u0131nordu Futbol Kul\u00fcb\u00fc formalar\u0131nda yer alacak, ileri futbol e\u011fitimi alan gen\u00e7lerimizin, yurt d\u0131\u015f\u0131ndaki uluslararas\u0131 gen\u00e7lik turnuvalar\u0131na kat\u0131l\u0131mlar\u0131n\u0131 destekleyecek, konaklama ihtiya\u00e7lar\u0131na yan\u0131t verecek ve birlikte turnuva organize edece\u011fiz. Ayr\u0131ca d\u00fcnyan\u0131n \u00e7ok uzak b\u00f6lgelerinden gelen \u00e7ocuklar\u0131 futbol ve e\u011flencenin etraf\u0131nda birle\u015ftiren, alt ya\u015f futbol turnuvalar\u0131 aras\u0131nda \u00e7ok sayg\u0131n bir yere sahip olan U12 \u0130zmir Cup\u2019a da destek verecek, bu organizasyonun daha da renkli olmas\u0131n\u0131 sa\u011flayaca\u011f\u0131z&#8221; ifadelerini kulland\u0131.<\/p>\n<p>Ba\u015fkan \u00d6zkan: &#8220;Gelecek yolculu\u011funa ba\u015fl\u0131yoruz&#8221;<\/p>\n<p>Alt\u0131nordu Futbol Kul\u00fcb\u00fc Ba\u015fkan\u0131 Seyit Mehmet \u00d6zkan da, &#8220;Alt\u0131nordu, slogan\u0131 (\u0130yi Birey, \u0130yi Vatanda\u015f, \u0130yi Futbolcu) bu topraklar\u0131n \u00e7ocuklar\u0131na gelecek umudunu vermek i\u00e7in yola \u00e7\u0131kan bir organizasyondur&#8221; dedi. \u00d6zkan, &#8220;\u0130yi olman\u0131n temel \u015fart\u0131 s\u00fcreklilik ve iyi dostlarla birlikte olmakt\u0131r. Petrol Ofisi, bizim ilk iyi dostumuz, yol arkada\u015f\u0131m\u0131zd\u0131. Hemen ard\u0131ndan Axa Sigorta ve K\u0130P gibi \u00e7ok de\u011ferli iki dost edindik. \u015eimdi de Corendon Airlines ile birlikte gelecek yolculu\u011funa ba\u015fl\u0131yoruz. Yaln\u0131z olmad\u0131\u011f\u0131m\u0131z\u0131 bilmek ve g\u00f6rmek, a\u00e7\u0131k\u00e7as\u0131 bizleri \u00e7ok mutlu ediyor. Bu kurumlar, bizim i\u00e7in formaya yap\u0131\u015ft\u0131r\u0131lm\u0131\u015f bir logodan ibaret de\u011fildir. Bizler, bu topraklar\u0131n \u00e7ocuklar\u0131n\u0131 gelece\u011fe ta\u015f\u0131mak i\u00e7in el ele verdik. O a\u00e7\u0131dan, att\u0131\u011f\u0131m\u0131z her imza \u00e7ok de\u011ferlidir. Corendon Airlines ile Alt\u0131nordu, birbirlerine \u00e7ok benzeyen iki kurum. Bu topraklarda do\u011fup, y\u00f6n\u00fcn\u00fc Avrupa\u2019ya \u00e7eviren ve spora ger\u00e7ekten b\u00fcy\u00fck de\u011fer veren Corendon Airlines\u2019i yan\u0131m\u0131zda g\u00f6rmek bizleri \u00e7ok mutlu etti. Alt\u0131nordu ve Corendon Airlines birlikteli\u011fi, Alt\u0131nordu gen\u00e7lerinin ger\u00e7ek futbol sahnesi olan Avrupa\u2019ya daha fazla \u00e7\u0131kmas\u0131n\u0131 sa\u011flarken, Uluslararas\u0131 U12 \u0130zmir Cup gibi Avrupa\u2019n\u0131n en b\u00fcy\u00fck gen\u00e7lik turnuvas\u0131n\u0131 bir kademe daha ileriyle ta\u015f\u0131yacak&#8221; de\u011ferlendirmesini yapt\u0131.<\/p>\n<p>Alt\u0131nordu Futbol Kul\u00fcb\u00fc Metin Oktay Yerle\u015fkesinde d\u00fczenlenen bas\u0131n toplant\u0131s\u0131, ger\u00e7ekle\u015ftirilen imza t\u00f6reni ve hat\u0131ra foto\u011fraf\u0131 \u00e7ekimi ile birlikte sona erdi.<\/p>\n<p>Bisiklet, basketbol, futbol, voleybol, hentbol, korfbol, buz hokeyi, beyzbol ve buz pateni gibi pek \u00e7ok spor bran\u015f\u0131na sponsorluk deste\u011fi veren Corendon Airlines\u2019in, 2020 y\u0131l\u0131 boyunca T\u00fcrk sporuna katk\u0131 sa\u011flamaya devam edece\u011fi belirtildi.<\/p>\n","protected":false},"excerpt":{"rendered":"<p>ALTINORDU FUTBOL KUL\u00dcB\u00dc MET\u0130N OKTAY YERLE\u015eKES\u0130NDE D\u00dcZENLENEN BASIN TOPLANTISI, GER\u00c7EKLE\u015eT\u0130R\u0130LEN \u0130MZA T\u00d6REN\u0130 VE HATIRA FOTO\u011eRAFI \u00c7EK\u0130M\u0130 \u0130LE B\u0130RL\u0130KTE SONA ERD\u0130.<\/p>\n","protected":false},"author":1,"featured_media":253186,"comment_status":"closed","ping_status":"open","sticky":false,"template":"","format":"standard","meta":{"jetpack_post_was_ever_published":false,"_jetpack_newsletter_access":"","_jetpack_dont_email_post_to_subs":false,"_jetpack_newsletter_tier_id":0,"_jetpack_memberships_contains_paywalled_content":false,"_jetpack_memberships_contains_paid_content":false,"footnotes":"","jetpack_publicize_message":"","jetpack_publicize_feature_enabled":true,"jetpack_social_post_already_shared":true,"jetpack_social_options":{"image_generator_settings":{"template":"highway","default_image_id":0,"font":"","enabled":false},"version":2}},"categories":[657],"tags":[29756,13984,30784,2059,77,6118,12647],"class_list":["post-253185","post","type-post","status-publish","format-standard","has-post-thumbnail","hentry","category-spor","tag-airlines","tag-altinordunun","tag-corendon","tag-gelecege","tag-oldu","tag-sponsoru","tag-ucus"],"jetpack_publicize_connections":[],"jetpack_featured_media_url":"https:\/\/i0.wp.com\/www.tvturk.com\/wp-content\/uploads\/2020\/01\/corendon-airlines-altinordunun-gelecege-ucus-sponsoru-oldu_b5d49b3.jpg?fit=1000%2C521","jetpack_sharing_enabled":true,"jetpack_shortlink":"https:\/\/wp.me\/paKIfm-13RD","_links":{"self":[{"href":"http:\/\/www.tvturk.com\/index.php\/wp-json\/wp\/v2\/posts\/253185","targetHints":{"allow":["GET"]}}],"collection":[{"href":"http:\/\/www.tvturk.com\/index.php\/wp-json\/wp\/v2\/posts"}],"about":[{"href":"http:\/\/www.tvturk.com\/index.php\/wp-json\/wp\/v2\/types\/post"}],"author":[{"embeddable":true,"href":"http:\/\/www.tvturk.com\/index.php\/wp-json\/wp\/v2\/users\/1"}],"replies":[{"embeddable":true,"href":"http:\/\/www.tvturk.com\/index.php\/wp-json\/wp\/v2\/comments?post=253185"}],"version-history":[{"count":0,"href":"http:\/\/www.tvturk.com\/index.php\/wp-json\/wp\/v2\/posts\/253185\/revisions"}],"wp:featuredmedia":[{"embeddable":true,"href":"http:\/\/www.tvturk.com\/index.php\/wp-json\/wp\/v2\/media\/253186"}],"wp:attachment":[{"href":"http:\/\/www.tvturk.com\/index.php\/wp-json\/wp\/v2\/media?parent=253185"}],"wp:term":[{"taxonomy":"category","embeddable":true,"href":"http:\/\/www.tvturk.com\/index.php\/wp-json\/wp\/v2\/categories?post=253185"},{"taxonomy":"post_tag","embeddable":true,"href":"http:\/\/www.tvturk.com\/index.php\/wp-json\/wp\/v2\/tags?post=253185"}],"curies":[{"name":"wp","href":"https:\/\/api.w.org\/{rel}","templated":true}]}}