{"id":253227,"date":"2020-01-08T14:47:42","date_gmt":"2020-01-08T11:47:42","guid":{"rendered":"http:\/\/www.tvturk.com\/index.php\/falette-fenerbahce-icin-istanbula-geldi\/"},"modified":"2020-01-08T14:47:42","modified_gmt":"2020-01-08T11:47:42","slug":"falette-fenerbahce-icin-istanbula-geldi","status":"publish","type":"post","link":"http:\/\/www.tvturk.com\/index.php\/falette-fenerbahce-icin-istanbula-geldi\/","title":{"rendered":"Falette, Fenerbah\u00e7e i\u00e7in \u0130stanbul\u2019a geldi"},"content":{"rendered":"<p>Almanya\u2019da Eintracht Frankfurt formas\u0131 giyen savunma oyuncusu Simon Falette, Fenerbah\u00e7e ile transfer g\u00f6r\u00fc\u015fmeleri i\u00e7in bug\u00fcn \u0130stanbul\u2019a indi.<\/p>\n<p>Sezonun ikinci yar\u0131 haz\u0131rl\u0131klar\u0131n\u0131 Antalya\u2019da s\u00fcrd\u00fcren Fenerbah\u00e7e\u2019de transferde s\u0131cak saatler ya\u015fanmaya ba\u015flad\u0131. Teknik Direkt\u00f6r Ersun Yanal\u2019\u0131n iste\u011fi do\u011frultusunda, takviyede ilk s\u0131raya savunma hatt\u0131n\u0131 yazan sar\u0131-lacivertliler, Eintracht Frankfurt\u2019ta forma giyen Simon Falette\u2019y\u0131 \u0130stanbul\u2019 getirdi. 27 ya\u015f\u0131ndaki Gineli savunmac\u0131 ile transfer g\u00f6r\u00fc\u015fmelerini s\u00fcrd\u00fcrecek olan Fenerbah\u00e7e, detaylarda bir sorun \u00e7\u0131kmamas\u0131 halinde oyuncuyu sa\u011fl\u0131k kontrollerine alacak.<\/p>\n<p>Son iki sezondur Frankfurt formas\u0131 alt\u0131nda m\u00fccadele eden Falette, ge\u00e7ti\u011fimiz sezon 14 ma\u00e7ta g\u00f6rev ald\u0131. Bu sezon tak\u0131m\u0131yla sadece 1 ma\u00e7a \u00e7\u0131kan 27 ya\u015f\u0131ndaki savunmac\u0131, Gine Milli Tak\u0131m\u0131\u2019yla ise bu sezon 2\u2019si haz\u0131rl\u0131k olmak \u00fczere 4 ma\u00e7ta g\u00f6rev ald\u0131. Falette, Afrika Uluslar Kupas\u0131\u2019nda tak\u0131m\u0131n\u0131n t\u00fcm ma\u00e7lar\u0131nda 11\u2019de ba\u015flad\u0131.<\/p>\n","protected":false},"excerpt":{"rendered":"<p>ALMANYA\u2019DA E\u0130NTRACHT FRANKFURT FORMASI G\u0130YEN SAVUNMA OYUNCUSU S\u0130MON FALETTE, FENERBAH\u00c7E \u0130LE TRANSFER G\u00d6R\u00dc\u015eMELER\u0130 \u0130\u00c7\u0130N BUG\u00dcN \u0130STANBUL\u2019A \u0130ND\u0130.<\/p>\n","protected":false},"author":1,"featured_media":253228,"comment_status":"closed","ping_status":"open","sticky":false,"template":"","format":"standard","meta":{"jetpack_post_was_ever_published":false,"_jetpack_newsletter_access":"","_jetpack_dont_email_post_to_subs":false,"_jetpack_newsletter_tier_id":0,"_jetpack_memberships_contains_paywalled_content":false,"_jetpack_memberships_contains_paid_content":false,"footnotes":"","jetpack_publicize_message":"","jetpack_publicize_feature_enabled":true,"jetpack_social_post_already_shared":true,"jetpack_social_options":{"image_generator_settings":{"template":"highway","default_image_id":0,"font":"","enabled":false},"version":2}},"categories":[657],"tags":[62655,2626,127,44,2174],"class_list":["post-253227","post","type-post","status-publish","format-standard","has-post-thumbnail","hentry","category-spor","tag-falette","tag-fenerbahce","tag-geldi","tag-icin","tag-istanbula"],"jetpack_publicize_connections":[],"jetpack_featured_media_url":"https:\/\/i0.wp.com\/www.tvturk.com\/wp-content\/uploads\/2020\/01\/falette-fenerbahce-icin-istanbula-geldi_8be6f7c.jpg?fit=742%2C1000","jetpack_sharing_enabled":true,"jetpack_shortlink":"https:\/\/wp.me\/paKIfm-13Sj","_links":{"self":[{"href":"http:\/\/www.tvturk.com\/index.php\/wp-json\/wp\/v2\/posts\/253227","targetHints":{"allow":["GET"]}}],"collection":[{"href":"http:\/\/www.tvturk.com\/index.php\/wp-json\/wp\/v2\/posts"}],"about":[{"href":"http:\/\/www.tvturk.com\/index.php\/wp-json\/wp\/v2\/types\/post"}],"author":[{"embeddable":true,"href":"http:\/\/www.tvturk.com\/index.php\/wp-json\/wp\/v2\/users\/1"}],"replies":[{"embeddable":true,"href":"http:\/\/www.tvturk.com\/index.php\/wp-json\/wp\/v2\/comments?post=253227"}],"version-history":[{"count":0,"href":"http:\/\/www.tvturk.com\/index.php\/wp-json\/wp\/v2\/posts\/253227\/revisions"}],"wp:featuredmedia":[{"embeddable":true,"href":"http:\/\/www.tvturk.com\/index.php\/wp-json\/wp\/v2\/media\/253228"}],"wp:attachment":[{"href":"http:\/\/www.tvturk.com\/index.php\/wp-json\/wp\/v2\/media?parent=253227"}],"wp:term":[{"taxonomy":"category","embeddable":true,"href":"http:\/\/www.tvturk.com\/index.php\/wp-json\/wp\/v2\/categories?post=253227"},{"taxonomy":"post_tag","embeddable":true,"href":"http:\/\/www.tvturk.com\/index.php\/wp-json\/wp\/v2\/tags?post=253227"}],"curies":[{"name":"wp","href":"https:\/\/api.w.org\/{rel}","templated":true}]}}