{"id":253253,"date":"2020-01-08T15:31:47","date_gmt":"2020-01-08T12:31:47","guid":{"rendered":"http:\/\/www.tvturk.com\/index.php\/denizlide-ekmege-zam-yok\/"},"modified":"2020-01-08T15:31:47","modified_gmt":"2020-01-08T12:31:47","slug":"denizlide-ekmege-zam-yok","status":"publish","type":"post","link":"http:\/\/www.tvturk.com\/index.php\/denizlide-ekmege-zam-yok\/","title":{"rendered":"Denizli\u2019de ekme\u011fe zam yok"},"content":{"rendered":"<p>Denizli F\u0131r\u0131nc\u0131lar Odas\u0131 Ba\u015fkan\u0131 Bekir Karadaban, ekme\u011fin ana maddelerine gelen zamlar\u0131n f\u0131r\u0131nc\u0131 esnaf\u0131m\u0131z\u0131 zor durumda b\u0131rakt\u0131\u011f\u0131n\u0131 ancak Denizlili f\u0131r\u0131nc\u0131lar olarak ekme\u011fe zam yapmayacaklar\u0131n\u0131 belirtti.<\/p>\n<p>Denizli F\u0131r\u0131nc\u0131lar Odas\u0131 Ba\u015fkan\u0131 Bekir Karadaban, 10 Ocak D\u00fcnya \u00c7al\u0131\u015fan Gazeteciler G\u00fcn\u00fc dolay\u0131s\u0131 ile bas\u0131n mensuplar\u0131n\u0131 a\u011f\u0131rlad\u0131. Gazetecilerin g\u00fcn\u00fc kutlayan Ba\u015fkan Karadaban ard\u0131ndan bas\u0131n mensuplar\u0131n\u0131n sorular\u0131 \u00fczerine ekmek fiyatlar\u0131na ili\u015fkin a\u00e7\u0131klamalarda bulundu.<\/p>\n<p>Un ba\u015fta olmak \u00fczere ham madde fiyatlar\u0131na gelen zamlara ra\u011fmen Denizli\u2019de ekme\u011fe zam yapmay\u0131 d\u00fc\u015f\u00fcnmediklerini ifade eden Ba\u015fkan Karadaban, \u201cSon zamanlarda baz\u0131 \u015fehirlerde ekmek fiyatlar\u0131na ili\u015fkin yap\u0131lan d\u00fczenlemeler Denizlimiz i\u00e7in ge\u00e7erli de\u011fildir. Hepimiz i\u00e7in zor bir y\u0131l oldu ama de\u011fi\u015fim, d\u00f6n\u00fc\u015f\u00fcm, her zorlukla beraber bir g\u00fczellik vard\u0131r. Onun i\u00e7in 2019 y\u0131l\u0131ndaki zorluklar\u0131m\u0131z 2020 y\u0131l\u0131na \u0131\u015f\u0131k tutacakt\u0131r. Daha g\u00fczel yeni bir d\u00fcnyan\u0131n kurulaca\u011f\u0131na inan\u0131yoruz ve daha g\u00fczel bir gelecek olu\u015fturman\u0131n gayreti i\u00e7erisindeyiz Denizli F\u0131r\u0131nc\u0131lar Odas\u0131 olarak yeni projemizde. Ekmekle alakal\u0131 da \u015fuanda ekmek fiyat\u0131nda bir de\u011fi\u015fiklik yok ama girdi maliyetleri e\u011fer artarsa zam ka\u00e7\u0131n\u0131lmaz olacakt\u0131r ama \u015fu an da di\u011fer illerde ekmek fiyatlar\u0131 de\u011fi\u015fti, g\u00fcndemimizde \u015fu an da zam yok. Bizim tarifedeki fiyat\u0131n alt\u0131nda satabilir ama \u00fcst\u00fcnde satamazlar. Biraz \u00f6nce de bahsetti\u011fim gibi ulusal b\u00fcy\u00fck marketler kendi aralar\u0131nda di\u011fer \u00fcr\u00fcnleri sat\u0131\u015f yapal\u0131m diyerekten ekme\u011fi \u00f6ne s\u00fcrerek fiyat\u0131n\u0131 d\u00fc\u015f\u00fcr\u00fcyor. Yani ekmek ucuz diye di\u011fer \u00fcr\u00fcnleri satabilmek i\u00e7in b\u00fcy\u00fck marketlerin yapt\u0131\u011f\u0131 geli\u015f fiyat\u0131na verdi\u011fi ekme\u011fi di\u011fer f\u0131r\u0131nc\u0131lar kendisi ister istemez bir\u00e7ok karma\u015fan\u0131n i\u00e7ine s\u00fcr\u00fcyor. Bu da bizim f\u0131r\u0131nc\u0131m\u0131z\u0131, bakkal\u0131m\u0131z\u0131 zor durumda b\u0131rak\u0131yor ama b\u00fcy\u00fck marketler, gros marketler di\u011fer \u00fcr\u00fcnlerden para kazand\u0131\u011f\u0131 i\u00e7in ekmekten para kazanmam\u0131\u015f olsa bile onun i\u00e7in de\u011fi\u015fen bir \u015fey yok yani. Onun i\u00e7in daha karl\u0131 oluyor. \u0130ster istemez b\u00fcy\u00fck, gros marketlerin bu yapt\u0131\u011f\u0131 olay, bizi tamamen etkiliyor.<\/p>\n","protected":false},"excerpt":{"rendered":"<p>DEN\u0130ZL\u0130 FIRINCILAR ODASI BA\u015eKANI BEK\u0130R KARADABAN, EKME\u011e\u0130N ANA MADDELER\u0130NE GELEN ZAMLARIN FIRINCI ESNAFIMIZI ZOR DURUMDA BIRAKTI\u011eINI ANCAK DEN\u0130ZL\u0130L\u0130 FIRINCILAR OLARAK EKME\u011eE ZAM YAPMAYACAKLARINI BEL\u0130RTT\u0130.<\/p>\n","protected":false},"author":1,"featured_media":253254,"comment_status":"closed","ping_status":"open","sticky":false,"template":"","format":"standard","meta":{"jetpack_post_was_ever_published":false,"_jetpack_newsletter_access":"","_jetpack_dont_email_post_to_subs":false,"_jetpack_newsletter_tier_id":0,"_jetpack_memberships_contains_paywalled_content":false,"_jetpack_memberships_contains_paid_content":false,"footnotes":"","jetpack_publicize_message":"","jetpack_publicize_feature_enabled":true,"jetpack_social_post_already_shared":true,"jetpack_social_options":{"image_generator_settings":{"template":"highway","default_image_id":0,"font":"","enabled":false},"version":2}},"categories":[19],"tags":[188,25816,664,4652],"class_list":["post-253253","post","type-post","status-publish","format-standard","has-post-thumbnail","hentry","category-ekonomi","tag-denizlide","tag-ekmege","tag-yok","tag-zam"],"jetpack_publicize_connections":[],"jetpack_featured_media_url":"https:\/\/i0.wp.com\/www.tvturk.com\/wp-content\/uploads\/2020\/01\/denizlide-ekmege-zam-yok_41e16a6.jpg?fit=1000%2C750","jetpack_sharing_enabled":true,"jetpack_shortlink":"https:\/\/wp.me\/paKIfm-13SJ","_links":{"self":[{"href":"http:\/\/www.tvturk.com\/index.php\/wp-json\/wp\/v2\/posts\/253253","targetHints":{"allow":["GET"]}}],"collection":[{"href":"http:\/\/www.tvturk.com\/index.php\/wp-json\/wp\/v2\/posts"}],"about":[{"href":"http:\/\/www.tvturk.com\/index.php\/wp-json\/wp\/v2\/types\/post"}],"author":[{"embeddable":true,"href":"http:\/\/www.tvturk.com\/index.php\/wp-json\/wp\/v2\/users\/1"}],"replies":[{"embeddable":true,"href":"http:\/\/www.tvturk.com\/index.php\/wp-json\/wp\/v2\/comments?post=253253"}],"version-history":[{"count":0,"href":"http:\/\/www.tvturk.com\/index.php\/wp-json\/wp\/v2\/posts\/253253\/revisions"}],"wp:featuredmedia":[{"embeddable":true,"href":"http:\/\/www.tvturk.com\/index.php\/wp-json\/wp\/v2\/media\/253254"}],"wp:attachment":[{"href":"http:\/\/www.tvturk.com\/index.php\/wp-json\/wp\/v2\/media?parent=253253"}],"wp:term":[{"taxonomy":"category","embeddable":true,"href":"http:\/\/www.tvturk.com\/index.php\/wp-json\/wp\/v2\/categories?post=253253"},{"taxonomy":"post_tag","embeddable":true,"href":"http:\/\/www.tvturk.com\/index.php\/wp-json\/wp\/v2\/tags?post=253253"}],"curies":[{"name":"wp","href":"https:\/\/api.w.org\/{rel}","templated":true}]}}