{"id":253343,"date":"2020-01-08T18:16:52","date_gmt":"2020-01-08T15:16:52","guid":{"rendered":"http:\/\/www.tvturk.com\/index.php\/engelli-ciftin-yuzu-artik-guluyor\/"},"modified":"2020-01-08T18:16:52","modified_gmt":"2020-01-08T15:16:52","slug":"engelli-ciftin-yuzu-artik-guluyor","status":"publish","type":"post","link":"http:\/\/www.tvturk.com\/index.php\/engelli-ciftin-yuzu-artik-guluyor\/","title":{"rendered":"Engelli \u00e7iftin y\u00fcz\u00fc art\u0131k g\u00fcl\u00fcyor"},"content":{"rendered":"<p>\u0130zmir\u2019in Konak il\u00e7esinde, \u00e7etin k\u0131\u015f \u015fartlar\u0131nda tek g\u00f6z odada, k\u00f6t\u00fc ya\u015fam ko\u015fullar\u0131 alt\u0131nda m\u00fccadele veren engelli kar\u0131 kocan\u0131n imdad\u0131na belediye yeti\u015fti. \u00c7ift i\u00e7in Konak Belediyesinin m\u00fcd\u00fcrl\u00fckleri adeta seferber oldu.<\/p>\n<p>Konak il\u00e7esi \u0130ki \u00c7e\u015fmelik\u2019teki G\u00fcne\u015f Mahallesi\u2019nde, aslen d\u00fckkan olan tek g\u00f6z odada y\u0131llard\u0131r ya\u015famlar\u0131n\u0131 devam ettiren  zihinsel engeli \u0130nci Oru\u00e7 (60) ve omurgas\u0131nda engeli olan Veli Oru\u00e7 (62) \u00e7iftinin art\u0131k y\u00fcz\u00fc g\u00fcl\u00fcyor. Harekete ge\u00e7en Konak Belediyesi ekipleri, eski ve kullan\u0131lamaz e\u015fyalar\u0131 nedeniyle neredeyse \u00e7\u00f6p ev haline gelen odalar\u0131 ilk olarak tepeden t\u0131rna\u011fa temizledi. Oda, eski e\u015fyalardan ar\u0131nd\u0131r\u0131larak dezenfekte edildi. Ard\u0131ndan Fen \u0130\u015fleri M\u00fcd\u00fcrl\u00fc\u011f\u00fc ekipleri odan\u0131n boya ve badanas\u0131n\u0131 yapt\u0131. Sosyal Yard\u0131m \u0130\u015fleri M\u00fcd\u00fcrl\u00fc\u011f\u00fcne ba\u011fl\u0131 \u2019Bizim Ev\u2019 ekipleri de, ba\u011f\u0131\u015flanan, e\u015fyalarla evi ya\u015fan\u0131r hale getirdi. Yatak, koltuk, perde, battaniye, nevresim tak\u0131m\u0131, hal\u0131 gibi ihtiya\u00e7lar\u0131n\u0131 \u2019Bizim Ev\u2019 projesi arac\u0131l\u0131\u011f\u0131 ile kar\u015f\u0131layan Konak Belediyesi ekipleri, el birli\u011fi ile tek g\u00f6z oday\u0131 yeniden ya\u015fanabilir hale getirerek Oru\u00e7 \u00e7iftine teslim etti.<\/p>\n<p>13 y\u0131ll\u0131k evli Oru\u00e7 \u00e7iftinin \u00e7ocuklar\u0131n\u0131n olmad\u0131\u011f\u0131, engelli maa\u015flar\u0131 ile ge\u00e7imlerini sa\u011flad\u0131\u011f\u0131 \u00f6\u011frenilirken, Oru\u00e7 \u00e7ifti belediyenin a\u015f evi hizmetinden de yararlanacak. \u00c7ifte, her g\u00fcn \u00fc\u00e7 \u00e7e\u015fit s\u0131cak yemek verilecek. \u00d6te yandan Oru\u00e7 \u00e7ifti, giysi ihtiyac\u0131n\u0131 da belediyenin Bizim Ma\u011faza hizmetinden kar\u015f\u0131layacak. Temizlenmi\u015f, yeniden d\u00fczenlenmi\u015f evlerini g\u00f6ren ve y\u00fczleri g\u00fclen Oru\u00e7 \u00e7ifti, \u00e7ok mutlu olduklar\u0131n\u0131 belirterek, Konak Belediyesine te\u015fekk\u00fcr etti.<\/p>\n","protected":false},"excerpt":{"rendered":"<p>\u0130ZM\u0130R&#8217;\u0130N KONAK \u0130L\u00c7ES\u0130NDE, \u00c7ET\u0130N KI\u015e \u015eARTLARINDA TEK G\u00d6Z ODADA, K\u00d6T\u00dc YA\u015eAM KO\u015eULLARI ALTINDA M\u00dcCADELE VEREN ENGELL\u0130 KARI KOCANIN \u0130MDADINA BELED\u0130YE YET\u0130\u015eT\u0130. \u00c7\u0130FT \u0130\u00c7\u0130N KONAK BELED\u0130YES\u0130N\u0130N M\u00dcD\u00dcRL\u00dcKLER\u0130 ADETA SEFERBER OLDU.<\/p>\n","protected":false},"author":1,"featured_media":253344,"comment_status":"closed","ping_status":"open","sticky":false,"template":"","format":"standard","meta":{"jetpack_post_was_ever_published":false,"_jetpack_newsletter_access":"","_jetpack_dont_email_post_to_subs":false,"_jetpack_newsletter_tier_id":0,"_jetpack_memberships_contains_paywalled_content":false,"_jetpack_memberships_contains_paid_content":false,"footnotes":"","jetpack_publicize_message":"","jetpack_publicize_feature_enabled":true,"jetpack_social_post_already_shared":true,"jetpack_social_options":{"image_generator_settings":{"template":"highway","default_image_id":0,"font":"","enabled":false},"version":2}},"categories":[1],"tags":[2058,6908,1784,3938,3937],"class_list":["post-253343","post","type-post","status-publish","format-standard","has-post-thumbnail","hentry","category-genel","tag-artik","tag-ciftin","tag-engelli","tag-guluyor","tag-yuzu"],"jetpack_publicize_connections":[],"jetpack_featured_media_url":"https:\/\/i0.wp.com\/www.tvturk.com\/wp-content\/uploads\/2020\/01\/engelli-ciftin-yuzu-artik-guluyor_59ddf11.jpg?fit=1000%2C667","jetpack_sharing_enabled":true,"jetpack_shortlink":"https:\/\/wp.me\/paKIfm-13Ub","_links":{"self":[{"href":"http:\/\/www.tvturk.com\/index.php\/wp-json\/wp\/v2\/posts\/253343","targetHints":{"allow":["GET"]}}],"collection":[{"href":"http:\/\/www.tvturk.com\/index.php\/wp-json\/wp\/v2\/posts"}],"about":[{"href":"http:\/\/www.tvturk.com\/index.php\/wp-json\/wp\/v2\/types\/post"}],"author":[{"embeddable":true,"href":"http:\/\/www.tvturk.com\/index.php\/wp-json\/wp\/v2\/users\/1"}],"replies":[{"embeddable":true,"href":"http:\/\/www.tvturk.com\/index.php\/wp-json\/wp\/v2\/comments?post=253343"}],"version-history":[{"count":0,"href":"http:\/\/www.tvturk.com\/index.php\/wp-json\/wp\/v2\/posts\/253343\/revisions"}],"wp:featuredmedia":[{"embeddable":true,"href":"http:\/\/www.tvturk.com\/index.php\/wp-json\/wp\/v2\/media\/253344"}],"wp:attachment":[{"href":"http:\/\/www.tvturk.com\/index.php\/wp-json\/wp\/v2\/media?parent=253343"}],"wp:term":[{"taxonomy":"category","embeddable":true,"href":"http:\/\/www.tvturk.com\/index.php\/wp-json\/wp\/v2\/categories?post=253343"},{"taxonomy":"post_tag","embeddable":true,"href":"http:\/\/www.tvturk.com\/index.php\/wp-json\/wp\/v2\/tags?post=253343"}],"curies":[{"name":"wp","href":"https:\/\/api.w.org\/{rel}","templated":true}]}}