{"id":253355,"date":"2020-01-08T18:46:09","date_gmt":"2020-01-08T15:46:09","guid":{"rendered":"http:\/\/www.tvturk.com\/index.php\/ab-konseyi-baskani-michel-libya-basbakani-al-sarraj-ile-gorustu\/"},"modified":"2020-01-08T18:46:09","modified_gmt":"2020-01-08T15:46:09","slug":"ab-konseyi-baskani-michel-libya-basbakani-al-sarraj-ile-gorustu","status":"publish","type":"post","link":"http:\/\/www.tvturk.com\/index.php\/ab-konseyi-baskani-michel-libya-basbakani-al-sarraj-ile-gorustu\/","title":{"rendered":"AB Konseyi Ba\u015fkan\u0131 Michel, Libya Ba\u015fbakan\u0131 al-Sarraj ile g\u00f6r\u00fc\u015ft\u00fc"},"content":{"rendered":"<p>Avrupa Birli\u011fi (AB) Konseyi Ba\u015fkan\u0131 Charles Michel, Libya H\u00fck\u00fcmeti Ba\u015fbakan\u0131 Fayez al-Sarraj ile Br\u00fcksel\u2019de bir araya geldi.<\/p>\n<p>Avrupa Birli\u011fi (AB) Konseyi Ba\u015fkan\u0131 Charles Michel, Bel\u00e7ika\u2019n\u0131n ba\u015fkenti Br\u00fcksel\u2019de Libya H\u00fck\u00fcmeti Ba\u015fbakan\u0131 Fayez al-Sarraj ile g\u00f6r\u00fc\u015fme ger\u00e7ekle\u015ftirdi. G\u00f6r\u00fc\u015fmede, AB Ba\u015fkan\u0131 Charles Michel\u2019in Libya Ba\u015fbakan\u0131 Fayez al-Sarraj\u2019a Libya\u2019daki askeri hareketlilikten duydu\u011fu endi\u015feyi, Libya\u2019da \u00e7\u00f6z\u00fcm\u00fcn askeri yollarla de\u011fil, diplomatik yollarla sa\u011flanabilece\u011fini ifade etti\u011fi bildirildi.<\/p>\n<p>AB Konseyi taraf\u0131ndan yay\u0131nlanan resmi a\u00e7\u0131klamada, &#8220;Libya\u2019n\u0131n gelece\u011fini Libyal\u0131lar\u0131n belirleyebilece\u011fi vurguland\u0131&#8221; denildi. Ayr\u0131ca g\u00f6r\u00fc\u015fmede, AB\u2019nin bar\u0131\u015f\u00e7\u0131l ve politik bir \u00e7\u00f6z\u00fcm i\u00e7in \u00e7abalar\u0131n\u0131 artt\u0131raca\u011f\u0131 belirtildi. AB\u2019nin Birle\u015fmi\u015f Milletler (BM) taraf\u0131ndan giri\u015filecek politik \u00e7abalara ve Berlin s\u00fcrecinde siyasi \u00e7\u00f6z\u00fcme var\u0131labilmesi i\u00e7in destek verece\u011fi de vurguland\u0131.<\/p>\n<p>T\u00fcrkiye-Libya aras\u0131ndaki anla\u015fma<\/p>\n<p>G\u00f6r\u00fc\u015fmede AB\u2019nin Libya ile T\u00fcrkiye aras\u0131nda yap\u0131lan anla\u015fmaya ili\u015fkin olarak resmi g\u00f6r\u00fc\u015f\u00fcn\u00fcn Libya heyetine beyan edildi\u011fi bildirildi. Buna g\u00f6re Libya-T\u00fcrkiye Anla\u015fmas\u0131\u2019n\u0131n AB \u00fcyesi \u00fclkelerin egemenlik haklar\u0131n\u0131 ihlal etti\u011fi ve deniz hukukuna uygun olmad\u0131\u011f\u0131 savunuldu. Anla\u015fman\u0131n di\u011fer \u00fclkeler nezdinde de hukuki hi\u00e7bir sonu\u00e7 do\u011furmayaca\u011f\u0131 ileri s\u00fcr\u00fcl\u00fcrken bu durumun Libya heyetine iletildi\u011fi belirtildi.<\/p>\n<p>Libya heyetinin AB Konseyi Ba\u015fkanl\u0131\u011f\u0131ndaki temaslar\u0131nda AB D\u0131\u015f \u0130li\u015fkiler ve G\u00fcvenlik Politikalar\u0131 Y\u00fcksek Temsilcisi ve Avrupa Komisyonu Ba\u015fkan Yard\u0131mc\u0131s\u0131 Josep Borrell de haz\u0131r bulundu.<\/p>\n","protected":false},"excerpt":{"rendered":"<p>AVRUPA B\u0130RL\u0130\u011e\u0130 (AB) KONSEY\u0130 BA\u015eKANI CHARLES M\u0130CHEL, L\u0130BYA H\u00dcK\u00dcMET\u0130 BA\u015eBAKANI FAYEZ AL-SARRAJ \u0130LE BR\u00dcKSEL&#8217;DE B\u0130R ARAYA GELD\u0130.<\/p>\n","protected":false},"author":1,"featured_media":253356,"comment_status":"closed","ping_status":"open","sticky":false,"template":"","format":"standard","meta":{"jetpack_post_was_ever_published":false,"_jetpack_newsletter_access":"","_jetpack_dont_email_post_to_subs":false,"_jetpack_newsletter_tier_id":0,"_jetpack_memberships_contains_paywalled_content":false,"_jetpack_memberships_contains_paid_content":false,"footnotes":"","jetpack_publicize_message":"","jetpack_publicize_feature_enabled":true,"jetpack_social_post_already_shared":true,"jetpack_social_options":{"image_generator_settings":{"template":"highway","default_image_id":0,"font":"","enabled":false},"version":2}},"categories":[10],"tags":[62674,651,216,316,192,3375,8757,16738],"class_list":["post-253355","post","type-post","status-publish","format-standard","has-post-thumbnail","hentry","category-dunya","tag-al-sarraj","tag-basbakani","tag-baskani","tag-gorustu","tag-ile","tag-konseyi","tag-libya","tag-michel"],"jetpack_publicize_connections":[],"jetpack_featured_media_url":"https:\/\/i0.wp.com\/www.tvturk.com\/wp-content\/uploads\/2020\/01\/ab-konseyi-baskani-michel-libya-basbakani-al-sarraj-ile-gorustu_6fae5ee.jpg?fit=920%2C613","jetpack_sharing_enabled":true,"jetpack_shortlink":"https:\/\/wp.me\/paKIfm-13Un","_links":{"self":[{"href":"http:\/\/www.tvturk.com\/index.php\/wp-json\/wp\/v2\/posts\/253355","targetHints":{"allow":["GET"]}}],"collection":[{"href":"http:\/\/www.tvturk.com\/index.php\/wp-json\/wp\/v2\/posts"}],"about":[{"href":"http:\/\/www.tvturk.com\/index.php\/wp-json\/wp\/v2\/types\/post"}],"author":[{"embeddable":true,"href":"http:\/\/www.tvturk.com\/index.php\/wp-json\/wp\/v2\/users\/1"}],"replies":[{"embeddable":true,"href":"http:\/\/www.tvturk.com\/index.php\/wp-json\/wp\/v2\/comments?post=253355"}],"version-history":[{"count":0,"href":"http:\/\/www.tvturk.com\/index.php\/wp-json\/wp\/v2\/posts\/253355\/revisions"}],"wp:featuredmedia":[{"embeddable":true,"href":"http:\/\/www.tvturk.com\/index.php\/wp-json\/wp\/v2\/media\/253356"}],"wp:attachment":[{"href":"http:\/\/www.tvturk.com\/index.php\/wp-json\/wp\/v2\/media?parent=253355"}],"wp:term":[{"taxonomy":"category","embeddable":true,"href":"http:\/\/www.tvturk.com\/index.php\/wp-json\/wp\/v2\/categories?post=253355"},{"taxonomy":"post_tag","embeddable":true,"href":"http:\/\/www.tvturk.com\/index.php\/wp-json\/wp\/v2\/tags?post=253355"}],"curies":[{"name":"wp","href":"https:\/\/api.w.org\/{rel}","templated":true}]}}