{"id":253369,"date":"2020-01-08T19:46:17","date_gmt":"2020-01-08T16:46:17","guid":{"rendered":"http:\/\/www.tvturk.com\/index.php\/iranin-abd-uslerine-duzenledigi-saldirida-fuzelerin-dustugu-erbil-goruntulendi\/"},"modified":"2020-01-08T19:46:17","modified_gmt":"2020-01-08T16:46:17","slug":"iranin-abd-uslerine-duzenledigi-saldirida-fuzelerin-dustugu-erbil-goruntulendi","status":"publish","type":"post","link":"http:\/\/www.tvturk.com\/index.php\/iranin-abd-uslerine-duzenledigi-saldirida-fuzelerin-dustugu-erbil-goruntulendi\/","title":{"rendered":"\u0130ran\u2019\u0131n ABD \u00fcslerine d\u00fczenledi\u011fi sald\u0131r\u0131da f\u00fczelerin d\u00fc\u015ft\u00fc\u011f\u00fc Erbil g\u00f6r\u00fcnt\u00fclendi"},"content":{"rendered":"<p>\u0130ran Devrim Muhaf\u0131zlar\u0131 Ordusunun, Irak\u2019taki ABD \u00fcslerine d\u00fczenledi\u011fi hava sald\u0131r\u0131lar\u0131nda f\u00fczelerden birinin isabet etti\u011fi Erbil kentinin Berdere\u015f il\u00e7esi sald\u0131r\u0131n\u0131n ard\u0131ndan b\u00f6yle g\u00f6r\u00fcnt\u00fclendi.<\/p>\n<p>\u0130ranl\u0131 General Kas\u0131m S\u00fcleymani\u2019nin, Irak\u2019\u0131n ba\u015fkenti Ba\u011fdat\u2019ta ABD\u2019nin d\u00fczenledi\u011fi sald\u0131r\u0131 sonucu \u00f6ld\u00fcr\u00fclmesine kar\u015f\u0131l\u0131k veren \u0130ran Devrim Muhaf\u0131zlar\u0131 Ordusu\u2019nun, Irak\u2019taki ABD \u00fcslerine d\u00fczenledi\u011fi hava sald\u0131r\u0131lar\u0131nda f\u00fczelerden birisi Irak K\u00fcrt B\u00f6lgesel Y\u00f6netimi\u2019ndeki Erbil kentine ait Berdere\u015f il\u00e7esi yak\u0131nlar\u0131na d\u00fc\u015ft\u00fc. Sald\u0131r\u0131n\u0131n ard\u0131ndan f\u00fczenin d\u00fc\u015ft\u00fc\u011f\u00fc b\u00f6lge g\u00f6r\u00fcnt\u00fclendi. Berdere\u015f il\u00e7esi yak\u0131nlar\u0131na d\u00fc\u015fen f\u00fcze, bo\u015f alana isabet ederken il\u00e7e sakinleri b\u00fcy\u00fck panik ya\u015fad\u0131. \u0130l\u00e7e sakinlerinden Niyaz Mustafa, b\u00fcy\u00fck bir g\u00fcr\u00fclt\u00fc sesi duydu\u011funu belirterek, &#8220;Sabah erken saatlerinde televizyonlarda \u0130ran\u2019\u0131n sald\u0131r\u0131 haberini duyunca \u015fa\u015f\u0131rd\u0131k. Sonra Berdere\u015f il\u00e7esine yakla\u015f\u0131k 1 kilometre uzakl\u0131kta tarlaya f\u00fcze d\u00fc\u015ft\u00fc\u011f\u00fcn\u00fc \u00f6\u011frendik. Manevi zarara yol a\u00e7an sald\u0131r\u0131 insanlarda pani\u011fe neden oldu.&#8221; dedi.<\/p>\n<p>G\u00f6rg\u00fc tan\u0131klar\u0131, sald\u0131r\u0131 sonras\u0131 olay yerine gelen IKBY Emniyet G\u00fc\u00e7leri taraf\u0131ndan at\u0131lan f\u00fczeden geriye kalan b\u00fct\u00fcn par\u00e7alar\u0131n toplad\u0131\u011f\u0131n\u0131 belirtti. \u00d6te yandan sald\u0131r\u0131 sonras\u0131 toplanan IKBY Ba\u015fkanl\u0131\u011f\u0131, topraklar\u0131n\u0131n sava\u015f sahas\u0131na d\u00f6n\u00fc\u015fmesini kabul etmedi\u011fini, var olan sorunun diyalog yoluyla \u00e7\u00f6z\u00fclmesini istedi.<\/p>\n","protected":false},"excerpt":{"rendered":"<p>\u0130RAN DEVR\u0130M MUHAFIZLARI ORDUSUNUN, IRAK&#8217;TAK\u0130 ABD \u00dcSLER\u0130NE D\u00dcZENLED\u0130\u011e\u0130 HAVA SALDIRILARINDA F\u00dcZELERDEN B\u0130R\u0130N\u0130N \u0130SABET ETT\u0130\u011e\u0130 ERB\u0130L KENT\u0130N\u0130N BERDERE\u015e \u0130L\u00c7ES\u0130 SALDIRININ ARDINDAN B\u00d6YLE G\u00d6R\u00dcNT\u00dcLEND\u0130.<\/p>\n","protected":false},"author":1,"featured_media":253370,"comment_status":"closed","ping_status":"open","sticky":false,"template":"","format":"standard","meta":{"jetpack_post_was_ever_published":false,"_jetpack_newsletter_access":"","_jetpack_dont_email_post_to_subs":false,"_jetpack_newsletter_tier_id":0,"_jetpack_memberships_contains_paywalled_content":false,"_jetpack_memberships_contains_paid_content":false,"footnotes":"","jetpack_publicize_message":"","jetpack_publicize_feature_enabled":true,"jetpack_social_post_already_shared":true,"jetpack_social_options":{"image_generator_settings":{"template":"highway","default_image_id":0,"font":"","enabled":false},"version":2}},"categories":[10],"tags":[19481,1936,11630,9774,23824,58388,3388,1011,62600],"class_list":["post-253369","post","type-post","status-publish","format-standard","has-post-thumbnail","hentry","category-dunya","tag-iranin","tag-abd","tag-dustugu","tag-duzenledigi","tag-erbil","tag-fuzelerin","tag-goruntulendi","tag-saldirida","tag-uslerine"],"jetpack_publicize_connections":[],"jetpack_featured_media_url":"https:\/\/i0.wp.com\/www.tvturk.com\/wp-content\/uploads\/2020\/01\/iranin-abd-uslerine-duzenledigi-saldirida-fuzelerin-dustugu-erbil-goruntulendi_d4b96d8.jpg?fit=1000%2C662","jetpack_sharing_enabled":true,"jetpack_shortlink":"https:\/\/wp.me\/paKIfm-13UB","_links":{"self":[{"href":"http:\/\/www.tvturk.com\/index.php\/wp-json\/wp\/v2\/posts\/253369","targetHints":{"allow":["GET"]}}],"collection":[{"href":"http:\/\/www.tvturk.com\/index.php\/wp-json\/wp\/v2\/posts"}],"about":[{"href":"http:\/\/www.tvturk.com\/index.php\/wp-json\/wp\/v2\/types\/post"}],"author":[{"embeddable":true,"href":"http:\/\/www.tvturk.com\/index.php\/wp-json\/wp\/v2\/users\/1"}],"replies":[{"embeddable":true,"href":"http:\/\/www.tvturk.com\/index.php\/wp-json\/wp\/v2\/comments?post=253369"}],"version-history":[{"count":0,"href":"http:\/\/www.tvturk.com\/index.php\/wp-json\/wp\/v2\/posts\/253369\/revisions"}],"wp:featuredmedia":[{"embeddable":true,"href":"http:\/\/www.tvturk.com\/index.php\/wp-json\/wp\/v2\/media\/253370"}],"wp:attachment":[{"href":"http:\/\/www.tvturk.com\/index.php\/wp-json\/wp\/v2\/media?parent=253369"}],"wp:term":[{"taxonomy":"category","embeddable":true,"href":"http:\/\/www.tvturk.com\/index.php\/wp-json\/wp\/v2\/categories?post=253369"},{"taxonomy":"post_tag","embeddable":true,"href":"http:\/\/www.tvturk.com\/index.php\/wp-json\/wp\/v2\/tags?post=253369"}],"curies":[{"name":"wp","href":"https:\/\/api.w.org\/{rel}","templated":true}]}}