{"id":253371,"date":"2020-01-08T19:46:41","date_gmt":"2020-01-08T16:46:41","guid":{"rendered":"http:\/\/www.tvturk.com\/index.php\/yaban-hayvanlarina-yem-birakildi\/"},"modified":"2020-01-08T19:46:41","modified_gmt":"2020-01-08T16:46:41","slug":"yaban-hayvanlarina-yem-birakildi","status":"publish","type":"post","link":"http:\/\/www.tvturk.com\/index.php\/yaban-hayvanlarina-yem-birakildi\/","title":{"rendered":"Yaban hayvanlar\u0131na yem b\u0131rak\u0131ld\u0131"},"content":{"rendered":"<p>Karab\u00fck\u2019te yo\u011fun kar ya\u011f\u0131\u015f\u0131 nedeniyle yaban hayat\u0131ndaki hayvanlar\u0131n a\u00e7 kalmamas\u0131 i\u00e7in yemleme \u00e7al\u0131\u015fmas\u0131 yap\u0131ld\u0131.<\/p>\n<p>Do\u011fa Koruma Milli Parklar Karab\u00fck \u015eube M\u00fcd\u00fcrl\u00fc\u011f\u00fc ekipleri taraf\u0131ndan Karab\u00fck\u2019\u00fcn y\u00fcksek kesimlerine yaban hayvanlar\u0131 i\u00e7in yem b\u0131rak\u0131ld\u0131. Yo\u011fun k\u0131\u015f \u015fartlar\u0131 nedeniyle yaban hayat\u0131ndaki hayvanlar\u0131n a\u00e7 kalmamas\u0131 i\u00e7in yemleme \u00e7al\u0131\u015fmalar\u0131n\u0131n aral\u0131ks\u0131z devam edece\u011fi bildirildi.<\/p>\n","protected":false},"excerpt":{"rendered":"<p>KARAB\u00dcK&#8217;TE YO\u011eUN KAR YA\u011eI\u015eI NEDEN\u0130YLE YABAN HAYATINDAK\u0130 HAYVANLARIN A\u00c7 KALMAMASI \u0130\u00c7\u0130N YEMLEME \u00c7ALI\u015eMASI YAPILDI.<\/p>\n","protected":false},"author":1,"featured_media":253372,"comment_status":"closed","ping_status":"open","sticky":false,"template":"","format":"standard","meta":{"jetpack_post_was_ever_published":false,"_jetpack_newsletter_access":"","_jetpack_dont_email_post_to_subs":false,"_jetpack_newsletter_tier_id":0,"_jetpack_memberships_contains_paywalled_content":false,"_jetpack_memberships_contains_paid_content":false,"footnotes":"","jetpack_publicize_message":"","jetpack_publicize_feature_enabled":true,"jetpack_social_post_already_shared":true,"jetpack_social_options":{"image_generator_settings":{"template":"highway","default_image_id":0,"font":"","enabled":false},"version":2}},"categories":[1],"tags":[5130,4097,4096,2850],"class_list":["post-253371","post","type-post","status-publish","format-standard","has-post-thumbnail","hentry","category-genel","tag-birakildi","tag-hayvanlarina","tag-yaban","tag-yem"],"jetpack_publicize_connections":[],"jetpack_featured_media_url":"https:\/\/i0.wp.com\/www.tvturk.com\/wp-content\/uploads\/2020\/01\/yaban-hayvanlarina-yem-birakildi_c96096d.jpg?fit=708%2C549","jetpack_sharing_enabled":true,"jetpack_shortlink":"https:\/\/wp.me\/paKIfm-13UD","_links":{"self":[{"href":"http:\/\/www.tvturk.com\/index.php\/wp-json\/wp\/v2\/posts\/253371","targetHints":{"allow":["GET"]}}],"collection":[{"href":"http:\/\/www.tvturk.com\/index.php\/wp-json\/wp\/v2\/posts"}],"about":[{"href":"http:\/\/www.tvturk.com\/index.php\/wp-json\/wp\/v2\/types\/post"}],"author":[{"embeddable":true,"href":"http:\/\/www.tvturk.com\/index.php\/wp-json\/wp\/v2\/users\/1"}],"replies":[{"embeddable":true,"href":"http:\/\/www.tvturk.com\/index.php\/wp-json\/wp\/v2\/comments?post=253371"}],"version-history":[{"count":0,"href":"http:\/\/www.tvturk.com\/index.php\/wp-json\/wp\/v2\/posts\/253371\/revisions"}],"wp:featuredmedia":[{"embeddable":true,"href":"http:\/\/www.tvturk.com\/index.php\/wp-json\/wp\/v2\/media\/253372"}],"wp:attachment":[{"href":"http:\/\/www.tvturk.com\/index.php\/wp-json\/wp\/v2\/media?parent=253371"}],"wp:term":[{"taxonomy":"category","embeddable":true,"href":"http:\/\/www.tvturk.com\/index.php\/wp-json\/wp\/v2\/categories?post=253371"},{"taxonomy":"post_tag","embeddable":true,"href":"http:\/\/www.tvturk.com\/index.php\/wp-json\/wp\/v2\/tags?post=253371"}],"curies":[{"name":"wp","href":"https:\/\/api.w.org\/{rel}","templated":true}]}}