{"id":253399,"date":"2020-01-08T23:47:18","date_gmt":"2020-01-08T20:47:18","guid":{"rendered":"http:\/\/www.tvturk.com\/index.php\/fenerbahce-gineli-savunmaci-faletteyi-kadrosuna-katti\/"},"modified":"2020-01-08T23:47:18","modified_gmt":"2020-01-08T20:47:18","slug":"fenerbahce-gineli-savunmaci-faletteyi-kadrosuna-katti","status":"publish","type":"post","link":"http:\/\/www.tvturk.com\/index.php\/fenerbahce-gineli-savunmaci-faletteyi-kadrosuna-katti\/","title":{"rendered":"Fenerbah\u00e7e, Gineli savunmac\u0131 Falette\u2019yi kadrosuna katt\u0131"},"content":{"rendered":"<p>Fenerbah\u00e7e, Alman ekibi Eintracht Frankfurt formas\u0131 giyen Gineli savunma oyuncusu Simon Falette\u2019yi sat\u0131n alma opsiyonlu sezon sonuna kadar kiralad\u0131.<\/p>\n<p>Ligin ikinci yar\u0131s\u0131na daha g\u00fc\u00e7l\u00fc bir kadroyla girmek isteyen Fenerbah\u00e7e, savunmas\u0131na takviye yapt\u0131. Sar\u0131-lacivertli ekip, Alman ekibi Eintracht Frankfurt\u2019ta forma giyen 27 ya\u015f\u0131ndaki Gineli oyuncuyu sezon sonuna kadar kiral\u0131k olarak kadrosuna katt\u0131. Falette bu sezon Frankfurt formas\u0131yla sadece bir ma\u00e7ta g\u00f6rev alm\u0131\u015ft\u0131.<\/p>\n","protected":false},"excerpt":{"rendered":"<p>FENERBAH\u00c7E, ALMAN EK\u0130B\u0130 E\u0130NTRACHT FRANKFURT FORMASI G\u0130YEN G\u0130NEL\u0130 SAVUNMA OYUNCUSU S\u0130MON FALETTE&#8217;Y\u0130 SATIN ALMA OPS\u0130YONLU SEZON SONUNA KADAR K\u0130RALADI.<\/p>\n","protected":false},"author":1,"featured_media":253400,"comment_status":"closed","ping_status":"open","sticky":false,"template":"","format":"standard","meta":{"jetpack_post_was_ever_published":false,"_jetpack_newsletter_access":"","_jetpack_dont_email_post_to_subs":false,"_jetpack_newsletter_tier_id":0,"_jetpack_memberships_contains_paywalled_content":false,"_jetpack_memberships_contains_paid_content":false,"footnotes":"","jetpack_publicize_message":"","jetpack_publicize_feature_enabled":true,"jetpack_social_post_already_shared":true,"jetpack_social_options":{"image_generator_settings":{"template":"highway","default_image_id":0,"font":"","enabled":false},"version":2}},"categories":[657],"tags":[62682,2626,40032,18423,5801,62681],"class_list":["post-253399","post","type-post","status-publish","format-standard","has-post-thumbnail","hentry","category-spor","tag-faletteyi","tag-fenerbahce","tag-gineli","tag-kadrosuna","tag-katti","tag-savunmaci"],"jetpack_publicize_connections":[],"jetpack_featured_media_url":"https:\/\/i0.wp.com\/www.tvturk.com\/wp-content\/uploads\/2020\/01\/fenerbahce-gineli-savunmaci-faletteyi-kadrosuna-katti_7d1d979.jpg?fit=1000%2C569","jetpack_sharing_enabled":true,"jetpack_shortlink":"https:\/\/wp.me\/paKIfm-13V5","_links":{"self":[{"href":"http:\/\/www.tvturk.com\/index.php\/wp-json\/wp\/v2\/posts\/253399","targetHints":{"allow":["GET"]}}],"collection":[{"href":"http:\/\/www.tvturk.com\/index.php\/wp-json\/wp\/v2\/posts"}],"about":[{"href":"http:\/\/www.tvturk.com\/index.php\/wp-json\/wp\/v2\/types\/post"}],"author":[{"embeddable":true,"href":"http:\/\/www.tvturk.com\/index.php\/wp-json\/wp\/v2\/users\/1"}],"replies":[{"embeddable":true,"href":"http:\/\/www.tvturk.com\/index.php\/wp-json\/wp\/v2\/comments?post=253399"}],"version-history":[{"count":0,"href":"http:\/\/www.tvturk.com\/index.php\/wp-json\/wp\/v2\/posts\/253399\/revisions"}],"wp:featuredmedia":[{"embeddable":true,"href":"http:\/\/www.tvturk.com\/index.php\/wp-json\/wp\/v2\/media\/253400"}],"wp:attachment":[{"href":"http:\/\/www.tvturk.com\/index.php\/wp-json\/wp\/v2\/media?parent=253399"}],"wp:term":[{"taxonomy":"category","embeddable":true,"href":"http:\/\/www.tvturk.com\/index.php\/wp-json\/wp\/v2\/categories?post=253399"},{"taxonomy":"post_tag","embeddable":true,"href":"http:\/\/www.tvturk.com\/index.php\/wp-json\/wp\/v2\/tags?post=253399"}],"curies":[{"name":"wp","href":"https:\/\/api.w.org\/{rel}","templated":true}]}}