{"id":253443,"date":"2020-01-09T10:02:23","date_gmt":"2020-01-09T07:02:23","guid":{"rendered":"http:\/\/www.tvturk.com\/index.php\/beto-bugunu-unutmadan-her-mac-icin-cabalamaliyiz\/"},"modified":"2020-01-09T10:02:23","modified_gmt":"2020-01-09T07:02:23","slug":"beto-bugunu-unutmadan-her-mac-icin-cabalamaliyiz","status":"publish","type":"post","link":"http:\/\/www.tvturk.com\/index.php\/beto-bugunu-unutmadan-her-mac-icin-cabalamaliyiz\/","title":{"rendered":"Beto: &#8220;Bug\u00fcn\u00fc unutmadan her ma\u00e7 i\u00e7in \u00e7abalamal\u0131y\u0131z&#8221;"},"content":{"rendered":"<p>G\u00f6ztepe\u2019nin Portekizli Kaptan\u0131 Beto, sar\u0131-k\u0131rm\u0131z\u0131 formayla Avrupa\u2019ya gitmeyi \u00e7ok istediklerini belirterek, &#8220;Bug\u00fcn\u00fc unutmadan her ma\u00e7 i\u00e7in \u00e7abalamal\u0131y\u0131z&#8221; dedi.<\/p>\n<p>G\u00f6ztepe\u2019nin deneyimli file bek\u00e7isi Beto, bas\u0131n mensuplar\u0131na a\u00e7\u0131klamalarda bulundu. Portekizli futbolcu, ligin ba\u015flang\u0131c\u0131nda geride kald\u0131klar\u0131n\u0131 daha sonra ise toparlamay\u0131 bildiklerini s\u00f6yledi. 37 ya\u015f\u0131ndaki ba\u015far\u0131l\u0131 eldiven, tak\u0131m olarak iyi bir ba\u015flang\u0131\u00e7 yapamad\u0131klar\u0131n\u0131 belirterek, &#8220;\u0130yi \u00e7al\u0131\u015ft\u0131k iyi devam ettik. Yava\u015f yava\u015f istedi\u011fimiz sonu\u00e7lar\u0131 alarak ligin ilk yar\u0131s\u0131n\u0131 en az\u0131ndan daha rahat bir pozisyonda bitirdik diyebilirim. Daha iyi bitirebilirdik daha iyi \u015feylerde yapabilirdik. Bunlar\u0131 yapmak i\u00e7in yine zaman\u0131m\u0131z var. \u0130yi \u00e7al\u0131\u015f\u0131p daha iyi yerlerde bitirmeye \u00e7al\u0131\u015faca\u011f\u0131z&#8221; \u015feklinde konu\u015ftu.<\/p>\n<p>&#8220;Bug\u00fcn\u00fc unutmadan her ma\u00e7 i\u00e7in \u00e7abalamal\u0131y\u0131z&#8221;<\/p>\n<p>Portekizli kaleci, ma\u00e7larda iyi bir performans sergiledi\u011fini ve daha iyi bir \u015fekilde devam edece\u011finin alt\u0131n\u0131 \u00e7izdi. Beto, ikinci yar\u0131 i\u00e7in hedeflerinin aras\u0131nda Avrupa\u2019ya gitmek de oldu\u011funu ifade ederek, &#8220;Y\u00f6netimimiz, bizler, hocalar\u0131m\u0131z herkes bunu \u00e7ok istiyor. Bunu art\u0131k sahaya yans\u0131tmam\u0131z sahada bunu isteyerek bu hedefle \u00e7al\u0131\u015fmam\u0131z ve oynamam\u0131z gerekiyor ama \u015f\u00f6yle de bir ger\u00e7ek var; bunu ma\u00e7 ma\u00e7 d\u00fc\u015f\u00fcnmeliyiz. \u015eimdiden sonunu d\u00fc\u015f\u00fcnerek hareket edersek ve direkt Avrupa\u2019y\u0131 d\u00fc\u015f\u00fcnerek hareket edersek bug\u00fcn\u00fc unutabiliriz. Bug\u00fcn\u00fc unutmadan her ma\u00e7 i\u00e7in \u00e7abalay\u0131p her ma\u00e7ta 3 puan i\u00e7in oynay\u0131p, 3 puanlar\u0131 toplay\u0131p anca bu \u015fekilde bu sonuca varabiliriz&#8221; diye konu\u015ftu.<\/p>\n<p>&#8220;\u0130zmir\u2019e an\u0131tsal anlamda bir \u015feyler katabilecek bir stadyum&#8221;<\/p>\n<p>G\u00f6ztepe\u2019nin yeni stadyumunun \u0130zmir i\u00e7in \u00e7ok faydal\u0131 olaca\u011f\u0131n\u0131 belirten Beto, &#8220;Avrupa\u2019da g\u00f6rd\u00fc\u011f\u00fcm \u00e7ok b\u00fcy\u00fck statlarla k\u0131yaslarsan\u0131z kapasite olarak biraz daha alt\u0131nda kalabilir. \u00d6zellikle \u0130zmir\u2019in \u00e7ok merkezi bir b\u00f6lgesinde olmas\u0131 \u0130zmir i\u00e7inde \u00e7ok faydal\u0131. \u0130zmir i\u00e7inde turisttik bir merkez olu\u015fturabilecek. \u0130zmir\u2019e an\u0131tsal anlamda bir \u015feyler katabilecek bir stadyum \u00e7ok g\u00fczel bir atmosfer olacak. G\u00fczel ma\u00e7lar oynayaca\u011f\u0131m\u0131za inan\u0131yorum. Bu anlamda b\u00fct\u00fcn G\u00f6ztepe y\u00f6netimini ve G\u00f6ztepe taraftarlar\u0131n\u0131 kutluyorum&#8221; ifadelerini kulland\u0131.<\/p>\n","protected":false},"excerpt":{"rendered":"<p>G\u00d6ZTEPE&#8217;N\u0130N PORTEK\u0130ZL\u0130 KAPTANI BETO, SARI-KIRMIZI FORMAYLA AVRUPA\u2019YA G\u0130TMEY\u0130 \u00c7OK \u0130STED\u0130KLER\u0130N\u0130 BEL\u0130RTEREK, &#8220;BUG\u00dcN\u00dc UNUTMADAN HER MA\u00c7 \u0130\u00c7\u0130N \u00c7ABALAMALIYIZ&#8221; DED\u0130.<\/p>\n","protected":false},"author":1,"featured_media":253444,"comment_status":"closed","ping_status":"open","sticky":false,"template":"","format":"standard","meta":{"jetpack_post_was_ever_published":false,"_jetpack_newsletter_access":"","_jetpack_dont_email_post_to_subs":false,"_jetpack_newsletter_tier_id":0,"_jetpack_memberships_contains_paywalled_content":false,"_jetpack_memberships_contains_paid_content":false,"footnotes":"","jetpack_publicize_message":"","jetpack_publicize_feature_enabled":true,"jetpack_social_post_already_shared":true,"jetpack_social_options":{"image_generator_settings":{"template":"highway","default_image_id":0,"font":"","enabled":false},"version":2}},"categories":[657],"tags":[944,28069,16726,62689,73,44,62688],"class_list":["post-253443","post","type-post","status-publish","format-standard","has-post-thumbnail","hentry","category-spor","tag-mac","tag-beto","tag-bugunu","tag-cabalamaliyiz","tag-her","tag-icin","tag-unutmadan"],"jetpack_publicize_connections":[],"jetpack_featured_media_url":"https:\/\/i0.wp.com\/www.tvturk.com\/wp-content\/uploads\/2020\/01\/beto-bugunu-unutmadan-her-mac-icin-cabalamaliyiz_dcbf8c6.jpg?fit=1000%2C667","jetpack_sharing_enabled":true,"jetpack_shortlink":"https:\/\/wp.me\/paKIfm-13VN","_links":{"self":[{"href":"http:\/\/www.tvturk.com\/index.php\/wp-json\/wp\/v2\/posts\/253443","targetHints":{"allow":["GET"]}}],"collection":[{"href":"http:\/\/www.tvturk.com\/index.php\/wp-json\/wp\/v2\/posts"}],"about":[{"href":"http:\/\/www.tvturk.com\/index.php\/wp-json\/wp\/v2\/types\/post"}],"author":[{"embeddable":true,"href":"http:\/\/www.tvturk.com\/index.php\/wp-json\/wp\/v2\/users\/1"}],"replies":[{"embeddable":true,"href":"http:\/\/www.tvturk.com\/index.php\/wp-json\/wp\/v2\/comments?post=253443"}],"version-history":[{"count":0,"href":"http:\/\/www.tvturk.com\/index.php\/wp-json\/wp\/v2\/posts\/253443\/revisions"}],"wp:featuredmedia":[{"embeddable":true,"href":"http:\/\/www.tvturk.com\/index.php\/wp-json\/wp\/v2\/media\/253444"}],"wp:attachment":[{"href":"http:\/\/www.tvturk.com\/index.php\/wp-json\/wp\/v2\/media?parent=253443"}],"wp:term":[{"taxonomy":"category","embeddable":true,"href":"http:\/\/www.tvturk.com\/index.php\/wp-json\/wp\/v2\/categories?post=253443"},{"taxonomy":"post_tag","embeddable":true,"href":"http:\/\/www.tvturk.com\/index.php\/wp-json\/wp\/v2\/tags?post=253443"}],"curies":[{"name":"wp","href":"https:\/\/api.w.org\/{rel}","templated":true}]}}