{"id":253477,"date":"2020-01-09T10:32:40","date_gmt":"2020-01-09T07:32:40","guid":{"rendered":"http:\/\/www.tvturk.com\/index.php\/yeni-malatyasporda-transfer-zirvesi\/"},"modified":"2020-01-09T10:32:40","modified_gmt":"2020-01-09T07:32:40","slug":"yeni-malatyasporda-transfer-zirvesi","status":"publish","type":"post","link":"http:\/\/www.tvturk.com\/index.php\/yeni-malatyasporda-transfer-zirvesi\/","title":{"rendered":"Yeni Malatyaspor\u2019da transfer zirvesi"},"content":{"rendered":"<p>S\u00fcper Lig ekibi Yeni Malatyaspor\u2019da transfer \u00e7al\u0131\u015fmalar\u0131 kapsam\u0131nda tak\u0131m\u0131n ikinci yar\u0131 haz\u0131rl\u0131klar\u0131n\u0131 s\u00fcrd\u00fcrd\u00fc\u011f\u00fc Antalya\u2019da bir transfer zirvesi ger\u00e7ekle\u015ftirildi.<\/p>\n<p>Devre aras\u0131 kamp \u00e7al\u0131\u015fmalar\u0131n\u0131 yerinde izlemek i\u00e7in gitti\u011fi Antalya\u2019da Teknik Direkt\u00f6r Sergen Yal\u00e7\u0131n ve Sportif Direkt\u00f6r Ali Ravc\u0131 ile bir araya gelen Kul\u00fcp Ba\u015fkan\u0131 Adil Gevrek bu ikiliyle fikir al\u0131\u015fveri\u015finde bulundu.<\/p>\n<p>Teknik heyetin bir stoper ve orta saha oyuncusu al\u0131nmas\u0131 talebine olumlu yan\u0131t verdi\u011fi belirtilen Adil Gevrek\u2019in bu transferlerin yap\u0131lmas\u0131 i\u00e7in \u00e7al\u0131\u015fmalar\u0131n s\u00fcrd\u00fc\u011f\u00fcn\u00fc payla\u015ft\u0131\u011f\u0131 bildirildi. G\u00f6r\u00fc\u015fmede mevcut kadroyu bozmadan eksik mevkilere takviye yap\u0131larak yola devam edilmesi y\u00f6n\u00fcnde fikir birli\u011fine var\u0131ld\u0131\u011f\u0131 belirtildi. Ba\u015fkan Gevrek\u2019in g\u00f6r\u00fc\u015fmede ayr\u0131ca Teknik Direkt\u00f6r Sergen Yal\u00e7\u0131n\u2019a g\u00fcvenini belirtti\u011fi ve bu sezonki hedeflerine ula\u015facaklar\u0131na inand\u0131\u011f\u0131n\u0131 payla\u015ft\u0131\u011f\u0131 da \u00f6\u011frenildi.<\/p>\n<p>Gevrek\u2019in daha sonra futbolcularla da bir araya gelerek k\u0131sa bir konu\u015fma yapt\u0131\u011f\u0131 ifade edildi.<\/p>\n","protected":false},"excerpt":{"rendered":"<p>S\u00dcPER L\u0130G EK\u0130B\u0130 YEN\u0130 MALATYASPOR\u2019DA TRANSFER \u00c7ALI\u015eMALARI KAPSAMINDA TAKIMIN \u0130K\u0130NC\u0130 YARI HAZIRLIKLARINI S\u00dcRD\u00dcRD\u00dc\u011e\u00dc ANTALYA\u2019DA B\u0130R TRANSFER Z\u0130RVES\u0130 GER\u00c7EKLE\u015eT\u0130R\u0130LD\u0130.<\/p>\n","protected":false},"author":1,"featured_media":253478,"comment_status":"closed","ping_status":"open","sticky":false,"template":"","format":"standard","meta":{"jetpack_post_was_ever_published":false,"_jetpack_newsletter_access":"","_jetpack_dont_email_post_to_subs":false,"_jetpack_newsletter_tier_id":0,"_jetpack_memberships_contains_paywalled_content":false,"_jetpack_memberships_contains_paid_content":false,"footnotes":"","jetpack_publicize_message":"","jetpack_publicize_feature_enabled":true,"jetpack_social_post_already_shared":true,"jetpack_social_options":{"image_generator_settings":{"template":"highway","default_image_id":0,"font":"","enabled":false},"version":2}},"categories":[657],"tags":[3855,2518,87,411],"class_list":["post-253477","post","type-post","status-publish","format-standard","has-post-thumbnail","hentry","category-spor","tag-malatyasporda","tag-transfer","tag-yeni","tag-zirvesi"],"jetpack_publicize_connections":[],"jetpack_featured_media_url":"https:\/\/i0.wp.com\/www.tvturk.com\/wp-content\/uploads\/2020\/01\/yeni-malatyasporda-transfer-zirvesi_2fb3c2f.jpg?fit=705%2C431","jetpack_sharing_enabled":true,"jetpack_shortlink":"https:\/\/wp.me\/paKIfm-13Wl","_links":{"self":[{"href":"http:\/\/www.tvturk.com\/index.php\/wp-json\/wp\/v2\/posts\/253477","targetHints":{"allow":["GET"]}}],"collection":[{"href":"http:\/\/www.tvturk.com\/index.php\/wp-json\/wp\/v2\/posts"}],"about":[{"href":"http:\/\/www.tvturk.com\/index.php\/wp-json\/wp\/v2\/types\/post"}],"author":[{"embeddable":true,"href":"http:\/\/www.tvturk.com\/index.php\/wp-json\/wp\/v2\/users\/1"}],"replies":[{"embeddable":true,"href":"http:\/\/www.tvturk.com\/index.php\/wp-json\/wp\/v2\/comments?post=253477"}],"version-history":[{"count":0,"href":"http:\/\/www.tvturk.com\/index.php\/wp-json\/wp\/v2\/posts\/253477\/revisions"}],"wp:featuredmedia":[{"embeddable":true,"href":"http:\/\/www.tvturk.com\/index.php\/wp-json\/wp\/v2\/media\/253478"}],"wp:attachment":[{"href":"http:\/\/www.tvturk.com\/index.php\/wp-json\/wp\/v2\/media?parent=253477"}],"wp:term":[{"taxonomy":"category","embeddable":true,"href":"http:\/\/www.tvturk.com\/index.php\/wp-json\/wp\/v2\/categories?post=253477"},{"taxonomy":"post_tag","embeddable":true,"href":"http:\/\/www.tvturk.com\/index.php\/wp-json\/wp\/v2\/tags?post=253477"}],"curies":[{"name":"wp","href":"https:\/\/api.w.org\/{rel}","templated":true}]}}