{"id":253483,"date":"2020-01-09T11:01:44","date_gmt":"2020-01-09T08:01:44","guid":{"rendered":"http:\/\/www.tvturk.com\/index.php\/tesk-genel-baskani-palandoken-esnafin-sorunlari-sosyal-politikalar-kurulunda-masaya-yatirildi\/"},"modified":"2020-01-09T11:01:44","modified_gmt":"2020-01-09T08:01:44","slug":"tesk-genel-baskani-palandoken-esnafin-sorunlari-sosyal-politikalar-kurulunda-masaya-yatirildi","status":"publish","type":"post","link":"http:\/\/www.tvturk.com\/index.php\/tesk-genel-baskani-palandoken-esnafin-sorunlari-sosyal-politikalar-kurulunda-masaya-yatirildi\/","title":{"rendered":"TESK Genel Ba\u015fkan\u0131 Paland\u00f6ken: \u201cEsnaf\u0131n sorunlar\u0131 Sosyal Politikalar Kurulunda masaya yat\u0131r\u0131ld\u0131\u201d"},"content":{"rendered":"<p>Cumhurba\u015fkanl\u0131\u011f\u0131 Sosyal Politikalar Kurulunda esnaf\u0131n sorunlar\u0131n\u0131n detayl\u0131 \u015fekilde konu\u015fuldu\u011funu bildiren TESK Genel Ba\u015fkan\u0131 Bendevi Paland\u00f6ken, \u201cSay\u0131n Cumhurba\u015fkan\u0131na iletilmek \u00fczere esnaf ve sanatkarlar\u0131m\u0131z\u0131n t\u00fcm taleplerini, t\u00fcm sorunlar\u0131n\u0131, \u00e7\u00f6z\u00fcm \u00f6nerileri ile birlikte Sosyal Politikalar Kurulu toplant\u0131s\u0131nda anlatt\u0131k. Esnaf\u0131n varl\u0131\u011f\u0131n\u0131n ve ahilik k\u00fclt\u00fcr\u00fcn\u00fcn s\u00fcrekli olmas\u0131 i\u00e7in devletin esnaf\u0131n yan\u0131nda olmas\u0131 gerekti\u011fini bir kez daha vurgulad\u0131k\u201d dedi.<\/p>\n<p>\u00c7ankaya K\u00f6\u015fk\u00fc\u2019nde t\u00fcm sekt\u00f6rdeki esnaf\u0131n sorunlar\u0131n\u0131n masaya yat\u0131r\u0131ld\u0131\u011f\u0131n\u0131 belirten T\u00fcrkiye Esnaf ve Sanatk\u00e2rlar Konfederasyonu (TESK) Genel Ba\u015fkan\u0131 Bendevi Paland\u00f6ken, \u201cProf. Dr. Vedat Bilgin\u2019in ba\u015fkanl\u0131\u011f\u0131nda Sosyal Politikalar Kurulu toplant\u0131s\u0131nda berberden \u015fof\u00f6r esnaf\u0131na, bakkaldan kasap esnaf\u0131na kadar t\u00fcm esnaf\u0131m\u0131z\u0131n sorunlar\u0131n\u0131 masaya yat\u0131rd\u0131k. TESK Ba\u015fkan Vekili ve T\u00fcrkiye \u015eof\u00f6rler ve Otomobilciler Federasyonu Ba\u015fkan\u0131 Fevzi Apayd\u0131n, TESK Y\u00f6netim Kurulu \u00dcyesi ve Kasaplar Federasyonu Ba\u015fkan\u0131 Fazl\u0131 Yal\u00e7\u0131nda\u011f ve TESK Genel Sekreteri Naci Sulkalar\u2019\u0131n kat\u0131l\u0131m\u0131yla esnaf\u0131n ayakta kalmas\u0131n\u0131n sosyal devletin de ayakta kalmas\u0131 demek oldu\u011funu belirttik. Ekonominin en k\u00fc\u00e7\u00fck birimi olan esnaf\u0131m\u0131z\u0131n, en b\u00fcy\u00fck meslek \u00f6rg\u00fct\u00fc olan TESK olarak bizlerin en \u00f6nemli iste\u011finin ya\u015fanan sorunlar\u0131n, esnaf\u0131m\u0131z\u0131n b\u00fcy\u00fcmesinde ve artmas\u0131n\u0131n \u00f6n\u00fcndeki engellerin a\u015f\u0131lmas\u0131d\u0131r\u201d diye konu\u015ftu.<\/p>\n<p>\u201cPerakende sekt\u00f6r\u00fc ba\u015ftan a\u015fa\u011f\u0131 yenilenmeli\u201d<\/p>\n<p>Ba\u015fta kurals\u0131zl\u0131k olmak \u00fczere perakende yasas\u0131n\u0131n yeniden d\u00fczenlenerek ihtiya\u00e7lara cevap verir hale gelmesi gerekti\u011fini kaydeden Paland\u00f6ken, \u201cKurals\u0131zl\u0131k ald\u0131 ba\u015f\u0131n\u0131 gidiyor. Bir isme ait 10 bin ma\u011fazan\u0131n olmas\u0131 rekabet kurallar\u0131na ayk\u0131r\u0131 iken ve etik de\u011fil iken, esnaf\u0131m\u0131z\u0131n neredeyse t\u00fcm sekt\u00f6rlerini olumsuz etkilemesi art\u0131k kabul edilebilir bir durum olmaktan \u00e7\u0131kt\u0131. Zincir marketlerin a\u00e7\u0131l\u0131\u015f ve kapan\u0131\u015flar\u0131na kural getirilmesi, yani bu kurals\u0131zl\u0131k ortam\u0131n\u0131n d\u00fczeltilmesi ba\u015fta olmak \u00fczere sosyal g\u00fcvenlik konusunda ya\u015fanan SSK ve BA\u011e-KUR prim g\u00fcn say\u0131s\u0131n\u0131n e\u015fitlenmesi, esnafa \u00f6zel ticari akaryak\u0131t sa\u011flanmas\u0131, elektrik, su, do\u011falgaz gibi temel harcamalarda indirim sa\u011flanmas\u0131, krediye ula\u015fmak i\u00e7in sicil aff\u0131, giri\u015fimcilik kredilerinde esnaf tan\u0131m\u0131n\u0131n Esnaf ve Sanatk\u00e2rlar Meslek Kurulu\u015flar\u0131 Kanunu\u2019ndaki gibi olmas\u0131, \u00e7ek borcu olan esnaf\u0131m\u0131z\u0131n hapis cezas\u0131 yerine bor\u00e7lar\u0131n\u0131n yap\u0131land\u0131r\u0131lmas\u0131 gibi sorunlar \u00e7\u00f6z\u00fcm bekliyor. Esnaf ve sanatkar\u0131n, yani orta dire\u011fin ayakta kalmas\u0131 sosyal devletin de ayakta kalmas\u0131 demektir. Anayasam\u0131zda belirtildi\u011fi \u00fczere devlet esnaf\u0131n yan\u0131nda olmal\u0131, korumal\u0131 ve desteklemelidir\u201d \u015feklinde konu\u015ftu.<\/p>\n","protected":false},"excerpt":{"rendered":"<p>CUMHURBA\u015eKANLI\u011eI SOSYAL POL\u0130T\u0130KALAR KURULUNDA ESNAFIN SORUNLARININ DETAYLI \u015eEK\u0130LDE KONU\u015eULDU\u011eUNU B\u0130LD\u0130REN TESK GENEL BA\u015eKANI BENDEV\u0130 PALAND\u00d6KEN, \u201cSAYIN CUMHURBA\u015eKANINA \u0130LET\u0130LMEK \u00dcZERE ESNAF VE SANATKARLARIMIZIN T\u00dcM TALEPLER\u0130N\u0130, T\u00dcM SORUNLARINI, \u00c7\u00d6Z\u00dcM \u00d6NER\u0130LER\u0130 \u0130LE B\u0130RL\u0130KTE SOSYAL POL\u0130T\u0130KALAR KURULU TOPLANTISINDA ANLATTIK. ESNAFIN VARLI\u011eININ VE AH\u0130L\u0130K K\u00dcLT\u00dcR\u00dcN\u00dcN S\u00dcREKL\u0130 OLMASI \u0130\u00c7\u0130N DEVLET\u0130N ESNAFIN YANINDA OLMASI GEREKT\u0130\u011e\u0130N\u0130 B\u0130R KEZ DAHA VURGULADIK\u201d DED\u0130.<\/p>\n","protected":false},"author":1,"featured_media":253484,"comment_status":"closed","ping_status":"open","sticky":false,"template":"","format":"standard","meta":{"jetpack_post_was_ever_published":false,"_jetpack_newsletter_access":"","_jetpack_dont_email_post_to_subs":false,"_jetpack_newsletter_tier_id":0,"_jetpack_memberships_contains_paywalled_content":false,"_jetpack_memberships_contains_paid_content":false,"footnotes":"","jetpack_publicize_message":"","jetpack_publicize_feature_enabled":true,"jetpack_social_post_already_shared":true,"jetpack_social_options":{"image_generator_settings":{"template":"highway","default_image_id":0,"font":"","enabled":false},"version":2}},"categories":[19],"tags":[216,1092,869,27469,843,8073,59459,2654,1229,12357,2884],"class_list":["post-253483","post","type-post","status-publish","format-standard","has-post-thumbnail","hentry","category-ekonomi","tag-baskani","tag-esnafin","tag-genel","tag-kurulunda","tag-masaya","tag-palandoken","tag-politikalar","tag-sorunlari","tag-sosyal","tag-tesk","tag-yatirildi"],"jetpack_publicize_connections":[],"jetpack_featured_media_url":"https:\/\/i0.wp.com\/www.tvturk.com\/wp-content\/uploads\/2020\/01\/tesk-genel-baskani-palandoken-esnafin-sorunlari-sosyal-politikalar-kurulunda-masaya-yatirildi_c96096d.jpg?fit=930%2C523","jetpack_sharing_enabled":true,"jetpack_shortlink":"https:\/\/wp.me\/paKIfm-13Wr","_links":{"self":[{"href":"http:\/\/www.tvturk.com\/index.php\/wp-json\/wp\/v2\/posts\/253483","targetHints":{"allow":["GET"]}}],"collection":[{"href":"http:\/\/www.tvturk.com\/index.php\/wp-json\/wp\/v2\/posts"}],"about":[{"href":"http:\/\/www.tvturk.com\/index.php\/wp-json\/wp\/v2\/types\/post"}],"author":[{"embeddable":true,"href":"http:\/\/www.tvturk.com\/index.php\/wp-json\/wp\/v2\/users\/1"}],"replies":[{"embeddable":true,"href":"http:\/\/www.tvturk.com\/index.php\/wp-json\/wp\/v2\/comments?post=253483"}],"version-history":[{"count":0,"href":"http:\/\/www.tvturk.com\/index.php\/wp-json\/wp\/v2\/posts\/253483\/revisions"}],"wp:featuredmedia":[{"embeddable":true,"href":"http:\/\/www.tvturk.com\/index.php\/wp-json\/wp\/v2\/media\/253484"}],"wp:attachment":[{"href":"http:\/\/www.tvturk.com\/index.php\/wp-json\/wp\/v2\/media?parent=253483"}],"wp:term":[{"taxonomy":"category","embeddable":true,"href":"http:\/\/www.tvturk.com\/index.php\/wp-json\/wp\/v2\/categories?post=253483"},{"taxonomy":"post_tag","embeddable":true,"href":"http:\/\/www.tvturk.com\/index.php\/wp-json\/wp\/v2\/tags?post=253483"}],"curies":[{"name":"wp","href":"https:\/\/api.w.org\/{rel}","templated":true}]}}