{"id":253569,"date":"2020-01-09T12:46:09","date_gmt":"2020-01-09T09:46:09","guid":{"rendered":"http:\/\/www.tvturk.com\/index.php\/idlibden-kacarak-kampa-siginan-siviller-cadir-hastanesinde-tedavi-oluyor\/"},"modified":"2020-01-09T12:46:09","modified_gmt":"2020-01-09T09:46:09","slug":"idlibden-kacarak-kampa-siginan-siviller-cadir-hastanesinde-tedavi-oluyor","status":"publish","type":"post","link":"http:\/\/www.tvturk.com\/index.php\/idlibden-kacarak-kampa-siginan-siviller-cadir-hastanesinde-tedavi-oluyor\/","title":{"rendered":"\u0130dlib\u2019den ka\u00e7arak kampa s\u0131\u011f\u0131nan siviller \u00e7ad\u0131r hastanesinde tedavi oluyor"},"content":{"rendered":"<p>Esad rejimi ve Rus bombard\u0131man\u0131ndan ka\u00e7arak \u0130dlib\u2019in kuzeyindeki Sarmada k\u00f6y\u00fcnde bulunan kampa s\u0131\u011f\u0131nan sivillere sa\u011fl\u0131k hizmeti sa\u011fland\u0131. Tek tek muayene edilen siviller, kampa kurulan ge\u00e7ici \u00e7ad\u0131r hastanesinde sa\u011fl\u0131k kontrol\u00fcnden ge\u00e7ti.<\/p>\n<p>Suriye\u2019de Esad rejimi ve Rus bombard\u0131man\u0131 devam ederken binlerce ki\u015finin T\u00fcrkiye s\u0131n\u0131r\u0131na ak\u0131n\u0131 devam ediyor. \u0130dlib\u2019in bat\u0131s\u0131ndan ka\u00e7an baz\u0131 siviller ise \u0130dlib\u2019in kuzeyinde bulunan kamplara s\u0131\u011f\u0131nd\u0131. Kendi \u00e7abalar\u0131 ile hayata tutunmaya \u00e7al\u0131\u015fan siviller, \u0130dlib\u2019in kuzeyinde bulunan Sarmada k\u00f6y\u00fcndeki kampta ya\u015fam m\u00fccadelesi veriyor.<\/p>\n<p>Yakla\u015f\u0131k 3 ay \u00f6nce Suriyeli bir yard\u0131m \u00f6rg\u00fct\u00fc taraf\u0131ndan olu\u015fturulan sa\u011fl\u0131k ekibi, d\u00fczenli olarak kamplar\u0131 ziyaret ederek sivillere sa\u011fl\u0131k hizmeti veriyor. Sa\u011fl\u0131k ekibi, gittikleri kamplarda \u00e7ad\u0131r kurarak sivillerin ihtiyac\u0131na g\u00f6re hizmet veriyor. Bu kez Sarmada k\u00f6y\u00fcnde bulunan kamp\u0131 ziyaret eden ekipler, \u00e7ocuklar ile yeti\u015fkinleri tek tek kontrol etti. Bir doktor, 2 hem\u015fire, bir eczac\u0131 ve bir de ambulans \u015fof\u00f6r\u00fcnden olu\u015fan sa\u011fl\u0131k ekibi, kurduklar\u0131 \u00e7ad\u0131rda 50 ila 70 ki\u015fiye hizmet veriyor. Sivillere \u00fccretsiz sa\u011fl\u0131k hizmeti veren ekip, \u00e7al\u0131\u015fmalar\u0131na farkl\u0131 kamplarda devam ediyor.<\/p>\n<p>Hem\u015fir Basim Yusuf, \u201cT\u0131bb\u0131 \u00e7ad\u0131r kurulmas\u0131 fikri, ka\u00e7an sivillerin ihtiya\u00e7lar\u0131 kar\u015f\u0131la\u015fmak amac\u0131yla ortaya \u00e7\u0131kt\u0131. Bildi\u011finiz gibi kamplar sa\u011fl\u0131k merkezlerden \u00e7ok uzak. \u00d6zellikle son d\u00f6nemlerde sald\u0131r\u0131lar\u0131n yo\u011funla\u015fmas\u0131yla sivillere yard\u0131m etmek i\u00e7in b\u00f6yle bir \u00e7ad\u0131r kurmaya karar verdik&#8221; dedi.<\/p>\n","protected":false},"excerpt":{"rendered":"<p>ESAD REJ\u0130M\u0130 VE RUS BOMBARDIMANINDAN KA\u00c7ARAK \u0130DL\u0130B\u2019\u0130N KUZEY\u0130NDEK\u0130 SARMADA K\u00d6Y\u00dcNDE BULUNAN KAMPA SI\u011eINAN S\u0130V\u0130LLERE SA\u011eLIK H\u0130ZMET\u0130 SA\u011eLANDI.<\/p>\n","protected":false},"author":1,"featured_media":253570,"comment_status":"closed","ping_status":"open","sticky":false,"template":"","format":"standard","meta":{"jetpack_post_was_ever_published":false,"_jetpack_newsletter_access":"","_jetpack_dont_email_post_to_subs":false,"_jetpack_newsletter_tier_id":0,"_jetpack_memberships_contains_paywalled_content":false,"_jetpack_memberships_contains_paid_content":false,"footnotes":"","jetpack_publicize_message":"","jetpack_publicize_feature_enabled":true,"jetpack_social_post_already_shared":true,"jetpack_social_options":{"image_generator_settings":{"template":"highway","default_image_id":0,"font":"","enabled":false},"version":2}},"categories":[10],"tags":[16130,4797,61317,11932,4616,145,34145,23687,144],"class_list":["post-253569","post","type-post","status-publish","format-standard","has-post-thumbnail","hentry","category-dunya","tag-cadir","tag-hastanesinde","tag-idlibden","tag-kacarak","tag-kampa","tag-oluyor","tag-siviller","tag-siginan","tag-tedavi"],"jetpack_publicize_connections":[],"jetpack_featured_media_url":"https:\/\/i0.wp.com\/www.tvturk.com\/wp-content\/uploads\/2020\/01\/idlibden-kacarak-kampa-siginan-siviller-cadir-hastanesinde-tedavi-oluyor_332245e.jpg?fit=1000%2C562","jetpack_sharing_enabled":true,"jetpack_shortlink":"https:\/\/wp.me\/paKIfm-13XP","_links":{"self":[{"href":"http:\/\/www.tvturk.com\/index.php\/wp-json\/wp\/v2\/posts\/253569","targetHints":{"allow":["GET"]}}],"collection":[{"href":"http:\/\/www.tvturk.com\/index.php\/wp-json\/wp\/v2\/posts"}],"about":[{"href":"http:\/\/www.tvturk.com\/index.php\/wp-json\/wp\/v2\/types\/post"}],"author":[{"embeddable":true,"href":"http:\/\/www.tvturk.com\/index.php\/wp-json\/wp\/v2\/users\/1"}],"replies":[{"embeddable":true,"href":"http:\/\/www.tvturk.com\/index.php\/wp-json\/wp\/v2\/comments?post=253569"}],"version-history":[{"count":0,"href":"http:\/\/www.tvturk.com\/index.php\/wp-json\/wp\/v2\/posts\/253569\/revisions"}],"wp:featuredmedia":[{"embeddable":true,"href":"http:\/\/www.tvturk.com\/index.php\/wp-json\/wp\/v2\/media\/253570"}],"wp:attachment":[{"href":"http:\/\/www.tvturk.com\/index.php\/wp-json\/wp\/v2\/media?parent=253569"}],"wp:term":[{"taxonomy":"category","embeddable":true,"href":"http:\/\/www.tvturk.com\/index.php\/wp-json\/wp\/v2\/categories?post=253569"},{"taxonomy":"post_tag","embeddable":true,"href":"http:\/\/www.tvturk.com\/index.php\/wp-json\/wp\/v2\/tags?post=253569"}],"curies":[{"name":"wp","href":"https:\/\/api.w.org\/{rel}","templated":true}]}}