{"id":253617,"date":"2020-01-09T13:32:06","date_gmt":"2020-01-09T10:32:06","guid":{"rendered":"http:\/\/www.tvturk.com\/index.php\/eski-usak-universitesi-rektoru-sait-celik-feto-davasinda-beraat-etti\/"},"modified":"2020-01-09T13:32:06","modified_gmt":"2020-01-09T10:32:06","slug":"eski-usak-universitesi-rektoru-sait-celik-feto-davasinda-beraat-etti","status":"publish","type":"post","link":"http:\/\/www.tvturk.com\/index.php\/eski-usak-universitesi-rektoru-sait-celik-feto-davasinda-beraat-etti\/","title":{"rendered":"Eski U\u015fak \u00dcniversitesi Rekt\u00f6r\u00fc Sait \u00c7elik, FET\u00d6 davas\u0131nda beraat etti"},"content":{"rendered":"<p>Fetullah\u00e7\u0131 Ter\u00f6r \u00d6rg\u00fct\u00fc (FET\u00d6) soru\u015fturmas\u0131 kapsam\u0131nda hakk\u0131nda 2016 y\u0131l\u0131nda soru\u015fturma ba\u015flat\u0131lan eski U\u015fak \u00dcniversitesi Rekt\u00f6r\u00fc Sait \u00c7elik beraat etti.<\/p>\n<p>Hakk\u0131nda 2016 y\u0131l\u0131nda FET\u00d6\u2019den soru\u015fturma a\u00e7\u0131lan ve 2 y\u0131l 6 ay tutuklu kalmas\u0131n\u0131n ard\u0131ndan Yarg\u0131tay karar\u0131 ile tahliye olan \u00c7elik, U\u015fak 2. A\u011f\u0131r Ceza Mahkemesi\u2019nde devam edilen duru\u015fmada beraatini istedi. Mahkeme heyeti beraatine karar vererek tutuklu bulundu\u011fu d\u00f6nemlere ili\u015fkin tazminat hakk\u0131n\u0131n bulundu\u011funu bildirdi.<\/p>\n<p>Duru\u015fma sonras\u0131nda a\u00e7\u0131klamalarda bulunan Sait \u00c7elik, &#8220;U\u015fak \u00dcniversitesi Rekt\u00f6r\u00fc olarak g\u00f6rev yaparken FET\u00d6 \u00fcyesi olmak isnad\u0131yla 22 Aral\u0131k 2016\u2019da g\u00f6zalt\u0131na al\u0131nd\u0131m. FET\u00d6\u2019c\u00fc olmad\u0131\u011f\u0131ma ve FET\u00d6 ile m\u00fccadele eden bir rekt\u00f6r oldu\u011fuma dair kan\u0131tlar olmas\u0131na ra\u011fmen 31 Aral\u0131k 2016\u2019da tutukland\u0131m. 2 y\u0131l 6 ay hapis yatt\u0131ktan sonra Yarg\u0131tay karar\u0131 ile tahliye oldum. Bug\u00fcn ger\u00e7ekle\u015ftirilen duru\u015fma sonucu olarak \u00e7ok \u015f\u00fck\u00fcr beraat ederek akland\u0131m. Bu kararla FET\u00d6 m\u00fccadelesini f\u0131rsat, kazan\u00e7 ve \u00e7\u0131kar kap\u0131s\u0131na d\u00f6n\u00fc\u015ft\u00fcren FET\u00d6 art\u0131klar\u0131n\u0131n ve istismarc\u0131lar\u0131n\u0131n oyunu bozulmu\u015f oldu&#8221; \u015feklinde konu\u015ftu.<\/p>\n","protected":false},"excerpt":{"rendered":"<p>FET\u00d6 SORU\u015eTURMASI KAPSAMINDA HAKKINDA 2016 YILINDA SORU\u015eTURMA BA\u015eLATILAN ESK\u0130 U\u015eAK \u00dcN\u0130VERS\u0130TES\u0130 REKT\u00d6R\u00dc SA\u0130T \u00c7EL\u0130K BERAAT ETT\u0130.<\/p>\n","protected":false},"author":1,"featured_media":253618,"comment_status":"closed","ping_status":"open","sticky":false,"template":"","format":"standard","meta":{"jetpack_post_was_ever_published":false,"_jetpack_newsletter_access":"","_jetpack_dont_email_post_to_subs":false,"_jetpack_newsletter_tier_id":0,"_jetpack_memberships_contains_paywalled_content":false,"_jetpack_memberships_contains_paid_content":false,"footnotes":"","jetpack_publicize_message":"","jetpack_publicize_feature_enabled":true,"jetpack_social_post_already_shared":true,"jetpack_social_options":{"image_generator_settings":{"template":"highway","default_image_id":0,"font":"","enabled":false},"version":2}},"categories":[1],"tags":[10485,1542,1980,1123,207,2866,1428,4633,382,911],"class_list":["post-253617","post","type-post","status-publish","format-standard","has-post-thumbnail","hentry","category-genel","tag-beraat","tag-celik","tag-davasinda","tag-eski","tag-etti","tag-feto","tag-rektoru","tag-sait","tag-universitesi","tag-usak"],"jetpack_publicize_connections":[],"jetpack_featured_media_url":"https:\/\/i0.wp.com\/www.tvturk.com\/wp-content\/uploads\/2020\/01\/eski-usak-universitesi-rektoru-sait-celik-feto-davasinda-beraat-etti_e03ca11.jpg?fit=750%2C1000","jetpack_sharing_enabled":true,"jetpack_shortlink":"https:\/\/wp.me\/paKIfm-13YB","_links":{"self":[{"href":"http:\/\/www.tvturk.com\/index.php\/wp-json\/wp\/v2\/posts\/253617","targetHints":{"allow":["GET"]}}],"collection":[{"href":"http:\/\/www.tvturk.com\/index.php\/wp-json\/wp\/v2\/posts"}],"about":[{"href":"http:\/\/www.tvturk.com\/index.php\/wp-json\/wp\/v2\/types\/post"}],"author":[{"embeddable":true,"href":"http:\/\/www.tvturk.com\/index.php\/wp-json\/wp\/v2\/users\/1"}],"replies":[{"embeddable":true,"href":"http:\/\/www.tvturk.com\/index.php\/wp-json\/wp\/v2\/comments?post=253617"}],"version-history":[{"count":0,"href":"http:\/\/www.tvturk.com\/index.php\/wp-json\/wp\/v2\/posts\/253617\/revisions"}],"wp:featuredmedia":[{"embeddable":true,"href":"http:\/\/www.tvturk.com\/index.php\/wp-json\/wp\/v2\/media\/253618"}],"wp:attachment":[{"href":"http:\/\/www.tvturk.com\/index.php\/wp-json\/wp\/v2\/media?parent=253617"}],"wp:term":[{"taxonomy":"category","embeddable":true,"href":"http:\/\/www.tvturk.com\/index.php\/wp-json\/wp\/v2\/categories?post=253617"},{"taxonomy":"post_tag","embeddable":true,"href":"http:\/\/www.tvturk.com\/index.php\/wp-json\/wp\/v2\/tags?post=253617"}],"curies":[{"name":"wp","href":"https:\/\/api.w.org\/{rel}","templated":true}]}}