{"id":253679,"date":"2020-01-09T14:46:10","date_gmt":"2020-01-09T11:46:10","guid":{"rendered":"http:\/\/www.tvturk.com\/index.php\/ukrayna-ucagimizi-rus-fuzesi-dusurmus-olabilir\/"},"modified":"2020-01-09T14:46:10","modified_gmt":"2020-01-09T11:46:10","slug":"ukrayna-ucagimizi-rus-fuzesi-dusurmus-olabilir","status":"publish","type":"post","link":"http:\/\/www.tvturk.com\/index.php\/ukrayna-ucagimizi-rus-fuzesi-dusurmus-olabilir\/","title":{"rendered":"Ukrayna: \u201cU\u00e7a\u011f\u0131m\u0131z\u0131 Rus f\u00fczesi d\u00fc\u015f\u00fcrm\u00fc\u015f olabilir\u201d"},"content":{"rendered":"<p>Ukrayna makamlar\u0131nca yap\u0131lan a\u00e7\u0131klamada, \u0130ran\u2019da d\u00fc\u015fen yolcu u\u00e7a\u011f\u0131n\u0131n Rus f\u00fczesi taraf\u0131ndan d\u00fc\u015f\u00fcr\u00fclm\u00fc\u015f olabilme ihtimali \u00fczerinde durduklar\u0131 ifade edildi.<\/p>\n<p>Ukrayna, \u0130ran\u2019da d\u00fc\u015fen yolcu u\u00e7a\u011f\u0131n\u0131n Rus f\u00fczesi ile d\u00fc\u015f\u00fcr\u00fclm\u00fc\u015f olabilece\u011fi ihtimali \u00fczerinde duruyor. Konuya ili\u015fkin a\u00e7\u0131klama, Ukrayna Milli G\u00fcvenlik ve Savunma Konseyi Sekreteri Aleksey Danilov taraf\u0131ndan yap\u0131ld\u0131. Danilov, &#8220;\u0130ran\u2019da d\u00fc\u015fen yolcu u\u00e7a\u011f\u0131m\u0131zla ilgili ara\u015ft\u0131r\u0131lan senaryolar aras\u0131nda, u\u00e7a\u011f\u0131m\u0131z\u0131n Rus yap\u0131m\u0131 ZRK \u2018Top\u2019 cinsindeki bir roketle d\u00fc\u015f\u00fcr\u00fclme ihtimali de var. U\u00e7ak enkaz\u0131na yak\u0131n bir yerde bu f\u00fczenin par\u00e7alar\u0131na ula\u015f\u0131ld\u0131 ve bunu herkes \u015fu an biliyor. \u0130ran Uluslararas\u0131 Sivil Havac\u0131l\u0131k \u00d6rg\u00fct\u00fc de ara\u015ft\u0131rma \u00e7al\u0131\u015fmalar\u0131nda g\u00f6rev al\u0131yor. U\u00e7a\u011f\u0131n motoruna bir isabet oldu\u011fu konusunu de\u011ferlendiriyoruz ve u\u00e7ak bir insans\u0131z hava arac\u0131 ile de \u00e7arp\u0131\u015fm\u0131\u015f olabilir. B\u00f6yle bir durumda bu ter\u00f6r eylemi sonucunda u\u00e7a\u011f\u0131n i\u00e7inde patlama meydana gelmi\u015f oldu. 2014 y\u0131l\u0131nda Rusya taraf\u0131ndan d\u00fc\u015f\u00fcr\u00fclen Malezya u\u00e7a\u011f\u0131na ili\u015fkin olu\u015fturulan ara\u015ft\u0131rma komisyonunda g\u00f6revli ki\u015filerde bizim ara\u015ft\u0131rma heyetimizin i\u00e7erisindeler. Bildi\u011finiz \u00fczere Rus f\u00fczesi \u2018Buk\u2019 ile d\u00fc\u015f\u00fcr\u00fclm\u00fc\u015ft\u00fc Malezya yolcu u\u00e7a\u011f\u0131\u201d \u015feklinde konu\u015ftu.<\/p>\n<p>Ya\u015fanan bu talihsiz olay sonucunda Ukrayna\u2019da 9 Ocak Ulusal Yas G\u00fcn\u00fc ilan edildi. \u00d6lenlerin an\u0131s\u0131na Borispol Havaalan\u0131\u2019nda olu\u015fturulan anma yerine, Ukrayna Devlet Ba\u015fkan\u0131 Vladimir Zelenskiy de gelerek \u00e7i\u00e7ek b\u0131rakt\u0131 ve \u00f6lenlerin yak\u0131nlar\u0131na tekrar ba\u015fsa\u011fl\u0131\u011f\u0131 diledi.<\/p>\n","protected":false},"excerpt":{"rendered":"<p>UKRAYNA MAKAMLARINCA YAPILAN A\u00c7IKLAMADA, \u0130RAN\u2019DA D\u00dc\u015eEN YOLCU U\u00c7A\u011eININ RUS F\u00dcZES\u0130 TARAFINDAN D\u00dc\u015e\u00dcR\u00dcLM\u00dc\u015e OLAB\u0130LME \u0130HT\u0130MAL\u0130 \u00dcZER\u0130NDE DURDUKLARI \u0130FADE ED\u0130LD\u0130.<\/p>\n","protected":false},"author":1,"featured_media":253680,"comment_status":"closed","ping_status":"open","sticky":false,"template":"","format":"standard","meta":{"jetpack_post_was_ever_published":false,"_jetpack_newsletter_access":"","_jetpack_dont_email_post_to_subs":false,"_jetpack_newsletter_tier_id":0,"_jetpack_memberships_contains_paywalled_content":false,"_jetpack_memberships_contains_paid_content":false,"footnotes":"","jetpack_publicize_message":"","jetpack_publicize_feature_enabled":true,"jetpack_social_post_already_shared":true,"jetpack_social_options":{"image_generator_settings":{"template":"highway","default_image_id":0,"font":"","enabled":false},"version":2}},"categories":[10],"tags":[2937,62754,27797,5897,22171,2936],"class_list":["post-253679","post","type-post","status-publish","format-standard","has-post-thumbnail","hentry","category-dunya","tag-rus","tag-dusurmus","tag-fuzesi","tag-olabilir","tag-ucagimizi","tag-ukrayna"],"jetpack_publicize_connections":[],"jetpack_featured_media_url":"https:\/\/i0.wp.com\/www.tvturk.com\/wp-content\/uploads\/2020\/01\/ukrayna-ucagimizi-rus-fuzesi-dusurmus-olabilir_29696f7.jpg?fit=1000%2C562","jetpack_sharing_enabled":true,"jetpack_shortlink":"https:\/\/wp.me\/paKIfm-13ZB","_links":{"self":[{"href":"http:\/\/www.tvturk.com\/index.php\/wp-json\/wp\/v2\/posts\/253679","targetHints":{"allow":["GET"]}}],"collection":[{"href":"http:\/\/www.tvturk.com\/index.php\/wp-json\/wp\/v2\/posts"}],"about":[{"href":"http:\/\/www.tvturk.com\/index.php\/wp-json\/wp\/v2\/types\/post"}],"author":[{"embeddable":true,"href":"http:\/\/www.tvturk.com\/index.php\/wp-json\/wp\/v2\/users\/1"}],"replies":[{"embeddable":true,"href":"http:\/\/www.tvturk.com\/index.php\/wp-json\/wp\/v2\/comments?post=253679"}],"version-history":[{"count":0,"href":"http:\/\/www.tvturk.com\/index.php\/wp-json\/wp\/v2\/posts\/253679\/revisions"}],"wp:featuredmedia":[{"embeddable":true,"href":"http:\/\/www.tvturk.com\/index.php\/wp-json\/wp\/v2\/media\/253680"}],"wp:attachment":[{"href":"http:\/\/www.tvturk.com\/index.php\/wp-json\/wp\/v2\/media?parent=253679"}],"wp:term":[{"taxonomy":"category","embeddable":true,"href":"http:\/\/www.tvturk.com\/index.php\/wp-json\/wp\/v2\/categories?post=253679"},{"taxonomy":"post_tag","embeddable":true,"href":"http:\/\/www.tvturk.com\/index.php\/wp-json\/wp\/v2\/tags?post=253679"}],"curies":[{"name":"wp","href":"https:\/\/api.w.org\/{rel}","templated":true}]}}