{"id":253703,"date":"2020-01-09T15:02:23","date_gmt":"2020-01-09T12:02:23","guid":{"rendered":"http:\/\/www.tvturk.com\/index.php\/genc-avukat-son-yolculuguna-ugurlandi\/"},"modified":"2020-01-09T15:02:23","modified_gmt":"2020-01-09T12:02:23","slug":"genc-avukat-son-yolculuguna-ugurlandi","status":"publish","type":"post","link":"http:\/\/www.tvturk.com\/index.php\/genc-avukat-son-yolculuguna-ugurlandi\/","title":{"rendered":"Gen\u00e7 avukat son yolculu\u011funa u\u011furland\u0131"},"content":{"rendered":"<p>Eski\u015fehir-Seyitgazi karayolunda d\u00fcn meydana gelen trafik kazas\u0131 sonucu hayat\u0131n\u0131 kaybeden gen\u00e7 avukat Cemre Parmaks\u0131z son yolculu\u011funa u\u011furland\u0131. Gen\u00e7 avukat\u0131n ge\u00e7en sene bug\u00fcn mazbatas\u0131n\u0131 ald\u0131\u011f\u0131 \u00f6\u011frenilirken, sosyal medyada yapt\u0131\u011f\u0131 &#8220;2020 benim y\u0131l\u0131m olacak biliyorsunuz&#8221; payla\u015f\u0131m\u0131 ise y\u00fcrekleri da\u011flad\u0131.<\/p>\n<p>Kaza d\u00fcn Eski\u015fehir &#8211; Seyitgazi yolunda meydana geldi. Enes Duman idaresindeki 26 FF 528 plakal\u0131 otomobil, kar ya\u011f\u0131\u015f\u0131 sebebiyle direksiyon h\u00e2kimiyetini kaybederek 26 E 2804 plakal\u0131 Mesut K. idaresindeki belediye yolcu otob\u00fcs\u00fcne \u00e7arpt\u0131. Kaza sonras\u0131nda yaral\u0131lar Eski\u015fehir Osmangazi \u00dcniversitesi Hastanesi\u2019ne kald\u0131r\u0131ld\u0131. Enes Duman ve ara\u00e7ta bulunan Eski\u015fehir Barosuna kay\u0131tl\u0131 gen\u00e7 ve ba\u015far\u0131l\u0131 avukatlardan Cemre Parmaks\u0131z hayat\u0131n\u0131 kaybetti. Bug\u00fcn Bilecik\u2019in Boz\u00fcy\u00fck il\u00e7esinde bulunan Kumral Abdal Camii\u2019ne getirilen gen\u00e7 avukat\u0131n cenazesi, \u00f6\u011fle namaz\u0131na m\u00fcteakip k\u0131l\u0131nan cenaze namaz\u0131 ile defnedilmek \u00fczere Boz\u00fcy\u00fck Mezarl\u0131\u011f\u0131\u2019na g\u00f6t\u00fcr\u00fcld\u00fc. Cenazeye; T\u00fcrkiye Barolar Birli\u011fi Ba\u015fkan\u0131 Metin Feyzio\u011flu, Bilecik Barosu Ba\u015fkan\u0131 Halime Aynur, Eski\u015fehir Barosu Ba\u015fkan\u0131, Av. Mustafa Elag\u00f6z, baba Salim Parmaks\u0131z, avukat arkada\u015flar\u0131, akrabalar\u0131 ve yak\u0131nlar\u0131 kat\u0131ld\u0131.<\/p>\n<p>K\u0131z\u0131n\u0131n resmini \u00f6perek u\u011furlad\u0131<\/p>\n<p>Gen\u00e7 avukat\u0131n cenazesi, Kumral Abdal Camii\u2019nde k\u0131l\u0131nan cenaze namaz\u0131ndan sonra araca y\u00fcklenirken, baban\u0131n k\u0131z\u0131n\u0131n foto\u011fraf\u0131n\u0131 \u00f6perek u\u011furlamas\u0131 y\u00fcrekleri da\u011flad\u0131. Son kez k\u0131z\u0131n\u0131n cenazesine bakan baba, k\u0131l\u0131nan namazda g\u00f6zya\u015flar\u0131na hakim olamad\u0131<\/p>\n<p>Sosyal medyada yapt\u0131\u011f\u0131 payla\u015f\u0131m y\u00fcrekleri da\u011flad\u0131<\/p>\n<p>Avukat Cemre Parmaks\u0131z\u2019\u0131n ge\u00e7ti\u011fimiz g\u00fcnlerde sosyal medyada yapm\u0131\u015f oldu\u011fu foto\u011fraf payla\u015f\u0131m ise y\u00fcrekleri da\u011flad\u0131. Gen\u00e7 avukat, y\u0131lba\u015f\u0131 sonras\u0131nda &#8220;Biliyorsunuz 2020 benim y\u0131l\u0131m olacak&#8221; yaz\u0131l\u0131 foto\u011fraf ise g\u00f6renlerin \u00fcz\u00fcnt\u00fclerinin artmas\u0131na sebep oldu.<\/p>\n<p>&#8220;Yeminini tam ge\u00e7en y\u0131l bug\u00fcn etmi\u015fti&#8221;<\/p>\n<p>Cenazeye kat\u0131lan TBB Metin Feyzio\u011flu, gen\u00e7 avukat\u0131n am bir y\u0131l \u00f6nce mazbatas\u0131n\u0131 ald\u0131\u011f\u0131n\u0131 ifade ederek, &#8220;Allah ailesine sab\u0131rlar versin. Bug\u00fcn avukatl\u0131\u011f\u0131n 1. y\u0131l\u0131n\u0131 tamamlad\u0131\u011f\u0131 g\u00fcnd\u00fc. Yeminini tam ge\u00e7en y\u0131l bug\u00fcn etmi\u015fti. On binlerce ruhsat imzal\u0131yorum. \u0130mzalarken foto\u011fraf\u0131na bakt\u0131\u011f\u0131m, Allah yolunu a\u00e7\u0131k etsin dedi\u011fim bir evlat. Foto\u011fraf\u0131n\u0131 g\u00f6r\u00fcnce ruhsat\u0131n\u0131 imzalad\u0131\u011f\u0131m\u0131 hat\u0131rlad\u0131m. O kadar \u00fczg\u00fcn\u00fcm ki diyecek s\u00f6z bulam\u0131yorum. Daha 25 ya\u015f\u0131nda bir ailenin bir tanecik evlad\u0131. Bu ac\u0131n\u0131n tarifi yok. Sab\u0131rlar diliyorum annesine babas\u0131na. Onlar i\u00e7in zaman durdu. Ne diyebilirim ki. Allah sab\u0131rlar versin. 1 y\u0131ld\u0131r gayet g\u00fczel ve yo\u011fun bir avukatl\u0131k yap\u0131yordu. Kader diyece\u011fiz ama trafik kazalar\u0131nda kaybetmek ne kadar kader deyip ge\u00e7i\u015ftirebilece\u011fimiz bir \u015fey de\u011fil mi. Ac\u0131m\u0131z ger\u00e7ekten \u00e7ok b\u00fcy\u00fck&#8221; dedi.<\/p>\n<p>&#8220;T\u00fcm hukuk camias\u0131n\u0131n ba\u015f\u0131 sa\u011f olsun&#8221;<\/p>\n<p>Eski\u015fehir Baro Ba\u015fkan\u0131 Mustafa Elag\u00f6z ise, t\u00fcm hukuk camias\u0131na ba\u015fsa\u011fl\u0131\u011f\u0131 dileyerek, &#8220;D\u00fcn sabah haber ald\u0131k. \u0130lk haber alanlardan birisi benim. Aileye ve babas\u0131na ula\u015ft\u0131m. S\u00f6yleyemedim tabii. S\u00f6yleyecek bir \u015fey yok. Allah kimsenin ba\u015f\u0131na vermesin. Son s\u00fcre\u00e7te aile ile beraberdik. Ailenin tek evlad\u0131. Konu\u015fmakta bile zorlan\u0131yoruz. Ne diyelim, 25 ya\u015f\u0131nda bir meslekta\u015f\u0131m. Ruhsat\u0131n\u0131 da ben takdim etmi\u015ftim. Bug\u00fcn daha birinci y\u0131l\u0131. Ba\u015far\u0131l\u0131 bir meslekta\u015f\u0131m\u0131zd\u0131. Baromuzun gen\u00e7lik meclisinde aktif g\u00f6rev alan bir arkada\u015f\u0131m\u0131zd\u0131. Sevdi\u011fimiz \u00e7ok han\u0131m bir avukat\u0131m\u0131zd\u0131. S\u00f6zler kifayetsiz kal\u0131yor. B\u00f6yle durumlarda ne s\u00f6yleyece\u011fimizi emin olun bilemiyoruz. T\u00fcm hukuk camias\u0131n\u0131n ba\u015f\u0131 sa\u011f olsun&#8221; diye konu\u015ftu.<\/p>\n","protected":false},"excerpt":{"rendered":"<p>TAM B\u0130R YIL \u00d6NCE MAZBATASINI ALAN GEN\u00c7 AVUKAT SON YOLCULU\u011eUNA U\u011eURLANDI<\/p>\n","protected":false},"author":1,"featured_media":253704,"comment_status":"closed","ping_status":"open","sticky":false,"template":"","format":"standard","meta":{"jetpack_post_was_ever_published":false,"_jetpack_newsletter_access":"","_jetpack_dont_email_post_to_subs":false,"_jetpack_newsletter_tier_id":0,"_jetpack_memberships_contains_paywalled_content":false,"_jetpack_memberships_contains_paid_content":false,"footnotes":"","jetpack_publicize_message":"","jetpack_publicize_feature_enabled":true,"jetpack_social_post_already_shared":true,"jetpack_social_options":{"image_generator_settings":{"template":"highway","default_image_id":0,"font":"","enabled":false},"version":2}},"categories":[1],"tags":[16236,803,1240,2516,2515],"class_list":["post-253703","post","type-post","status-publish","format-standard","has-post-thumbnail","hentry","category-genel","tag-avukat","tag-genc","tag-son","tag-ugurlandi","tag-yolculuguna"],"jetpack_publicize_connections":[],"jetpack_featured_media_url":"https:\/\/i0.wp.com\/www.tvturk.com\/wp-content\/uploads\/2020\/01\/genc-avukat-son-yolculuguna-ugurlandi_3825e8f.jpg?fit=1000%2C562","jetpack_sharing_enabled":true,"jetpack_shortlink":"https:\/\/wp.me\/paKIfm-13ZZ","_links":{"self":[{"href":"http:\/\/www.tvturk.com\/index.php\/wp-json\/wp\/v2\/posts\/253703","targetHints":{"allow":["GET"]}}],"collection":[{"href":"http:\/\/www.tvturk.com\/index.php\/wp-json\/wp\/v2\/posts"}],"about":[{"href":"http:\/\/www.tvturk.com\/index.php\/wp-json\/wp\/v2\/types\/post"}],"author":[{"embeddable":true,"href":"http:\/\/www.tvturk.com\/index.php\/wp-json\/wp\/v2\/users\/1"}],"replies":[{"embeddable":true,"href":"http:\/\/www.tvturk.com\/index.php\/wp-json\/wp\/v2\/comments?post=253703"}],"version-history":[{"count":0,"href":"http:\/\/www.tvturk.com\/index.php\/wp-json\/wp\/v2\/posts\/253703\/revisions"}],"wp:featuredmedia":[{"embeddable":true,"href":"http:\/\/www.tvturk.com\/index.php\/wp-json\/wp\/v2\/media\/253704"}],"wp:attachment":[{"href":"http:\/\/www.tvturk.com\/index.php\/wp-json\/wp\/v2\/media?parent=253703"}],"wp:term":[{"taxonomy":"category","embeddable":true,"href":"http:\/\/www.tvturk.com\/index.php\/wp-json\/wp\/v2\/categories?post=253703"},{"taxonomy":"post_tag","embeddable":true,"href":"http:\/\/www.tvturk.com\/index.php\/wp-json\/wp\/v2\/tags?post=253703"}],"curies":[{"name":"wp","href":"https:\/\/api.w.org\/{rel}","templated":true}]}}