{"id":253717,"date":"2020-01-09T15:32:10","date_gmt":"2020-01-09T12:32:10","guid":{"rendered":"http:\/\/www.tvturk.com\/index.php\/ataturkun-sohbet-ettigi-o-kucuk-kiz-90-yasinda-hayatini-kaybetti\/"},"modified":"2020-01-09T15:32:10","modified_gmt":"2020-01-09T12:32:10","slug":"ataturkun-sohbet-ettigi-o-kucuk-kiz-90-yasinda-hayatini-kaybetti","status":"publish","type":"post","link":"http:\/\/www.tvturk.com\/index.php\/ataturkun-sohbet-ettigi-o-kucuk-kiz-90-yasinda-hayatini-kaybetti\/","title":{"rendered":"Atat\u00fcrk\u2019\u00fcn sohbet etti\u011fi o k\u00fc\u00e7\u00fck k\u0131z, 90 ya\u015f\u0131nda hayat\u0131n\u0131 kaybetti"},"content":{"rendered":"<p>Atat\u00fcrk\u2019\u00fcn 1937 y\u0131l\u0131nda Elaz\u0131\u011f ziyareti s\u0131ras\u0131nda kendisini kar\u015f\u0131layanlar aras\u0131nda g\u00f6r\u00fcp konu\u015ftu\u011fu ve para verdi\u011fi k\u00fc\u00e7\u00fck k\u0131z, 90 ya\u015f\u0131nda hayat\u0131n\u0131 kaybetti.<\/p>\n<p>17 Kas\u0131m 1937 tarihinde Elaz\u0131\u011f\u2019\u0131 ziyaret eden Gazi Mustafa Kemal Atat\u00fcrk,  kendisini kar\u015f\u0131layanlar aras\u0131nda g\u00f6rd\u00fc\u011f\u00fc sohbet edip, para verdi\u011fi o tarihte 7 ya\u015f\u0131nda olan Fatma Topal , 90 ya\u015f\u0131nda rahats\u0131zl\u0131\u011f\u0131 nedeniyle hayat\u0131n\u0131 kaybetti. 4 \u00e7ocu\u011fu ve 10 torunu bulunan F\u0131rat Havzas\u0131 Gazeteciler Cemiyeti (FGHC) kurucu Ba\u015fkan\u0131 Gazeteci Mehmet Topal\u2019\u0131n da annesi olan Fatma nine i\u00e7in bug\u00fcn B\u00f6lge Camii\u2019nde cenaze namaz\u0131 k\u0131l\u0131nd\u0131. Cenaze namaz\u0131na,Topal\u2019\u0131n \u00e7ocuklar\u0131, torunlar\u0131, yak\u0131nlar\u0131, gazeteciler ve \u00e7ok say\u0131da vatanda\u015f kat\u0131ld\u0131. Cenaze namaz\u0131 k\u0131l\u0131n\u0131p dua edilmesinin ard\u0131ndan Fatma Nine\u2019nin naa\u015f\u0131  aile kabristanl\u0131\u011f\u0131n\u0131n bulundu\u011fu Asri Mezarl\u0131\u011f\u0131nda topra\u011fa verildi.<\/p>\n<p>Atat\u00fcrk ile an\u0131s\u0131n\u0131 anlatm\u0131\u015ft\u0131<\/p>\n<p>Atat\u00fcrk\u2019le kar\u015f\u0131lamas\u0131n\u0131 \u00f6lmeden bir s\u00fcre \u00f6nce anlatan Fatma Topal, &#8220;Atat\u00fcrk, Elaz\u0131\u011f\u2019a trenle geldi. Biz de istasyonda onu kar\u015f\u0131lamaya gittik. Atat\u00fcrk, trenden inerken tam \u00f6n\u00fcm\u00fcze indi. Beni \u00f6pt\u00fc ve bana bir \u015feyler sordu. Atat\u00fcrk, ye\u015fil g\u00f6zl\u00fc ve boylu poslu uzun biriydi. \u00c7ok iyimser bir adamd\u0131. Atat\u00fcrk, vefat edince tabi ki de duygulan\u0131r insan. Babam askerdeyken o gelmi\u015fti ve beni \u00f6pt\u00fc ve para verdi. \u00dcz\u00fcld\u00fck, b\u00fcy\u00fck bir adamd\u0131. Geldi\u011fi g\u00fcn de \u00fczerinde tak\u0131m elbise ve aya\u011f\u0131nda da kunduras\u0131 vard\u0131\u201d demi\u015fti.<\/p>\n","protected":false},"excerpt":{"rendered":"<p>GAZ\u0130 MUSTAFA KEMAL ATAT\u00dcRK&#8217;\u00dc, 17 KASIM 1937 TAR\u0130H\u0130NDE ELAZI\u011e Z\u0130YARET\u0130 SIRASINDA G\u00d6R\u00dcP SOHBET ETME \u0130MKANI BULAN FATMA TOPAL, 90 YA\u015eINDA HAYATINI KAYBETT\u0130.<\/p>\n","protected":false},"author":1,"featured_media":253718,"comment_status":"closed","ping_status":"open","sticky":false,"template":"","format":"standard","meta":{"jetpack_post_was_ever_published":false,"_jetpack_newsletter_access":"","_jetpack_dont_email_post_to_subs":false,"_jetpack_newsletter_tier_id":0,"_jetpack_memberships_contains_paywalled_content":false,"_jetpack_memberships_contains_paid_content":false,"footnotes":"","jetpack_publicize_message":"","jetpack_publicize_feature_enabled":true,"jetpack_social_post_already_shared":true,"jetpack_social_options":{"image_generator_settings":{"template":"highway","default_image_id":0,"font":"","enabled":false},"version":2}},"categories":[1],"tags":[2818,965,848,849,4200,1166,18303,2487],"class_list":["post-253717","post","type-post","status-publish","format-standard","has-post-thumbnail","hentry","category-genel","tag-ataturkun","tag-ettigi","tag-hayatini","tag-kaybetti","tag-kiz","tag-kucuk","tag-sohbet","tag-yasinda"],"jetpack_publicize_connections":[],"jetpack_featured_media_url":"https:\/\/i0.wp.com\/www.tvturk.com\/wp-content\/uploads\/2020\/01\/ataturkun-sohbet-ettigi-o-kucuk-kiz-90-yasinda-hayatini-kaybetti_1d7f5a6.jpg?fit=1000%2C666","jetpack_sharing_enabled":true,"jetpack_shortlink":"https:\/\/wp.me\/paKIfm-140d","_links":{"self":[{"href":"http:\/\/www.tvturk.com\/index.php\/wp-json\/wp\/v2\/posts\/253717","targetHints":{"allow":["GET"]}}],"collection":[{"href":"http:\/\/www.tvturk.com\/index.php\/wp-json\/wp\/v2\/posts"}],"about":[{"href":"http:\/\/www.tvturk.com\/index.php\/wp-json\/wp\/v2\/types\/post"}],"author":[{"embeddable":true,"href":"http:\/\/www.tvturk.com\/index.php\/wp-json\/wp\/v2\/users\/1"}],"replies":[{"embeddable":true,"href":"http:\/\/www.tvturk.com\/index.php\/wp-json\/wp\/v2\/comments?post=253717"}],"version-history":[{"count":0,"href":"http:\/\/www.tvturk.com\/index.php\/wp-json\/wp\/v2\/posts\/253717\/revisions"}],"wp:featuredmedia":[{"embeddable":true,"href":"http:\/\/www.tvturk.com\/index.php\/wp-json\/wp\/v2\/media\/253718"}],"wp:attachment":[{"href":"http:\/\/www.tvturk.com\/index.php\/wp-json\/wp\/v2\/media?parent=253717"}],"wp:term":[{"taxonomy":"category","embeddable":true,"href":"http:\/\/www.tvturk.com\/index.php\/wp-json\/wp\/v2\/categories?post=253717"},{"taxonomy":"post_tag","embeddable":true,"href":"http:\/\/www.tvturk.com\/index.php\/wp-json\/wp\/v2\/tags?post=253717"}],"curies":[{"name":"wp","href":"https:\/\/api.w.org\/{rel}","templated":true}]}}