{"id":253775,"date":"2020-01-09T17:03:12","date_gmt":"2020-01-09T14:03:12","guid":{"rendered":"http:\/\/www.tvturk.com\/index.php\/ertugrul-saglam-sezonu-kayipsiz-tamamlarsak-sampiyonluga-ulasiriz\/"},"modified":"2020-01-09T17:03:12","modified_gmt":"2020-01-09T14:03:12","slug":"ertugrul-saglam-sezonu-kayipsiz-tamamlarsak-sampiyonluga-ulasiriz","status":"publish","type":"post","link":"http:\/\/www.tvturk.com\/index.php\/ertugrul-saglam-sezonu-kayipsiz-tamamlarsak-sampiyonluga-ulasiriz\/","title":{"rendered":"Ertu\u011frul Sa\u011flam: &#8220;Sezonu kay\u0131ps\u0131z tamamlarsak \u015fampiyonlu\u011fa ula\u015f\u0131r\u0131z&#8221;"},"content":{"rendered":"<p>Samsunspor Teknik Direkt\u00f6r\u00fc Ertu\u011frul Sa\u011flam, ligin ikinci yar\u0131s\u0131 \u00f6ncesi yapt\u0131\u011f\u0131 de\u011ferlendirmede, &#8220;Geldi\u011fimizde liderle 6 puan fark vard\u0131. Bu fark ciddi bir dezavantaj olarak g\u00f6r\u00fcl\u00fcyordu. \u015eimdi \u015f\u00f6yle bir durum ortaya \u00e7\u0131kt\u0131. Sezonu kay\u0131ps\u0131z tamamlarsak \u015fampiyonlu\u011fa ula\u015f\u0131r\u0131z. En az hata yapan\u0131n hedefe ula\u015faca\u011f\u0131 bir lig oynayaca\u011f\u0131z\u201d dedi.<\/p>\n<p>Samsunspor Teknik Direkt\u00f6r\u00fc Ertu\u011frul Sa\u011flam, Nuri Asan Tesisleri\u2019nde d\u00fczenledi\u011fi bas\u0131n toplant\u0131s\u0131nda hem kamp d\u00f6nemini hem de ligin ikinci yar\u0131s\u0131n\u0131 de\u011ferlendirdi. Devre aras\u0131 kamp d\u00f6nemini de\u011ferlendirerek s\u00f6ze ba\u015flayan Sa\u011flam, \u201cBa\u015f\u0131ndan sonuna kadar verimli \u00e7ok keyifli g\u00fczel bir kamp d\u00f6nemi ge\u00e7irdi\u011fimizi s\u00f6yleyebiliriz. Beklentimin \u00fczerinde bir uyum s\u00fcreci ya\u015fad\u0131lar ve performanslar\u0131yla bizi mutlu ettiler\u201d \u015feklinde konu\u015ftu. Ara transferle ilgili \u00e7al\u0131\u015fmalar\u0131nda devam etti\u011fini ve \u00e7ok se\u00e7ici davrand\u0131klar\u0131n\u0131 belirten Ertu\u011frul Sa\u011flam, gelecek haftay\u0131 i\u015faret ederek 2 veya 3 futbolcuyu kadroya katmay\u0131 hedeflediklerini belirtti.<\/p>\n<p>12 Ocak Pazar g\u00fcn\u00fc yap\u0131lacak G\u00fcm\u00fc\u015fhanespor kar\u015f\u0131la\u015fmas\u0131na de\u011finen Sa\u011flam, \u201cKazanmak tabii ki bizim i\u00e7in \u00f6nemli ama sadece kazanman\u0131n yeterli olmayaca\u011f\u0131 bir ma\u00e7 oynayaca\u011f\u0131z. Otaya koyaca\u011f\u0131m\u0131z m\u00fccadele anlay\u0131\u015f, futbol kalitesi ve alaca\u011f\u0131m\u0131z skor bundan sonraki haftalar\u0131 da \u00e7ok olumlu bir \u015fekilde destekleyecek bir ma\u00e7 oynayaca\u011f\u0131z. O y\u00fczden bu ma\u00e7 bizim i\u00e7in \u00f6nemli. Yal\u00e7\u0131n\u2019\u0131n bir sakatl\u0131\u011f\u0131 var. O bizimle olamayacak. Bunun d\u0131\u015f\u0131nda kadro i\u00e7erisine herhangi bir eksi\u011fimiz yok. \u0130n\u015fallah ma\u00e7a kadar herhangi bir s\u0131k\u0131nt\u0131 ya\u015famadan istedi\u011fimiz kurgu ve ma\u00e7 kadrosu ile haz\u0131rlanabilece\u011fimizi d\u00fc\u015f\u00fcn\u00fcyorum\u201d diye konu\u015ftu.<\/p>\n<p>Pazar g\u00fcnk\u00fc ma\u00e7 i\u00e7in taraftarlara seslenen Sa\u011flam, \u201cPazar g\u00fcn\u00fc o statta \u015fampiyonlu\u011fu sonuna kadar isteyen bir g\u00f6r\u00fcnt\u00fcy\u00fc taraftar\u0131m\u0131zla ortaya koymam\u0131z gerekiyor. Taraftar\u0131m\u0131z\u0131 biz orada tak\u0131m\u0131m\u0131z\u0131n yan\u0131nda ba\u015flang\u0131\u00e7tan biti\u015f d\u00fcd\u00fc\u011f\u00fcne kadar tak\u0131m\u0131na destek veren, katk\u0131 sunan bir g\u00f6r\u00fcnt\u00fc i\u00e7inde g\u00f6rmek istiyoruz\u201d s\u00f6zleriyle \u00e7a\u011fr\u0131 yapt\u0131.<\/p>\n<p>&#8220;Biz kay\u0131ps\u0131z sezonu tamamlarsak \u015fampiyonlu\u011fa ula\u015faca\u011f\u0131z&#8221;<\/p>\n<p>Ligdeki liderlik m\u00fccadelesine ili\u015fkin tak\u0131m\u0131 devralmas\u0131ndan itibaren daha olumlu bir duruma gelindi\u011fini belirten Teknik Direkt\u00f6r Sa\u011flam, \u201cGeldi\u011fimizde liderle 6 puan fark vard\u0131. Bu fark ciddi bir dezavantaj olarak g\u00f6r\u00fcl\u00fcyordu. \u015eimdi \u015f\u00f6yle bir durum ortaya \u00e7\u0131kt\u0131. Biz kay\u0131ps\u0131z sezonu tamamlarsak \u015fampiyonlu\u011fa ula\u015faca\u011f\u0131z. En az hata yapan\u0131n hedefe ula\u015faca\u011f\u0131 bir lig oynayaca\u011f\u0131z. Herkes kaybetmeyip Manisa B\u00fcy\u00fck\u015fehir Belediyesi Spor Kul\u00fcb\u00fc ile biz ma\u00e7a \u00e7\u0131kt\u0131\u011f\u0131m\u0131zda o g\u00fcn art\u0131k ma\u00e7\u0131 kazand\u0131\u011f\u0131m\u0131zda rakibimizin \u00f6n\u00fcne ge\u00e7ebilece\u011fimiz bir ortam var. Bu bizim i\u00e7in ilk geldi\u011fimiz g\u00fcne nazaran daha olumlu bir pozisyon. Bu sebepten dolay\u0131 rakibimizin \u00fczerinde de b\u00fcy\u00fck bir bask\u0131 var. Biz in\u015fallah bir an \u00f6nce \u00f6ne ge\u00e7ip \u00f6ndeki pozisyonumuzu da koruyarak sezonu tamamlamak istiyoruz\u201d ifadelerini kulland\u0131.<\/p>\n<p>&#8220;Samsunspor\u2019un hedefleri do\u011frultusunda g\u00fczel bir altyap\u0131 tesisine kavu\u015fma zorunlulu\u011fu var&#8221;<\/p>\n<p>Ertu\u011frul Sa\u011flam, \u015fampiyonlu\u011fun yan\u0131 s\u0131ra bir di\u011fer amac\u0131n\u0131n altyap\u0131dan A Tak\u0131m\u2019a oyuncular kazand\u0131rmak oldu\u011funu belirtti. Bu yolda yap\u0131lan altyap\u0131 tesisi \u00e7al\u0131\u015fmas\u0131 ile ilgili ise Sa\u011flam, \u201c\u0130lgililerle bu konuyu g\u00f6r\u00fc\u015ft\u00fck. \u0130n\u015fallah o projenin de bir an \u00f6nce prosed\u00fcrlerinin bitip art\u0131k in\u015faat\u0131n ba\u015flanmas\u0131 ve Samsunspor\u2019un kendi hedefleri do\u011frultusunda \u00e7ok g\u00fczel bir altyap\u0131 tesisine kavu\u015fma zorunlulu\u011fu var. Biz hep diyoruz 4-5 tane futbolcuyu A Tak\u0131m\u2019a kazand\u0131raca\u011f\u0131z diye ama bunun altyap\u0131s\u0131n\u0131 haz\u0131rlamadan o futbolcular\u0131 yukar\u0131ya \u00e7\u0131karmakta biraz hayal gibi g\u00f6z\u00fck\u00fcyor\u201d a\u00e7\u0131klamas\u0131nda bulundu.<\/p>\n<p>&#8220;D\u0131\u015far\u0131dan getirmeye mecbur kal\u0131yoruz&#8221;<\/p>\n<p>Teknik Direkt\u00f6r Ertu\u011frul Sa\u011flam, T\u00fcrk futbolunda tart\u0131\u015f\u0131lan yabanc\u0131 futbolcu sorunu ile ilgili ise \u015funlar\u0131 s\u00f6yledi:<\/p>\n<p>\u201c\u00dclke futbolunda hep yabanc\u0131 futbolcu fazlal\u0131\u011f\u0131ndan bahsediyoruz ama bug\u00fcn biz altyap\u0131dan o \u00e7ocuklara yeterli imkanlar\u0131 sa\u011flayabilsek ve yeterli say\u0131da futbolcuyu kaliteli bir \u015fekilde yeti\u015ftirebilsek, hi\u00e7bir kul\u00fcp yabanc\u0131 futbolcu almak ister mi? Ama yok i\u015fte geli\u015ftirmiyoruz yeti\u015ftirmiyoruz. D\u0131\u015far\u0131dan getirmeye mecbur kal\u0131yoruz. O y\u00fczden hem Samsunspor\u2019un hem T\u00fcrk futbolunun kurtulu\u015fu buradan ge\u00e7iyor. Yat\u0131r\u0131m yap\u0131p da orada gerekli hamleleri yapan her tak\u0131m A Tak\u0131m\u2019a iyi veya k\u00f6t\u00fc oyuncu \u00e7\u0131kar\u0131yor.\u201d<\/p>\n","protected":false},"excerpt":{"rendered":"<p>ERTU\u011eRUL SA\u011eLAM<\/p>\n","protected":false},"author":1,"featured_media":253776,"comment_status":"closed","ping_status":"open","sticky":false,"template":"","format":"standard","meta":{"jetpack_post_was_ever_published":false,"_jetpack_newsletter_access":"","_jetpack_dont_email_post_to_subs":false,"_jetpack_newsletter_tier_id":0,"_jetpack_memberships_contains_paywalled_content":false,"_jetpack_memberships_contains_paid_content":false,"footnotes":"","jetpack_publicize_message":"","jetpack_publicize_feature_enabled":true,"jetpack_social_post_already_shared":true,"jetpack_social_options":{"image_generator_settings":{"template":"highway","default_image_id":0,"font":"","enabled":false},"version":2}},"categories":[657],"tags":[8333,19405,17450,8918,6296,62771,52323],"class_list":["post-253775","post","type-post","status-publish","format-standard","has-post-thumbnail","hentry","category-spor","tag-ertugrul","tag-kayipsiz","tag-saglam","tag-sampiyonluga","tag-sezonu","tag-tamamlarsak","tag-ulasiriz"],"jetpack_publicize_connections":[],"jetpack_featured_media_url":"https:\/\/i0.wp.com\/www.tvturk.com\/wp-content\/uploads\/2020\/01\/ertugrul-saglam-sezonu-kayipsiz-tamamlarsak-sampiyonluga-ulasiriz_4fd06c3.jpg?fit=1000%2C666","jetpack_sharing_enabled":true,"jetpack_shortlink":"https:\/\/wp.me\/paKIfm-1419","_links":{"self":[{"href":"http:\/\/www.tvturk.com\/index.php\/wp-json\/wp\/v2\/posts\/253775","targetHints":{"allow":["GET"]}}],"collection":[{"href":"http:\/\/www.tvturk.com\/index.php\/wp-json\/wp\/v2\/posts"}],"about":[{"href":"http:\/\/www.tvturk.com\/index.php\/wp-json\/wp\/v2\/types\/post"}],"author":[{"embeddable":true,"href":"http:\/\/www.tvturk.com\/index.php\/wp-json\/wp\/v2\/users\/1"}],"replies":[{"embeddable":true,"href":"http:\/\/www.tvturk.com\/index.php\/wp-json\/wp\/v2\/comments?post=253775"}],"version-history":[{"count":0,"href":"http:\/\/www.tvturk.com\/index.php\/wp-json\/wp\/v2\/posts\/253775\/revisions"}],"wp:featuredmedia":[{"embeddable":true,"href":"http:\/\/www.tvturk.com\/index.php\/wp-json\/wp\/v2\/media\/253776"}],"wp:attachment":[{"href":"http:\/\/www.tvturk.com\/index.php\/wp-json\/wp\/v2\/media?parent=253775"}],"wp:term":[{"taxonomy":"category","embeddable":true,"href":"http:\/\/www.tvturk.com\/index.php\/wp-json\/wp\/v2\/categories?post=253775"},{"taxonomy":"post_tag","embeddable":true,"href":"http:\/\/www.tvturk.com\/index.php\/wp-json\/wp\/v2\/tags?post=253775"}],"curies":[{"name":"wp","href":"https:\/\/api.w.org\/{rel}","templated":true}]}}