{"id":253855,"date":"2020-01-10T09:32:04","date_gmt":"2020-01-10T06:32:04","guid":{"rendered":"http:\/\/www.tvturk.com\/index.php\/kitap-fuarina-unlu-akini\/"},"modified":"2020-01-10T09:32:04","modified_gmt":"2020-01-10T06:32:04","slug":"kitap-fuarina-unlu-akini","status":"publish","type":"post","link":"http:\/\/www.tvturk.com\/index.php\/kitap-fuarina-unlu-akini\/","title":{"rendered":"Kitap fuar\u0131na \u00fcnl\u00fc ak\u0131n\u0131"},"content":{"rendered":"<p>Adana\u2019da bu y\u0131l 13\u2019\u00fcnc\u00fcs\u00fc d\u00fczenlenen \u00c7ukurova Kitap Fuar\u0131\u2019na \u00fcnl\u00fc isimler yo\u011fun ilgi g\u00f6sterirken, vatanda\u015flar da yazarlara kitaplar\u0131n\u0131 imzalatmak i\u00e7in birbiriyle yar\u0131\u015ft\u0131<\/p>\n<p>\u00c7ukurova Kitap Fuar\u0131, 500 yazar, \u00e7izer ve \u015fairin kat\u0131l\u0131m\u0131yla 4 Ocak Cumartesi g\u00fcn\u00fc a\u00e7\u0131ld\u0131. O g\u00fcnden sonra fuar\u0131 binlerce Adanal\u0131 ile \u00e7evre \u015fehirlerden gelenler ziyaret etti. Vatanda\u015flar 12 Ocak g\u00fcn\u00fcn\u00fc kadar a\u00e7\u0131k kalacak olan kitap fuar\u0131nda \u00fcnl\u00fc yazar, sanat\u00e7\u0131 ve spor adamlar\u0131yla da bir araya gelme imkan\u0131 buldu. Bunlardan biri de sanat\u00e7\u0131 Zafer Alg\u00f6z oldu. Kitaplar\u0131n\u0131 imzalayan Alg\u00f6z\u2019e ilgi bir hayli b\u00fcy\u00fckt\u00fc. Alg\u00f6z, Adana\u2019da kitap fuarlar\u0131na ilginin her zaman \u00e7ok oldu\u011funu bu y\u0131l da \u00e7ok fazla bir ilgi oldu\u011funu belirterek, &#8220;Benim en \u00e7ok ho\u015fuma giden \u015fey bu kitap fuarlar\u0131na gen\u00e7lerin geliyor olmas\u0131, bu beni \u00e7ok mutlu ediyor. Kitap okuma oran\u0131 d\u00fc\u015f\u00fck hep ondan \u015fikayet ediyoruz ama gen\u00e7lerde kitap okumaya kar\u015f\u0131 ilginin olmas\u0131 sevindiriyor. Adana bizim i\u00e7in ikinci vatan topra\u011f\u0131 oldu. Burada \u00e7ok sevdi\u011fim arkada\u015flar\u0131m var o y\u00fczden burada oldu\u011fum i\u00e7in mutluyum. Benim iki tane kitab\u0131m var birini 3 y\u0131l \u00f6nce \u00e7\u0131kartm\u0131\u015ft\u0131m okuyucular\u0131n ilgisi sayesinde 17 bask\u0131 yapt\u0131. \u015eu an ikinci kitab\u0131m piyasada, \u015eubat ay\u0131nda ise 3. kitab\u0131m okuyucularla bulu\u015facak&#8221; dedi.<\/p>\n<p>\u00dcnl\u00fc spor adam\u0131 Y\u0131lmaz Vural\u2019a da gen\u00e7ler yo\u011fun ilgi g\u00f6sterdi. Vural hem kitab\u0131n\u0131 imzalay\u0131p hem de onlarla \u00f6z \u00e7ekim yapt\u0131. Vural, &#8220;Okuyucular\u0131m\u0131zla bulu\u015ftuk sohbet edip kitaplar\u0131 imzal\u0131yoruz. Ben Adana laf\u0131 ge\u00e7ince hemen atlay\u0131p geldim \u00e7\u00fcnk\u00fc 6 aydan bu yana yokuz burada. \u00c7ok sevdi\u011fimiz dostlar\u0131m\u0131z var. Di\u011fer kitap fuarlar\u0131yla kar\u015f\u0131la\u015ft\u0131rma yapt\u0131\u011f\u0131m\u0131zda \u0130stanbul, Ankara, \u0130zmir ve Adana s\u0131ras\u0131yla gidiyor. \u00dclkemizde kitap okuma al\u0131\u015fkanl\u0131\u011f\u0131 yok, g\u00f6n\u00fcl istiyor ki herkes ba\u015fkalar\u0131n\u0131n ya\u015fad\u0131\u011f\u0131 hayattan ve deneyimlerinden bir \u015feyler \u00f6\u011frensin. Ben \u00e7ocuklu\u011fumdan beri hep biyografi okurum ba\u015farm\u0131\u015f insanlar ne yapm\u0131\u015f diye merak\u0131m olmu\u015ftur ve dolay\u0131s\u0131yla \u00e7ok \u015fey \u00f6\u011freniyorsunuz. Herkese tavsiyem kitap okuyun&#8221; diye konu\u015ftu.<\/p>\n","protected":false},"excerpt":{"rendered":"<p>ADANA&#8217;DA BU YIL 13\u2019\u00dcNC\u00dcS\u00dc D\u00dcZENLENEN \u00c7UKUROVA K\u0130TAP FUARINA \u00dcNL\u00dcLER YO\u011eUN \u0130LG\u0130 G\u00d6STER\u0130RKEN VATANDA\u015eLARDA \u00dcNL\u00dcLER\u0130 K\u0130TAPLARI \u0130MZALATMAK \u0130\u00c7\u0130N B\u0130RB\u0130R\u0130YLE YARI\u015eTI<\/p>\n","protected":false},"author":1,"featured_media":253856,"comment_status":"closed","ping_status":"open","sticky":false,"template":"","format":"standard","meta":{"jetpack_post_was_ever_published":false,"_jetpack_newsletter_access":"","_jetpack_dont_email_post_to_subs":false,"_jetpack_newsletter_tier_id":0,"_jetpack_memberships_contains_paywalled_content":false,"_jetpack_memberships_contains_paid_content":false,"footnotes":"","jetpack_publicize_message":"","jetpack_publicize_feature_enabled":true,"jetpack_social_post_already_shared":true,"jetpack_social_options":{"image_generator_settings":{"template":"highway","default_image_id":0,"font":"","enabled":false},"version":2}},"categories":[656],"tags":[8365,2176,4074,5590],"class_list":["post-253855","post","type-post","status-publish","format-standard","has-post-thumbnail","hentry","category-kultur-sanat","tag-akini","tag-fuarina","tag-kitap","tag-unlu"],"jetpack_publicize_connections":[],"jetpack_featured_media_url":"https:\/\/i0.wp.com\/www.tvturk.com\/wp-content\/uploads\/2020\/01\/kitap-fuarina-unlu-akini_846348a.jpg?fit=1000%2C666","jetpack_sharing_enabled":true,"jetpack_shortlink":"https:\/\/wp.me\/paKIfm-142r","_links":{"self":[{"href":"http:\/\/www.tvturk.com\/index.php\/wp-json\/wp\/v2\/posts\/253855","targetHints":{"allow":["GET"]}}],"collection":[{"href":"http:\/\/www.tvturk.com\/index.php\/wp-json\/wp\/v2\/posts"}],"about":[{"href":"http:\/\/www.tvturk.com\/index.php\/wp-json\/wp\/v2\/types\/post"}],"author":[{"embeddable":true,"href":"http:\/\/www.tvturk.com\/index.php\/wp-json\/wp\/v2\/users\/1"}],"replies":[{"embeddable":true,"href":"http:\/\/www.tvturk.com\/index.php\/wp-json\/wp\/v2\/comments?post=253855"}],"version-history":[{"count":0,"href":"http:\/\/www.tvturk.com\/index.php\/wp-json\/wp\/v2\/posts\/253855\/revisions"}],"wp:featuredmedia":[{"embeddable":true,"href":"http:\/\/www.tvturk.com\/index.php\/wp-json\/wp\/v2\/media\/253856"}],"wp:attachment":[{"href":"http:\/\/www.tvturk.com\/index.php\/wp-json\/wp\/v2\/media?parent=253855"}],"wp:term":[{"taxonomy":"category","embeddable":true,"href":"http:\/\/www.tvturk.com\/index.php\/wp-json\/wp\/v2\/categories?post=253855"},{"taxonomy":"post_tag","embeddable":true,"href":"http:\/\/www.tvturk.com\/index.php\/wp-json\/wp\/v2\/tags?post=253855"}],"curies":[{"name":"wp","href":"https:\/\/api.w.org\/{rel}","templated":true}]}}