{"id":253881,"date":"2020-01-10T10:02:04","date_gmt":"2020-01-10T07:02:04","guid":{"rendered":"http:\/\/www.tvturk.com\/index.php\/malatyada-erik-agaci-kis-ortasinda-meyve-verdi\/"},"modified":"2020-01-10T10:02:04","modified_gmt":"2020-01-10T07:02:04","slug":"malatyada-erik-agaci-kis-ortasinda-meyve-verdi","status":"publish","type":"post","link":"http:\/\/www.tvturk.com\/index.php\/malatyada-erik-agaci-kis-ortasinda-meyve-verdi\/","title":{"rendered":"Malatya\u2019da erik a\u011fac\u0131 k\u0131\u015f ortas\u0131nda meyve verdi"},"content":{"rendered":"<p>Malatya\u2019da bir apartman\u0131n bah\u00e7esinde bulunan erik a\u011fac\u0131 Ocak ay\u0131nda meyve verdi. K\u0131\u015f ortas\u0131nda meyve veren erik a\u011fac\u0131 g\u00f6renleri \u015fa\u015f\u0131rtt\u0131.<\/p>\n<p>Malatya\u2019da Kavakl\u0131ba\u011f Mahallesi\u2019nde bir apartman\u0131n bah\u00e7esinde bulunan erik a\u011fac\u0131 Ocak ay\u0131nda meyve verdi. K\u0131\u015f\u0131n ortas\u0131nda meyve veren a\u011fa\u00e7 g\u00f6renleri \u015fa\u015f\u0131rt\u0131rken, apartman sakini Ahmet Alkan y\u0131llar \u00f6nce ektikleri erik a\u011fac\u0131n\u0131n ilk defa bu y\u0131l k\u0131\u015f ortas\u0131nda meyve verdi\u011fini s\u00f6yledi.<\/p>\n<p>Bu durum kar\u015f\u0131s\u0131nda \u015fa\u015fk\u0131nl\u0131klar\u0131n\u0131 gizleyemediklerini ifade eden Alkan, \u201cBenim ya\u015f\u0131m 75, \u015fu ana kadar ben b\u00f6yle bir durumla kar\u015f\u0131la\u015fmad\u0131m daha. G\u00f6renler de bu duruma \u015fa\u015ft\u0131 kald\u0131. A\u011fac\u0131n neden bu mevsimde meyve verdi\u011fini bilmiyoruz\u201d diye konu\u015ftu.<\/p>\n<p>Alkan, a\u011fa\u00e7tan toplad\u0131klar\u0131 meyvelerin gayet lezzetli oldu\u011funu da dile getirerek konunun uzmanlar\u0131ndan bu durum hakk\u0131nda bilgi beklediklerini s\u00f6yledi.<\/p>\n<p>\u00d6te yandan konuyla ilgili g\u00f6r\u00fc\u015f bildiren baz\u0131 uzmanlara g\u00f6re ise baharda \u00e7i\u00e7ek a\u00e7an bu t\u00fcr a\u011fa\u00e7lar\u0131n yaz\u0131n meyve vermesi gerekirken hava s\u0131cakl\u0131klar\u0131n\u0131n mevsim normalleri \u00fczerinde seyretmesi ile \u2018erken uyanma\u2019 denilen ve normal olmayan bir durumun ya\u015fanmas\u0131yla bu durumun ortaya \u00e7\u0131kt\u0131\u011f\u0131n\u0131 s\u00f6yledi.<\/p>\n","protected":false},"excerpt":{"rendered":"<p>MALATYA\u2019DA B\u0130R APARTMANIN BAH\u00c7EDE BULUNAN ER\u0130K A\u011eACI OCAK\u2019TA MEYVE VERD\u0130. KI\u015e ORTASINDA MEYVE VEREN ER\u0130K A\u011eACI G\u00d6RENLER\u0130 \u0130SE \u015eA\u015eIRTTI.<\/p>\n","protected":false},"author":1,"featured_media":253882,"comment_status":"closed","ping_status":"open","sticky":false,"template":"","format":"standard","meta":{"jetpack_post_was_ever_published":false,"_jetpack_newsletter_access":"","_jetpack_dont_email_post_to_subs":false,"_jetpack_newsletter_tier_id":0,"_jetpack_memberships_contains_paywalled_content":false,"_jetpack_memberships_contains_paid_content":false,"footnotes":"","jetpack_publicize_message":"","jetpack_publicize_feature_enabled":true,"jetpack_social_post_already_shared":true,"jetpack_social_options":{"image_generator_settings":{"template":"highway","default_image_id":0,"font":"","enabled":false},"version":2}},"categories":[1],"tags":[884,5888,1806,2883,3753,8632,386],"class_list":["post-253881","post","type-post","status-publish","format-standard","has-post-thumbnail","hentry","category-genel","tag-agaci","tag-erik","tag-kis","tag-malatyada","tag-meyve","tag-ortasinda","tag-verdi"],"jetpack_publicize_connections":[],"jetpack_featured_media_url":"https:\/\/i0.wp.com\/www.tvturk.com\/wp-content\/uploads\/2020\/01\/malatyada-erik-agaci-kis-ortasinda-meyve-verdi_5959b19.jpg?fit=1000%2C666","jetpack_sharing_enabled":true,"jetpack_shortlink":"https:\/\/wp.me\/paKIfm-142R","_links":{"self":[{"href":"http:\/\/www.tvturk.com\/index.php\/wp-json\/wp\/v2\/posts\/253881","targetHints":{"allow":["GET"]}}],"collection":[{"href":"http:\/\/www.tvturk.com\/index.php\/wp-json\/wp\/v2\/posts"}],"about":[{"href":"http:\/\/www.tvturk.com\/index.php\/wp-json\/wp\/v2\/types\/post"}],"author":[{"embeddable":true,"href":"http:\/\/www.tvturk.com\/index.php\/wp-json\/wp\/v2\/users\/1"}],"replies":[{"embeddable":true,"href":"http:\/\/www.tvturk.com\/index.php\/wp-json\/wp\/v2\/comments?post=253881"}],"version-history":[{"count":0,"href":"http:\/\/www.tvturk.com\/index.php\/wp-json\/wp\/v2\/posts\/253881\/revisions"}],"wp:featuredmedia":[{"embeddable":true,"href":"http:\/\/www.tvturk.com\/index.php\/wp-json\/wp\/v2\/media\/253882"}],"wp:attachment":[{"href":"http:\/\/www.tvturk.com\/index.php\/wp-json\/wp\/v2\/media?parent=253881"}],"wp:term":[{"taxonomy":"category","embeddable":true,"href":"http:\/\/www.tvturk.com\/index.php\/wp-json\/wp\/v2\/categories?post=253881"},{"taxonomy":"post_tag","embeddable":true,"href":"http:\/\/www.tvturk.com\/index.php\/wp-json\/wp\/v2\/tags?post=253881"}],"curies":[{"name":"wp","href":"https:\/\/api.w.org\/{rel}","templated":true}]}}