{"id":253891,"date":"2020-01-10T10:16:32","date_gmt":"2020-01-10T07:16:32","guid":{"rendered":"http:\/\/www.tvturk.com\/index.php\/yerli-otomobilin-istihdam-katkisi-35-bine-ulasabilir\/"},"modified":"2020-01-10T10:16:32","modified_gmt":"2020-01-10T07:16:32","slug":"yerli-otomobilin-istihdam-katkisi-35-bine-ulasabilir","status":"publish","type":"post","link":"http:\/\/www.tvturk.com\/index.php\/yerli-otomobilin-istihdam-katkisi-35-bine-ulasabilir\/","title":{"rendered":"&#8220;Yerli otomobilin istihdam katk\u0131s\u0131 35 bine ula\u015fabilir&#8221;"},"content":{"rendered":"<p>Yerli otomobilin ekonomiye olumlu etkileri de\u011ferlendirilmeye devam ediliyor. Emekli \u00fcst d\u00fczey otomotiv y\u00f6neticisi \u0130brahim Aybar, \u201cSadece otomobili ortaya koymak \u00fcretmek de\u011fil bunun arkas\u0131nda bir\u00e7ok a\u015fama var. Bunun ekonomiye katk\u0131s\u0131 ve istihdama katk\u0131s\u0131 30-35 bin olaca\u011f\u0131 kesin\u201d dedi.<\/p>\n<p>Giri\u015fimci \u0130\u015f Adamlar\u0131 Vakf\u0131\u2019n\u0131n d\u00fczenledi\u011fi (G\u0130V) \u2018Yak\u0131n Plan Giri\u015fimci Bulu\u015fmalar\u0131\u2019 d\u00fcn ak\u015fam ger\u00e7ekle\u015fti. T\u00fcrkiye\u2019de otomobil kullan\u0131m\u0131n\u0131n gelece\u011fi ve otonom ara\u00e7lar konusunda d\u00fc\u015f\u00fcncelerin konu\u015fuldu\u011fu toplant\u0131da, \u00fclkemizin otomotiv sekt\u00f6r\u00fcnde geldi\u011fi ilerlemeler, yerli otomobil ve bu konuda yap\u0131lan faaliyet ve katk\u0131lar da ele al\u0131nd\u0131. Toplant\u0131 da konu\u015fan emekli \u00fcst d\u00fczey otomotiv y\u00f6neticisi \u0130brahim Aybar, \u201cSadece otomobili ortaya koymak \u00fcretmek de\u011fil bunun arkas\u0131nda bir\u00e7ok a\u015fama var. Bunun istihdama katk\u0131s\u0131 30-35 bin olaca\u011f\u0131 kesin g\u00f6z\u00fck\u00fcyor\u201d dedi.<\/p>\n<p>\u201cDe\u011fer zincirine bakt\u0131\u011f\u0131n\u0131zda 30-35 bin ki\u015fiye kadar b\u00fcy\u00fck bir nitelikli istihdama gidiyor\u201d<\/p>\n<p>T\u00fcrkiye, otomobil yat\u0131r\u0131mlar\u0131n\u0131n ve \u00fcretimlerinin \u00f6nemli bir merkezi olmaya devam edece\u011fini belirten Otomotiv sekt\u00f6r\u00fc temsilcisi \u0130brahim Aybar, \u201cSadece otomobili ortaya koymak \u00fcretmek de\u011fil bunun arkas\u0131nda bir\u00e7ok a\u015fama var. Montaj, da\u011f\u0131t\u0131m mekanizmas\u0131, sat\u0131\u015f te\u015fkilat\u0131n\u0131n kurulmas\u0131, servisinin yap\u0131lmas\u0131 var finansman yani bakt\u0131\u011f\u0131n\u0131z zaman dokuz on tane de\u011fer zincirinin olu\u015fmas\u0131 var. Bunun ekonomiye \u00e7ok b\u00fcy\u00fck katk\u0131s\u0131 olaca\u011f\u0131 kesin \u00e7\u00fcnk\u00fc bug\u00fcn bir montaj hatt\u0131n da 4 bin ki\u015fi \u00e7al\u0131\u015f\u0131yorsa inan\u0131n de\u011fer zincirine bakt\u0131\u011f\u0131n\u0131zda 30-35 bin ki\u015fiye kadar b\u00fcy\u00fck bir nitelikli istihdama gidiyor\u201d ifadelerini kulland\u0131.<\/p>\n<p>\u201cHer \u015feyden \u00f6nemlisi sat\u0131lan bir \u015fey \u00fcretelim\u201d<\/p>\n<p>Yerli otomobili g\u00f6rd\u00fc\u011f\u00fcnde heyecanland\u0131\u011f\u0131n\u0131 s\u00f6yleyen Aybar, \u201cArkas\u0131n\u0131 getirmemiz laz\u0131m. Bu halkalar\u0131 olu\u015fturmam\u0131z laz\u0131m. O konuda \u00e7al\u0131\u015fmalar\u0131n devam etti\u011fini duyuyoruz. Detaylar hakk\u0131nda bilgimiz yok ama mutlaka bir sonu\u00e7 alacakt\u0131r. 2022 y\u0131l\u0131nda fabrikan\u0131n hayata ge\u00e7mesi ve \u00fcretime ge\u00e7mesi d\u00fc\u015f\u00fcn\u00fcl\u00fcyor. 170 bin kapasitede olacak ama 13 y\u0131l i\u00e7erisinde. Tabi ilk ba\u015fta bu kadar kapasitenin de devreye koyman\u0131n da bir anlam\u0131 olmayacakt\u0131r. \u00d6nemli olan tabi yolun bir taraf\u0131nda t\u0131kan\u0131p kalmamak, mutlaka o yolu yolun sonuna kadar y\u00fcr\u00fcmek gerekiyor. Her \u015feyden \u00f6nemlisi sat\u0131lan bir \u015fey \u00fcretelim. Biz sat\u0131\u015f\u0131m\u0131z \u00e7ok iyi planlamak durumunday\u0131z. Nereye sataca\u011f\u0131z, ne kadar sataca\u011f\u0131z, hangi te\u015fkilatla sataca\u011f\u0131z, hangi rekabet\u00e7i fiyatla sataca\u011f\u0131z \u00e7\u00fcnk\u00fc \u015fu ger\u00e7e\u011fi unutmayal\u0131m 2022\u2019ye kadar d\u00fcnyada bir\u00e7ok marka \u00e7ok yeni ve bizim \u00fcretti\u011fimiz otomobilin segmentinde ve elektrikli motorunda otomobil \u00e7\u0131kart\u0131yor. Son gelen bilgi 2022\u2019ye kadar toplam 35 tane bizim otomobilimizin segmentinde otomobilin d\u00fcnyaya lanse edilecek olmas\u0131. Tabi bunlar \u00e7ok ciddi \u00fcretim adetleriyle \u00f6nemli avantajlar \u00e7\u0131kabilir. Rekabet\u00e7i f\u0131rsatlarda sunulabilir. Bizim \u00fclkemizde g\u00fcmr\u00fck birli\u011fi nedeniyle g\u00fcmr\u00fcks\u00fcz geliyorlar. Dolay\u0131s\u0131yla ciddi bir pazar zorlamas\u0131 olabilir. \u0130\u015fte bunlar\u0131 bizim dikkatli olmam\u0131z laz\u0131m. Rekabet \u00e7ok \u00f6nemli, satabilmemiz laz\u0131m. Oray\u0131 iyi anlay\u0131p iyi planlarsak umuyorum ki bu otomobil ile biz \u00e7ok ciddi mesafe al\u0131r\u0131z\u201d \u015feklinde konu\u015ftu.<\/p>\n<p>\u201cKilovat saatini 200 dolar dersek demek ki 9-10 bin dolarl\u0131k sadece pilin maliyeti \u00e7\u0131k\u0131yor\u201d<\/p>\n<p>Yerli otomobilin fiyat\u0131 hakk\u0131n da \u015fu anda bir \u015fey s\u00f6ylemenin m\u00fcmk\u00fcn olmad\u0131\u011f\u0131n\u0131 belirten Aybar, \u201cEn \u00f6nemli unsur pil. Konacak pilin hakk\u0131nda benim bir bilgim yok. Ama 500 kilometre bir yol s\u00f6z konusu olacaksa her halde 45-50 kilovat saatlik bir pil konulacak. Kilovat saatini 200 dolar dersek demek ki 9-10 bin dolarl\u0131k sadece pilin maliyeti \u00e7\u0131k\u0131yor. \u00dcretilecek adetle de do\u011fru orant\u0131l\u0131 ama a\u015fa yukar\u0131 bu mertebede olur. Bunun elektrik motoru, bir s\u00fcr\u00fc aksam maliyet konusunda sat\u0131lacak say\u0131ya g\u00f6re ve \u00fcretim \u00e2detine g\u00f6re maliyette \u00e7\u0131kt\u0131\u011f\u0131 i\u00e7in \u00f6nemli bir maliyet olaca\u011f\u0131n\u0131 d\u00fc\u015f\u00fcn\u00fcyorum. H\u0131zl\u0131 zamanda \u00e7ok \u00e7abuk satmam\u0131z laz\u0131m ki amortismanlar d\u00fc\u015fs\u00fcn otomobilin fiyat\u0131 rekabet\u00e7i hale gelsin\u201d diye konu\u015ftu.<\/p>\n","protected":false},"excerpt":{"rendered":"<p>YERL\u0130 OTOMOB\u0130L\u0130N EKONOM\u0130YE OLUMLU ETK\u0130LER\u0130 DE\u011eERLEND\u0130R\u0130LMEYE DEVAM ED\u0130L\u0130YOR.<\/p>\n","protected":false},"author":1,"featured_media":253892,"comment_status":"closed","ping_status":"open","sticky":false,"template":"","format":"standard","meta":{"jetpack_post_was_ever_published":false,"_jetpack_newsletter_access":"","_jetpack_dont_email_post_to_subs":false,"_jetpack_newsletter_tier_id":0,"_jetpack_memberships_contains_paywalled_content":false,"_jetpack_memberships_contains_paid_content":false,"footnotes":"","jetpack_publicize_message":"","jetpack_publicize_feature_enabled":true,"jetpack_social_post_already_shared":true,"jetpack_social_options":{"image_generator_settings":{"template":"highway","default_image_id":0,"font":"","enabled":false},"version":2}},"categories":[19],"tags":[7563,2034,24322,3515,28426,2454],"class_list":["post-253891","post","type-post","status-publish","format-standard","has-post-thumbnail","hentry","category-ekonomi","tag-bine","tag-istihdam","tag-katkisi","tag-otomobilin","tag-ulasabilir","tag-yerli"],"jetpack_publicize_connections":[],"jetpack_featured_media_url":"https:\/\/i0.wp.com\/www.tvturk.com\/wp-content\/uploads\/2020\/01\/yerli-otomobilin-istihdam-katkisi-35-bine-ulasabilir_e398c39.jpg?fit=765%2C410","jetpack_sharing_enabled":true,"jetpack_shortlink":"https:\/\/wp.me\/paKIfm-1431","_links":{"self":[{"href":"http:\/\/www.tvturk.com\/index.php\/wp-json\/wp\/v2\/posts\/253891","targetHints":{"allow":["GET"]}}],"collection":[{"href":"http:\/\/www.tvturk.com\/index.php\/wp-json\/wp\/v2\/posts"}],"about":[{"href":"http:\/\/www.tvturk.com\/index.php\/wp-json\/wp\/v2\/types\/post"}],"author":[{"embeddable":true,"href":"http:\/\/www.tvturk.com\/index.php\/wp-json\/wp\/v2\/users\/1"}],"replies":[{"embeddable":true,"href":"http:\/\/www.tvturk.com\/index.php\/wp-json\/wp\/v2\/comments?post=253891"}],"version-history":[{"count":0,"href":"http:\/\/www.tvturk.com\/index.php\/wp-json\/wp\/v2\/posts\/253891\/revisions"}],"wp:featuredmedia":[{"embeddable":true,"href":"http:\/\/www.tvturk.com\/index.php\/wp-json\/wp\/v2\/media\/253892"}],"wp:attachment":[{"href":"http:\/\/www.tvturk.com\/index.php\/wp-json\/wp\/v2\/media?parent=253891"}],"wp:term":[{"taxonomy":"category","embeddable":true,"href":"http:\/\/www.tvturk.com\/index.php\/wp-json\/wp\/v2\/categories?post=253891"},{"taxonomy":"post_tag","embeddable":true,"href":"http:\/\/www.tvturk.com\/index.php\/wp-json\/wp\/v2\/tags?post=253891"}],"curies":[{"name":"wp","href":"https:\/\/api.w.org\/{rel}","templated":true}]}}