{"id":253901,"date":"2020-01-10T10:17:21","date_gmt":"2020-01-10T07:17:21","guid":{"rendered":"http:\/\/www.tvturk.com\/index.php\/natik-canca-vefat-etti\/"},"modified":"2020-01-10T10:17:21","modified_gmt":"2020-01-10T07:17:21","slug":"natik-canca-vefat-etti","status":"publish","type":"post","link":"http:\/\/www.tvturk.com\/index.php\/natik-canca-vefat-etti\/","title":{"rendered":"Nat\u0131k Canca vefat etti"},"content":{"rendered":"<p>Polis te\u015fkilat\u0131n\u0131n ve spor camian\u0131n \u00f6nemli isimlerinden olan Nat\u0131k Canca vefat etti. Prof. Dr. \u0130brahim \u00d6ztek, Nat\u0131k Canca i\u00e7in taziye mesaj\u0131 yay\u0131mlad\u0131.<\/p>\n<p>Antalya\u2019da bir s\u00fcredir akci\u011fer kanseriyle m\u00fccadele eden eski \u0130l Emniyet M\u00fcd\u00fcr\u00fc Nat\u0131k Canca (72) ya\u015fam\u0131n\u0131 yitirdi. Tak\u0131m arkada\u015f\u0131, eski Judo, Kura\u015f, Aikido, Vu\u015fu Federasyonu Ba\u015fkan\u0131 Prof. Dr. \u0130brahim \u00d6ztek, Canca i\u00e7in yay\u0131mlad\u0131\u011f\u0131 taziye mesaj\u0131nda, &#8220;O, babadan itibaren, polis te\u015fkilat\u0131m\u0131za her kademede ailece b\u00fcy\u00fck hizmetler vermi\u015fti. Yeri zor doldurulur bir insand\u0131. \u00dclkemizin ilk judo sporcular\u0131ndan, ilk T\u00fcrkiye \u015fampiyonlar\u0131ndan, ilk milli judocular\u0131ndan, ilk antren\u00f6rlerinden, uluslararas\u0131 ilk hakemlerimizden ve \u00e7ok ba\u015far\u0131l\u0131 judo federasyon ba\u015fkanlar\u0131m\u0131zdand\u0131. Judonun ilklerindendi. \u00c7ok parlak bir spor hayat\u0131 ve \u00e7ok parlak bir emniyet m\u00fcd\u00fcrl\u00fc\u011f\u00fc hayat\u0131 oldu. \u00dclkemizin \u00f6nemli illerinde il emniyet m\u00fcd\u00fcrl\u00fckleri yapt\u0131. Yenilik\u00e7i, modern g\u00f6r\u00fc\u015f ve anlay\u0131\u015f i\u00e7inde te\u015fkilat\u00e7\u0131 \u00f6zelli\u011fi ile unutulmaz hizmetler verdi. Kendisi gibi emniyet m\u00fcd\u00fcr\u00fc e\u015fi Nurdan han\u0131mla g\u00f6revlerinde, aile ve sosyal ya\u015famlar\u0131nda daima \u00f6rnek olmu\u015flard\u0131r. D\u00fcr\u00fcstl\u00fck, m\u00fctevazilik, \u00e7al\u0131\u015fkanl\u0131k ve asalet timsali de\u011ferli arkada\u015f\u0131m\u0131z Nat\u0131k Canca\u2019ya Allah\u2019tan rahmet diliyoruz. Mekan\u0131 Cennet olsun. T\u00fcrk milleti yi\u011fit bir evlad\u0131n\u0131 yitirdi. Ba\u015fta k\u0131ymetli e\u015fi Nurdan han\u0131m olmak \u00fczere t\u00fcm yak\u0131nlar\u0131na ba\u015f sa\u011fl\u0131\u011f\u0131 ve sab\u0131rlar diliyoruz&#8221; diye konu\u015ftu.<\/p>\n","protected":false},"excerpt":{"rendered":"<p>POL\u0130S TE\u015eK\u0130LATININ VE SPOR CAM\u0130ANIN \u00d6NEML\u0130 \u0130S\u0130MLER\u0130NDEN OLAN NATIK CANCA VEFAT ETT\u0130.<\/p>\n","protected":false},"author":1,"featured_media":253902,"comment_status":"closed","ping_status":"open","sticky":false,"template":"","format":"standard","meta":{"jetpack_post_was_ever_published":false,"_jetpack_newsletter_access":"","_jetpack_dont_email_post_to_subs":false,"_jetpack_newsletter_tier_id":0,"_jetpack_memberships_contains_paywalled_content":false,"_jetpack_memberships_contains_paid_content":false,"footnotes":"","jetpack_publicize_message":"","jetpack_publicize_feature_enabled":true,"jetpack_social_post_already_shared":true,"jetpack_social_options":{"image_generator_settings":{"template":"highway","default_image_id":0,"font":"","enabled":false},"version":2}},"categories":[657],"tags":[54933,207,62802,15559],"class_list":["post-253901","post","type-post","status-publish","format-standard","has-post-thumbnail","hentry","category-spor","tag-canca","tag-etti","tag-natik","tag-vefat"],"jetpack_publicize_connections":[],"jetpack_featured_media_url":"https:\/\/i0.wp.com\/www.tvturk.com\/wp-content\/uploads\/2020\/01\/natik-canca-vefat-etti_3670e18.jpg?fit=800%2C600","jetpack_sharing_enabled":true,"jetpack_shortlink":"https:\/\/wp.me\/paKIfm-143b","_links":{"self":[{"href":"http:\/\/www.tvturk.com\/index.php\/wp-json\/wp\/v2\/posts\/253901","targetHints":{"allow":["GET"]}}],"collection":[{"href":"http:\/\/www.tvturk.com\/index.php\/wp-json\/wp\/v2\/posts"}],"about":[{"href":"http:\/\/www.tvturk.com\/index.php\/wp-json\/wp\/v2\/types\/post"}],"author":[{"embeddable":true,"href":"http:\/\/www.tvturk.com\/index.php\/wp-json\/wp\/v2\/users\/1"}],"replies":[{"embeddable":true,"href":"http:\/\/www.tvturk.com\/index.php\/wp-json\/wp\/v2\/comments?post=253901"}],"version-history":[{"count":0,"href":"http:\/\/www.tvturk.com\/index.php\/wp-json\/wp\/v2\/posts\/253901\/revisions"}],"wp:featuredmedia":[{"embeddable":true,"href":"http:\/\/www.tvturk.com\/index.php\/wp-json\/wp\/v2\/media\/253902"}],"wp:attachment":[{"href":"http:\/\/www.tvturk.com\/index.php\/wp-json\/wp\/v2\/media?parent=253901"}],"wp:term":[{"taxonomy":"category","embeddable":true,"href":"http:\/\/www.tvturk.com\/index.php\/wp-json\/wp\/v2\/categories?post=253901"},{"taxonomy":"post_tag","embeddable":true,"href":"http:\/\/www.tvturk.com\/index.php\/wp-json\/wp\/v2\/tags?post=253901"}],"curies":[{"name":"wp","href":"https:\/\/api.w.org\/{rel}","templated":true}]}}