{"id":253923,"date":"2020-01-10T10:32:47","date_gmt":"2020-01-10T07:32:47","guid":{"rendered":"http:\/\/www.tvturk.com\/index.php\/ozel-haber-ankaragucu-baskani-fatih-mert-transfer-yasagini-kaldirmak-kolay-degil\/"},"modified":"2020-01-10T10:32:47","modified_gmt":"2020-01-10T07:32:47","slug":"ozel-haber-ankaragucu-baskani-fatih-mert-transfer-yasagini-kaldirmak-kolay-degil","status":"publish","type":"post","link":"http:\/\/www.tvturk.com\/index.php\/ozel-haber-ankaragucu-baskani-fatih-mert-transfer-yasagini-kaldirmak-kolay-degil\/","title":{"rendered":"(\u00d6zel haber) Ankarag\u00fcc\u00fc Ba\u015fkan\u0131 Fatih Mert: \u201cTransfer yasa\u011f\u0131n\u0131 kald\u0131rmak kolay de\u011fil\u201d"},"content":{"rendered":"<p>Transfer yasa\u011f\u0131 devam eden Ankarag\u00fcc\u00fc\u2019nde Ba\u015fkan Fatih Mert, tak\u0131m\u0131n Antalya kamp\u0131n\u0131 ziyaret etti. Mert, transfer yasa\u011f\u0131n\u0131 kald\u0131rman\u0131n kolay olmad\u0131\u011f\u0131n\u0131 s\u00f6ylerken, b\u00fct\u00fcn kul\u00fcplerin ekonomik zorluk \u00e7ekti\u011fini belirtip, \u201c7-8 g\u00fcn oldu ama do\u011fru d\u00fczg\u00fcn transfer yapan tak\u0131m yok. Harcama limiti olsa da kul\u00fcplerde para yok\u201d dedi.<\/p>\n<p>S\u00fcper Lig\u2019in ilk yar\u0131s\u0131nda sanc\u0131l\u0131 bir s\u00fcre\u00e7 ge\u00e7iren ve 12 puan toplayarak devreye 17. s\u0131rada d\u00fc\u015fme hatt\u0131nda giren Ankarag\u00fcc\u00fc, ikinci yar\u0131 haz\u0131rl\u0131klar\u0131na Antalya\u2019da devam ediyor. Ankarag\u00fcc\u00fc Ba\u015fkan\u0131 Fatih Mert, tak\u0131m\u0131n Antalya kamp\u0131n\u0131 ziyaret ederken \u0130hlas Haber Ajans\u0131\u2019na \u00f6zel a\u00e7\u0131klamalar yapt\u0131. \u0130lk yar\u0131y\u0131 istemedikleri bir noktada tamamlad\u0131klar\u0131n\u0131 s\u00f6yleyen Mert, \u201cHo\u015f bir noktada de\u011filiz ama \u00fcmitsiz de de\u011filiz. Puan durumunda \u00f6n\u00fcm\u00fczdeki rakiplerimizle aram\u0131zda \u00e7ok fark yok. \u0130kinci yar\u0131ya devam ediyoruz\u201d diye konu\u015ftu.<\/p>\n<p>\u201cYasa\u011f\u0131 kald\u0131rmak kolay de\u011fil\u201d<\/p>\n<p>Transfer yasa\u011f\u0131n\u0131n devam etti\u011fini s\u00f6yleyerek s\u00f6zlerini s\u00fcrd\u00fcren Fatih Mert, \u201cKald\u0131rabilmi\u015f de\u011filiz bu yasa\u011f\u0131. Bunu a\u00e7mak i\u00e7in elimizden gelen \u00e7abay\u0131 sarf ediyoruz. Elimizdeki kadroyla yapabildi\u011fimizin en iyisini yapaca\u011f\u0131z. Ben bu kadroya g\u00fcveniyorum. Bunu defalarca s\u00f6yledim. Son 3 ma\u00e7ta tak\u0131m\u0131m\u0131z kendine geldi ve \u00f6zg\u00fcven kazand\u0131. Bizimle birlikte onlar da toparlanma s\u00fcrecine girdiler. Transfer yasa\u011f\u0131 kalkmazsa da bu kadro elinden geleni yapacakt\u0131r, ben bundan \u00fcmitliyim. Elimizdeki di\u011fer futbolcular\u0131 da g\u00f6rme \u015fans\u0131m\u0131z oluyor kampta. Hocam\u0131z da bu isimleri de\u011ferlendiriyor. Yasa\u011f\u0131n kalkmas\u0131 i\u00e7in m\u00fccadelemiz s\u00fcr\u00fcyor. Ama \u00e7ok da kolay de\u011fil bunu d\u00fczeltmek, yasa\u011f\u0131 kald\u0131rmak. \u00c7\u00fcnk\u00fc her bir futbolcuda milyon Euro\u2019luk rakamlar var. Biz g\u00f6reve geldi\u011fimizde futbol ailesine olan bor\u00e7 110 milyon TL, transfer yasa\u011f\u0131na neden olan bor\u00e7 85-90 milyon TL. Bunun yan\u0131nda vergi ve sigorta bor\u00e7lar\u0131 var. U\u011fra\u015f\u0131yoruz. Bir noktaya getirdik ama bitti diyemiyorum maalesef. Ama bitmesini en \u00e7ok ben istiyorum. Bu yasak kalks\u0131n, takviye yapal\u0131m ve ikinci yar\u0131da rahat bir nefes alal\u0131m. Herhalde bunu en \u00e7ok ben istiyorumdur camiada. M\u00fccadele ediyoruz ve elimizden geleni yap\u0131yoruz\u201d a\u00e7\u0131klamas\u0131n\u0131 yapt\u0131.<\/p>\n<p>\u201cLimit olsa da harcayacak para yok\u201d<\/p>\n<p>B\u00fct\u00fcn kul\u00fcplerin ekonomik s\u0131k\u0131nt\u0131dan ge\u00e7ti\u011fini dile getiren Ankarag\u00fcc\u00fc Ba\u015fkan\u0131 Fatih Mert, \u201cB\u00fct\u00fcn kul\u00fcplerde ekonomik s\u0131k\u0131nt\u0131lar var. Zaten transfer d\u00f6nemine bak\u0131yorsunuz, 7-8 g\u00fcn olmu\u015f ama do\u011fru d\u00fczg\u00fcn transfer yapabilen bir tak\u0131m da yok. Limit olsa bile harcayacak para da yok. Bizim belli bir miktar limitimiz var ve bu konuyla ilgili s\u00f6yleyece\u011fimizi s\u00f6yledik. Bu konu art\u0131k kapand\u0131 \u00e7\u00fcnk\u00fc sonra polemik olu\u015fuyor, tart\u0131\u015fma konusu oluyor. Kul\u00fcplerin \u00f6nceden s\u00f6yledikleri var, sonradan s\u00f6yledikleri var. Biz kul\u00fcp olarak mevcut durumdan raz\u0131y\u0131z\u201d ifadelerini kulland\u0131.<\/p>\n<p>\u201cTaraftar\u0131m\u0131z bize inans\u0131n, g\u00fcvensin\u201d<\/p>\n<p>Ankarag\u00fcc\u00fc taraftar\u0131n\u0131 mutlu etmek istediklerini ifade eden Mert, \u201cTaraftar\u0131m\u0131z\u0131 mutlu etmek istiyoruz. Ankarag\u00fcc\u00fc taraftar\u0131 cefakar. Y\u0131llard\u0131r ya\u011fmurda, \u00e7amurda, so\u011fukta, alt liglerde tak\u0131m\u0131n hep yan\u0131nda oldular. Ankarag\u00fcc\u00fc hak etti\u011fi S\u00fcper Lig\u2019e geldi ve burada kalmak i\u00e7in elimizden geleni yap\u0131yoruz. Onlar beni tan\u0131yorlar, y\u00f6netimi tan\u0131yorlar, bizim niyetimizi biliyorlar. Hangi noktada g\u00f6reve geldi\u011fimizi de biliyorlar. Bize inans\u0131nlar, g\u00fcvensinler. Biz Ankarag\u00fcc\u00fc\u2019n\u00fcn gelece\u011fini kurtarmak ad\u0131na ciddi i\u015fler yap\u0131yoruz. Bunlar\u0131 ileride kendilerine a\u00e7\u0131klayaca\u011f\u0131z. Kul\u00fcb\u00fc nereden ald\u0131k, hangi pozisyondan nerelere geldi, neler yap\u0131l\u0131yor ve neler yap\u0131lacak, bunlar\u0131 hep beraber g\u00f6rece\u011fiz. Taraftarlar\u0131m\u0131z\u0131n hepsine buradan sevgi ve sayg\u0131lar\u0131m\u0131 sunuyorum\u201d diyerek s\u00f6zlerini tamamlad\u0131.<\/p>\n","protected":false},"excerpt":{"rendered":"<p>TRANSFER YASA\u011eI DEVAM EDEN ANKARAG\u00dcC\u00dc\u2019NDE BA\u015eKAN FAT\u0130H MERT, TAKIMIN ANTALYA KAMPINI Z\u0130YARET ETT\u0130. MERT, TRANSFER YASA\u011eINI KALDIRMANIN KOLAY OLMADI\u011eINI S\u00d6YLERKEN, B\u00dcT\u00dcN KUL\u00dcPLER\u0130N EKONOM\u0130K ZORLUK \u00c7EKT\u0130\u011e\u0130N\u0130 BEL\u0130RT\u0130P, \u201c7-8 G\u00dcN OLDU AMA DO\u011eRU D\u00dcZG\u00dcN TRANSFER YAPAN TAKIM YOK. HARCAMA L\u0130M\u0130T\u0130 OLSA DA KUL\u00dcPLERDE PARA YOK\u201d DED\u0130.<\/p>\n","protected":false},"author":1,"featured_media":253924,"comment_status":"closed","ping_status":"open","sticky":false,"template":"","format":"standard","meta":{"jetpack_post_was_ever_published":false,"_jetpack_newsletter_access":"","_jetpack_dont_email_post_to_subs":false,"_jetpack_newsletter_tier_id":0,"_jetpack_memberships_contains_paywalled_content":false,"_jetpack_memberships_contains_paid_content":false,"footnotes":"","jetpack_publicize_message":"","jetpack_publicize_feature_enabled":true,"jetpack_social_post_already_shared":true,"jetpack_social_options":{"image_generator_settings":{"template":"highway","default_image_id":0,"font":"","enabled":false},"version":2}},"categories":[657],"tags":[12035,1073,8184,216,2039,1517,1545,47906,22199,2518,28536],"class_list":["post-253923","post","type-post","status-publish","format-standard","has-post-thumbnail","hentry","category-spor","tag-kolay","tag-ozel","tag-ankaragucu","tag-baskani","tag-degil","tag-fatih","tag-haber","tag-kaldirmak","tag-mert","tag-transfer","tag-yasagini"],"jetpack_publicize_connections":[],"jetpack_featured_media_url":"https:\/\/i0.wp.com\/www.tvturk.com\/wp-content\/uploads\/2020\/01\/ozel-haber-ankaragucu-baskani-fatih-mert-transfer-yasagini-kaldirmak-kolay-degil_c6d3e05.jpg?fit=1000%2C666","jetpack_sharing_enabled":true,"jetpack_shortlink":"https:\/\/wp.me\/paKIfm-143x","_links":{"self":[{"href":"http:\/\/www.tvturk.com\/index.php\/wp-json\/wp\/v2\/posts\/253923","targetHints":{"allow":["GET"]}}],"collection":[{"href":"http:\/\/www.tvturk.com\/index.php\/wp-json\/wp\/v2\/posts"}],"about":[{"href":"http:\/\/www.tvturk.com\/index.php\/wp-json\/wp\/v2\/types\/post"}],"author":[{"embeddable":true,"href":"http:\/\/www.tvturk.com\/index.php\/wp-json\/wp\/v2\/users\/1"}],"replies":[{"embeddable":true,"href":"http:\/\/www.tvturk.com\/index.php\/wp-json\/wp\/v2\/comments?post=253923"}],"version-history":[{"count":0,"href":"http:\/\/www.tvturk.com\/index.php\/wp-json\/wp\/v2\/posts\/253923\/revisions"}],"wp:featuredmedia":[{"embeddable":true,"href":"http:\/\/www.tvturk.com\/index.php\/wp-json\/wp\/v2\/media\/253924"}],"wp:attachment":[{"href":"http:\/\/www.tvturk.com\/index.php\/wp-json\/wp\/v2\/media?parent=253923"}],"wp:term":[{"taxonomy":"category","embeddable":true,"href":"http:\/\/www.tvturk.com\/index.php\/wp-json\/wp\/v2\/categories?post=253923"},{"taxonomy":"post_tag","embeddable":true,"href":"http:\/\/www.tvturk.com\/index.php\/wp-json\/wp\/v2\/tags?post=253923"}],"curies":[{"name":"wp","href":"https:\/\/api.w.org\/{rel}","templated":true}]}}