{"id":253935,"date":"2020-01-10T10:47:17","date_gmt":"2020-01-10T07:47:17","guid":{"rendered":"http:\/\/www.tvturk.com\/index.php\/soguk-hava-hastaliklari-ve-domuz-gribi-vakalarini-tetikledi\/"},"modified":"2020-01-10T10:47:17","modified_gmt":"2020-01-10T07:47:17","slug":"soguk-hava-hastaliklari-ve-domuz-gribi-vakalarini-tetikledi","status":"publish","type":"post","link":"http:\/\/www.tvturk.com\/index.php\/soguk-hava-hastaliklari-ve-domuz-gribi-vakalarini-tetikledi\/","title":{"rendered":"So\u011fuk hava, hastal\u0131klar\u0131 ve domuz gribi vakalar\u0131n\u0131 tetikledi"},"content":{"rendered":"<p>Son g\u00fcnlerde hava s\u0131cakl\u0131\u011f\u0131n\u0131n h\u0131zla d\u00fc\u015fmesi ve \u015fiddetli f\u0131rt\u0131na hastal\u0131klara davetiye \u00e7\u0131kard\u0131\u011f\u0131 gibi domuz gribi vakalar\u0131nda da art\u0131\u015fa sebep oldu. Dr. Hakani Hazar \u201cMevsim de\u011fi\u015fikli\u011fi, so\u011fuk ve s\u0131ca\u011f\u0131n birbirine kar\u0131\u015fmas\u0131 hastal\u0131klar\u0131 tetikledi. Son bir ayda 10\u2019dan fazla ki\u015finin halk aras\u0131nda domuz gribi diye adland\u0131r\u0131lan hastal\u0131\u011fa yakaland\u0131\u011f\u0131n\u0131 g\u00f6rd\u00fck\u201d diye konu\u015ftu.<\/p>\n<p>Son alt\u0131 ayda ayn\u0131 ki\u015filerin iyile\u015fip tekrar hastaland\u0131\u011f\u0131n\u0131 ve tam iyile\u015fme sa\u011flanamad\u0131\u011f\u0131n\u0131 belirten \u0130stanbul Ayd\u0131n \u00dcniversitesi Dr. \u00d6\u011fretim \u00dcyesi Hakani Hazar \u201cSon bir ayda 10\u2019dan fazla ki\u015finin halk aras\u0131nda domuz gribi diye adland\u0131r\u0131lan hastal\u0131\u011fa yakaland\u0131\u011f\u0131n\u0131 g\u00f6rd\u00fcm. 2009\u2019da binlerce ki\u015finin \u00f6l\u00fcm\u00fcne yol a\u00e7an H1N1 vir\u00fcs\u00fc ilk olarak Kuzey Amerika\u2019da domuzdan insana ge\u00e7mi\u015f ve bu y\u00fczden de hastal\u0131k domuz gribi ad\u0131n\u0131 alm\u0131\u015ft\u0131r. Grip, influenza A, B ve C vir\u00fcslerinin neden oldu\u011fu viral bir enfeksiyondur. \u0130nsanlarda grip enfeksiyonuna en s\u0131k neden olan influenza A vir\u00fcs\u00fcd\u00fcr. \u0130nfluenza B ve C vir\u00fcs\u00fc sadece insanlarda enfeksiyona neden olurken, influenza A vir\u00fcs\u00fcn\u00fcn konak yelpazesi \u00e7ok geni\u015ftir. Hastal\u0131\u011f\u0131n gidi\u015fat\u0131 \u00e7ok a\u011f\u0131r ve bula\u015f\u0131c\u0131d\u0131r\u201d dedi.<\/p>\n<p>Fiziksel temas en b\u00fcy\u00fck risklerden biri<\/p>\n<p>Viral enfeksiyonun ana sebeplerinden birinin de fiziksel temas oldu\u011funu s\u00f6yleyen Dr. Hazar \u201cViral enfeksiyon \u00e7ok tehlikeli ve bula\u015f\u0131c\u0131d\u0131r. Bizim toplumsal \u00f6zelliklerimiz var. Birbirimizi g\u00f6rd\u00fc\u011f\u00fcm\u00fczde sar\u0131lma, yanak yana\u011fa \u00f6p\u00fc\u015fme gibi durumlar oluyor, bu durum da hastal\u0131\u011f\u0131n yay\u0131lmas\u0131n\u0131 kolayla\u015ft\u0131r\u0131yor. Kar\u015f\u0131 tarafla 1 metrelik mesafede durmak \u00e7ok tehlikelidir. Bir metrede ba\u015fkas\u0131n\u0131n hastal\u0131\u011f\u0131 mutlaka bula\u015f\u0131r. Bu y\u00fczden yak\u0131n mesafelerde durulmamas\u0131 gerekir. El y\u0131kamaya \u00e7ok \u00f6zen g\u00f6sterilmeli ve e\u011fer bir rahats\u0131zl\u0131k durumu varsa s\u0131v\u0131 kullan\u0131m\u0131na dikkat edilmelidir. Bunlar\u0131n yan\u0131nda C vitamini takviyesi yap\u0131larak bol bol meyve t\u00fcketilmelidir. Hasta olan ki\u015filerin dinlenmesi gerekir\u201d ifadelerini kulland\u0131.<\/p>\n<p>\u201cA\u015f\u0131n\u0131n markas\u0131 mutlaka kontrol edilmeli\u201d<\/p>\n<p>Viral enfeksiyon al\u0131p doktor kontrol\u00fc yapt\u0131rmayan ki\u015filerin bron\u015fit veya zat\u00fcrreye yakalanabileceklerini ve bu durum ya\u015fanmadan a\u015f\u0131 tedbiri al\u0131nmas\u0131ndan \u00e7ekinilmemesi gerekti\u011fini s\u00f6yleyen Dr. Hakani Hazar \u201cGrip ve zat\u00fcrre a\u015f\u0131lar\u0131n\u0131 s\u00fcrekli hastalanan her ya\u015f grubuna tavsiye ediyorum. Grip a\u015f\u0131s\u0131n\u0131n kal\u0131c\u0131 bir koruyuculu\u011fu yoktur. Koruma s\u00fcresi 6 ayd\u0131r. Hastal\u0131k d\u00f6nemi d\u0131\u015f\u0131nda bu a\u015f\u0131lar\u0131n yap\u0131lmas\u0131 gerekir. Zat\u00fcrre a\u015f\u0131s\u0131 ise 50-60 ya\u015f sonras\u0131nda yapt\u0131r\u0131labilir. Koruyuculu\u011fu 5 y\u0131ld\u0131r ve bu ya\u015flarda v\u00fccut diren\u00e7leri d\u00fc\u015ft\u00fc\u011f\u00fc i\u00e7in daha \u00e7ok tavsiye edilir. A\u015f\u0131 yapt\u0131ran ki\u015filerin a\u015f\u0131n\u0131n markas\u0131 mutlaka kontrol etmeleri ve D\u00fcnya Sa\u011fl\u0131k \u00d6rg\u00fct\u00fc taraf\u0131ndan onayl\u0131 fabrikalarda \u00fcretilen ve Sa\u011fl\u0131k Bakanl\u0131\u011f\u0131\u2019n\u0131n \u00f6nerdi\u011fi a\u015f\u0131lar\u0131 yapt\u0131rmalar\u0131 gerekir\u201d diye konu\u015ftuktan sonra so\u011fuk havalar\u0131n kronik hastal\u0131klara etkisiyle ilgili \u201cSo\u011fuk havalar kronik hastalar\u0131 daha \u00e7ok etkiler. Buna ast\u0131m\u0131 \u00f6rnek verebiliriz; r\u00fczgarl\u0131, ya\u011fmurlu, sisli havalarda veya hava s\u0131cakl\u0131\u011f\u0131 \u00e7ok d\u00fc\u015ft\u00fc\u011f\u00fcnde ast\u0131m hastal\u0131\u011f\u0131 dalgalanabilir. Baz\u0131 hastalarda ise r\u00fczgardan sonra migren ataklar\u0131 g\u00f6r\u00fcl\u00fcr. Bu ki\u015fiden ki\u015fiye de\u011fi\u015fir, kahveden, s\u00fctten ve r\u00fczgar sesinden migren ataklar\u0131 ya\u015fand\u0131\u011f\u0131 zamanlar olur\u201d diye konu\u015ftu.<\/p>\n","protected":false},"excerpt":{"rendered":"<p>SON G\u00dcNLERDE HAVA SICAKLI\u011eININ HIZLA D\u00dc\u015eMES\u0130 VE \u015e\u0130DDETL\u0130 FIRTINA HASTALIKLARA DAVET\u0130YE \u00c7IKARDI\u011eI G\u0130B\u0130 DOMUZ GR\u0130B\u0130 VAKALARINDA DA ARTI\u015eA SEBEP OLDU. DR. HAKAN\u0130 HAZAR \u201cMEVS\u0130M DE\u011e\u0130\u015e\u0130KL\u0130\u011e\u0130, SO\u011eUK VE SICA\u011eIN B\u0130RB\u0130R\u0130NE KARI\u015eMASI HASTALIKLARI TET\u0130KLED\u0130. SON B\u0130R AYDA 10\u2019DAN FAZLA K\u0130\u015e\u0130N\u0130N HALK ARASINDA DOMUZ GR\u0130B\u0130 D\u0130YE ADLANDIRILAN HASTALI\u011eA YAKALANDI\u011eINI G\u00d6RD\u00dcK\u201d D\u0130YE KONU\u015eTU.<\/p>\n","protected":false},"author":1,"featured_media":253936,"comment_status":"closed","ping_status":"open","sticky":false,"template":"","format":"standard","meta":{"jetpack_post_was_ever_published":false,"_jetpack_newsletter_access":"","_jetpack_dont_email_post_to_subs":false,"_jetpack_newsletter_tier_id":0,"_jetpack_memberships_contains_paywalled_content":false,"_jetpack_memberships_contains_paid_content":false,"footnotes":"","jetpack_publicize_message":"","jetpack_publicize_feature_enabled":true,"jetpack_social_post_already_shared":true,"jetpack_social_options":{"image_generator_settings":{"template":"highway","default_image_id":0,"font":"","enabled":false},"version":2}},"categories":[1],"tags":[11006,13918,3050,257,5373,62807,48100],"class_list":["post-253935","post","type-post","status-publish","format-standard","has-post-thumbnail","hentry","category-genel","tag-domuz","tag-gribi","tag-hastaliklari","tag-hava","tag-soguk","tag-tetikledi","tag-vakalarini"],"jetpack_publicize_connections":[],"jetpack_featured_media_url":"https:\/\/i0.wp.com\/www.tvturk.com\/wp-content\/uploads\/2020\/01\/soguk-hava-hastaliklari-ve-domuz-gribi-vakalarini-tetikledi_0b7b360.jpg?fit=1000%2C666","jetpack_sharing_enabled":true,"jetpack_shortlink":"https:\/\/wp.me\/paKIfm-143J","_links":{"self":[{"href":"http:\/\/www.tvturk.com\/index.php\/wp-json\/wp\/v2\/posts\/253935","targetHints":{"allow":["GET"]}}],"collection":[{"href":"http:\/\/www.tvturk.com\/index.php\/wp-json\/wp\/v2\/posts"}],"about":[{"href":"http:\/\/www.tvturk.com\/index.php\/wp-json\/wp\/v2\/types\/post"}],"author":[{"embeddable":true,"href":"http:\/\/www.tvturk.com\/index.php\/wp-json\/wp\/v2\/users\/1"}],"replies":[{"embeddable":true,"href":"http:\/\/www.tvturk.com\/index.php\/wp-json\/wp\/v2\/comments?post=253935"}],"version-history":[{"count":0,"href":"http:\/\/www.tvturk.com\/index.php\/wp-json\/wp\/v2\/posts\/253935\/revisions"}],"wp:featuredmedia":[{"embeddable":true,"href":"http:\/\/www.tvturk.com\/index.php\/wp-json\/wp\/v2\/media\/253936"}],"wp:attachment":[{"href":"http:\/\/www.tvturk.com\/index.php\/wp-json\/wp\/v2\/media?parent=253935"}],"wp:term":[{"taxonomy":"category","embeddable":true,"href":"http:\/\/www.tvturk.com\/index.php\/wp-json\/wp\/v2\/categories?post=253935"},{"taxonomy":"post_tag","embeddable":true,"href":"http:\/\/www.tvturk.com\/index.php\/wp-json\/wp\/v2\/tags?post=253935"}],"curies":[{"name":"wp","href":"https:\/\/api.w.org\/{rel}","templated":true}]}}