{"id":253939,"date":"2020-01-10T10:47:38","date_gmt":"2020-01-10T07:47:38","guid":{"rendered":"http:\/\/www.tvturk.com\/index.php\/galatasarayda-antalya-kamp-kadrosu-belli-oldu\/"},"modified":"2020-01-10T10:47:38","modified_gmt":"2020-01-10T07:47:38","slug":"galatasarayda-antalya-kamp-kadrosu-belli-oldu","status":"publish","type":"post","link":"http:\/\/www.tvturk.com\/index.php\/galatasarayda-antalya-kamp-kadrosu-belli-oldu\/","title":{"rendered":"Galatasaray\u2019da Antalya kamp kadrosu belli oldu"},"content":{"rendered":"<p>Galatasaray\u2019\u0131n Antalya kamp kadrosu a\u00e7\u0131klan\u0131rken, a\u011f\u0131r enfeksiyon ge\u00e7iren Henry Onyekuru\u2019nun kadroda olmad\u0131\u011f\u0131 belirtildi.<\/p>\n<p>Devre aras\u0131 haz\u0131rl\u0131klar\u0131n\u0131n \u0130stanbul etab\u0131n\u0131 tamamlayan Galatasaray, \u00e7al\u0131\u015fmalar\u0131n\u0131 Antalya\u2019da s\u00fcrd\u00fcrecek. Sar\u0131-k\u0131rm\u0131z\u0131l\u0131lar bu kapsamda bug\u00fcn TFF 1. Lig ekiplerinden Altay ile, yar\u0131n da yine 1. Lig tak\u0131mlar\u0131ndan Adana Demirspor ile haz\u0131rl\u0131k ma\u00e7\u0131 yapacak.<\/p>\n<p>Antalya\u2019daki kamp haz\u0131rl\u0131klar\u0131 sonras\u0131 sal\u0131 g\u00fcn\u00fc Trabzon\u2019a u\u00e7acak olan Galatasaray, ard\u0131ndan karayoluyla Rize\u2019ye ge\u00e7erek Ziraat T\u00fcrkiye Kupas\u0131 Son 16 Turu ilk aya\u011f\u0131nda \u00c7aykur Rizespor ile 15 Ocak 2020 \u00c7ar\u015famba g\u00fcn\u00fc deplasmanda oynayaca\u011f\u0131 kar\u015f\u0131la\u015fma i\u00e7in Rize\u2019de kampa girecek.<\/p>\n<p>Sar\u0131-k\u0131rm\u0131z\u0131l\u0131lar, bu m\u00fcsabakan\u0131n ard\u0131ndan \u0130stanbul\u2019a d\u00f6nerek S\u00fcper Lig\u2019in 18. haftas\u0131nda Denizlispor\u2019u T\u00fcrk Telekom Stadyumu\u2019nda oynayaca\u011f\u0131 ma\u00e7\u0131n haz\u0131rl\u0131klar\u0131na ba\u015flayacak.<\/p>\n<p>Teknik Direkt\u00f6r Fatih Terim kampta yer alacak futbolcular\u0131 belirlerken, devre aras\u0131 transfer d\u00f6neminde tak\u0131ma dahil olan Henry Onyekuru, a\u011f\u0131r enfeksiyon ge\u00e7irmesinden dolay\u0131 kadroya al\u0131nmad\u0131. \u00d6te yandan kadro d\u0131\u015f\u0131 olan Steven Nzonzi de kamp kadrosunda bulunmuyor.<\/p>\n<p>Galatasaray\u2019\u0131n kamp kadrosunda \u015fu futbolcu yer al\u0131yor:<\/p>\n<p>&#8220;Fernando Muslera, \u015eener \u00d6zbayrakl\u0131, Emre Ta\u015fdemir, Ahmet \u00c7al\u0131k, Jean Michael Seri, Adem B\u00fcy\u00fck, Sel\u00e7uk \u0130nan, Radamel Falcao, Younes Belhanda, Martin Linnes, Ryan Donk, \u00d6mer Bayram, Emre Akbaba, Jimmy Durmaz, Mariano Ferreira, Jesse Sekidika, Okan Kocuk, Marcelo Saracchi, Emin Bayram, Marcos Teixeira, Taylan Antalyal\u0131, Berk Balaban, Yuto Nagatomo, Sofiane Feghouli, Emre Mor, Mario Lemina.&#8221;<\/p>\n","protected":false},"excerpt":{"rendered":"<p>GALATASARAY&#8217;IN ANTALYA KAMP KADROSU A\u00c7IKLANIRKEN, A\u011eIR ENFEKS\u0130YON GE\u00c7\u0130REN HENRY ONYEKURU&#8217;NUN KADRODA OLMADI\u011eI BEL\u0130RT\u0130LD\u0130.<\/p>\n","protected":false},"author":1,"featured_media":253940,"comment_status":"closed","ping_status":"open","sticky":false,"template":"","format":"standard","meta":{"jetpack_post_was_ever_published":false,"_jetpack_newsletter_access":"","_jetpack_dont_email_post_to_subs":false,"_jetpack_newsletter_tier_id":0,"_jetpack_memberships_contains_paywalled_content":false,"_jetpack_memberships_contains_paid_content":false,"footnotes":"","jetpack_publicize_message":"","jetpack_publicize_feature_enabled":true,"jetpack_social_post_already_shared":true,"jetpack_social_options":{"image_generator_settings":{"template":"highway","default_image_id":0,"font":"","enabled":false},"version":2}},"categories":[657],"tags":[3881,612,7079,20283,1101,77],"class_list":["post-253939","post","type-post","status-publish","format-standard","has-post-thumbnail","hentry","category-spor","tag-antalya","tag-belli","tag-galatasarayda","tag-kadrosu","tag-kamp","tag-oldu"],"jetpack_publicize_connections":[],"jetpack_featured_media_url":"https:\/\/i0.wp.com\/www.tvturk.com\/wp-content\/uploads\/2020\/01\/galatasarayda-antalya-kamp-kadrosu-belli-oldu_7f04a7d.jpg?fit=1000%2C606","jetpack_sharing_enabled":true,"jetpack_shortlink":"https:\/\/wp.me\/paKIfm-143N","_links":{"self":[{"href":"http:\/\/www.tvturk.com\/index.php\/wp-json\/wp\/v2\/posts\/253939","targetHints":{"allow":["GET"]}}],"collection":[{"href":"http:\/\/www.tvturk.com\/index.php\/wp-json\/wp\/v2\/posts"}],"about":[{"href":"http:\/\/www.tvturk.com\/index.php\/wp-json\/wp\/v2\/types\/post"}],"author":[{"embeddable":true,"href":"http:\/\/www.tvturk.com\/index.php\/wp-json\/wp\/v2\/users\/1"}],"replies":[{"embeddable":true,"href":"http:\/\/www.tvturk.com\/index.php\/wp-json\/wp\/v2\/comments?post=253939"}],"version-history":[{"count":0,"href":"http:\/\/www.tvturk.com\/index.php\/wp-json\/wp\/v2\/posts\/253939\/revisions"}],"wp:featuredmedia":[{"embeddable":true,"href":"http:\/\/www.tvturk.com\/index.php\/wp-json\/wp\/v2\/media\/253940"}],"wp:attachment":[{"href":"http:\/\/www.tvturk.com\/index.php\/wp-json\/wp\/v2\/media?parent=253939"}],"wp:term":[{"taxonomy":"category","embeddable":true,"href":"http:\/\/www.tvturk.com\/index.php\/wp-json\/wp\/v2\/categories?post=253939"},{"taxonomy":"post_tag","embeddable":true,"href":"http:\/\/www.tvturk.com\/index.php\/wp-json\/wp\/v2\/tags?post=253939"}],"curies":[{"name":"wp","href":"https:\/\/api.w.org\/{rel}","templated":true}]}}