{"id":25399,"date":"2019-02-12T14:21:08","date_gmt":"2019-02-12T11:21:08","guid":{"rendered":"http:\/\/www.tvturk.com\/index.php\/diyarbakir-kulturunu-fotograflarla-tanitiyor\/"},"modified":"2019-02-12T14:21:11","modified_gmt":"2019-02-12T11:21:11","slug":"diyarbakir-kulturunu-fotograflarla-tanitiyor","status":"publish","type":"post","link":"http:\/\/www.tvturk.com\/index.php\/diyarbakir-kulturunu-fotograflarla-tanitiyor\/","title":{"rendered":"Diyarbak\u0131r k\u00fclt\u00fcr\u00fcn\u00fc foto\u011fraflarla tan\u0131t\u0131yor"},"content":{"rendered":"<p>Diyarbak\u0131r\u2019da 5 y\u0131l \u00f6nce hobi olarak ba\u015flad\u0131\u011f\u0131 foto\u011fraf\u00e7\u0131l\u0131\u011f\u0131 meslek haline getiren Mehmet S\u00fcmer, amac\u0131n\u0131n Diyarbak\u0131r k\u00fclt\u00fcr\u00fcn\u00fc foto\u011fraflarla tan\u0131tmak oldu\u011funu s\u00f6yledi.<\/p>\n<p>Foto\u011fraf\u00e7\u0131l\u0131\u011fa k\u00fc\u00e7\u00fck ya\u015flardan beri s\u00fcrekli bir merak\u0131 oldu\u011funu belirten S\u00fcmer, ya\u015fad\u0131\u011f\u0131 co\u011frafyadan etkilendi\u011fini ve foto\u011fraflar\u0131n\u0131n b\u00fcy\u00fck \u00e7o\u011funlu\u011funu k\u0131rsal ya\u015fam\u0131n olu\u015fturdu\u011funu kaydetti. K\u00fclt\u00fcrlerin gelecek nesillere aktar\u0131lmas\u0131n\u0131n \u00f6nemli oldu\u011funu kaydeden S\u00fcmer, &#8220;2013 y\u0131l\u0131ndan beri foto\u011fraf \u00e7ekimi yap\u0131yorum. Foto\u011fraf \u00e7ekmemin as\u0131l nedeni Diyarbak\u0131r k\u00fclt\u00fcr\u00fcn\u00fc gelecek nesillere ta\u015f\u0131mak. Zamanla k\u0131l\u0131k k\u0131yafet, gelenek g\u00f6reneklerimizin hepsi teknolojiyle kaybediyoruz. Foto\u011fraf, gelecek nesillere bu k\u00fclt\u00fcrleri aktarmam\u0131z\u0131 sa\u011flayacak. \u0130lk \u00f6nce cep telefonu ile foto\u011fraflar \u00e7ektim. Ondan sonra k\u00fc\u00e7\u00fck bir makine ald\u0131m ve bu geli\u015ftik\u00e7e ara\u015ft\u0131rarak iyi bir kameraya sahip olmam gerekti\u011fini d\u00fc\u015f\u00fcnd\u00fcm. Bu \u015fekilde daha g\u00fczel foto\u011fraflar elde ettim. S\u00fcrekli Karacada\u011f ya\u015fant\u0131s\u0131n\u0131 \u00e7ekmeye \u00e7al\u0131\u015ft\u0131m. Foto\u011fraflar\u0131mda genellikle k\u0131rsal ya\u015famdan foto\u011fraflar var. Ayn\u0131 zamanda Diyarbak\u0131r\u2019\u0131m\u0131z\u0131n da tarihi mekanlar\u0131, Mardin, Gaziantep, Bing\u00f6l\u2019den foto\u011fraflar\u0131m\u0131z var. K\u0131rsal ya\u015famdan \u00e7ekti\u011fim foto\u011fraflar sayesinde ba\u015far\u0131lar elde ettim. T\u00fcrkiye\u2019de dereceye giren foto\u011fraflar\u0131m oldu. Bu \u015fekilde \u00f6n\u00fcm\u00fczdeki yar\u0131\u015fmalara foto\u011fraf g\u00f6ndermeye devam edece\u011fim. Foto\u011fraf\u00e7\u0131l\u0131\u011fa ba\u015flad\u0131\u011f\u0131m 5 y\u0131l \u00f6ncesinden bug\u00fcne tamamen kendi \u00e7abalar\u0131mla geldim. Kurum ve kurulu\u015flara ba\u015fvuru yapt\u0131m fakat bir destek g\u00f6remedim. Ke\u015fke alabilseydik. Bu sadece kendi ad\u0131ma bir destek olmazd\u0131 Diyarbak\u0131r k\u00fclt\u00fcr\u00fcn\u00fc tan\u0131tma amac\u0131na da bir destek olurdu&#8221; dedi.<div class=\"tiled-gallery type-rectangular tiled-gallery-unresized\" data-original-width=\"500\" data-carousel-extra='null' itemscope itemtype=\"http:\/\/schema.org\/ImageGallery\" > <div class=\"gallery-row\" style=\"width: 500px; height: 168px;\" data-original-width=\"500\" data-original-height=\"168\" > <div class=\"gallery-group images-1\" style=\"width: 250px; height: 168px;\" data-original-width=\"250\" data-original-height=\"168\" > <div class=\"tiled-gallery-item tiled-gallery-item-small\" itemprop=\"associatedMedia\" itemscope itemtype=\"http:\/\/schema.org\/ImageObject\"> <a href=\"http:\/\/www.tvturk.com\/index.php\/diyarbakir-kulturunu-fotograflarla-tanitiyor\/diyarbakir-kulturunu-fotograflarla-tanitiyor-3\/\" border=\"0\" itemprop=\"url\"> <meta itemprop=\"width\" content=\"246\"> <meta itemprop=\"height\" content=\"164\"> <img decoding=\"async\" class=\"\" data-attachment-id=\"25401\" data-orig-file=\"http:\/\/www.tvturk.com\/wp-content\/uploads\/2019\/02\/diyarbakir-kulturunu-fotograflarla-tanitiyor_c96096d.jpg\" data-orig-size=\"1000,666\" data-comments-opened=\"\" data-image-meta=\"{&quot;aperture&quot;:&quot;0&quot;,&quot;credit&quot;:&quot;IHA&quot;,&quot;camera&quot;:&quot;&quot;,&quot;caption&quot;:&quot;D\\u0130YARBAKIR\\u2019DA 5 YIL \\u00d6NCE HOB\\u0130 OLARAK BA\\u015eLADI\\u011eI FOTO\\u011eRAF\\u00c7ILI\\u011eA, BUG\\u00dcN \\u00c7EKT\\u0130\\u011e\\u0130 FOTO\\u011eRAFLARLA B\\u0130R \\u00c7OK \\u00d6D\\u00dcL ALAN VE SAYISIZ SERG\\u0130 A\\u00c7AN MEHMET S\\u00dcMER, AMACININ D\\u0130YARBAKIR K\\u00dcLT\\u00dcR\\u00dcN\\u00dc FOTO\\u011eRAFLARLA S\\u00dcRD\\u00dcRMEK OLDU\\u011eUNU KAYDETT\\u0130. (RIDVAN KILI\\u00c7\\\/D\\u0130YARBAKIR-\\u0130HA)&quot;,&quot;created_timestamp&quot;:&quot;0&quot;,&quot;copyright&quot;:&quot;\\u0130HLAS HABER AJANSI, www.iha.com.tr&quot;,&quot;focal_length&quot;:&quot;0&quot;,&quot;iso&quot;:&quot;0&quot;,&quot;shutter_speed&quot;:&quot;0&quot;,&quot;title&quot;:&quot;D\\u0130YARBAKIR K\\u00dcLT\\u00dcR\\u00dcN\\u00dc FOTO\\u011eRAFLARLA TANITIYOR&quot;,&quot;orientation&quot;:&quot;0&quot;}\" data-image-title=\"Diyarbak\u0131r k\u00fclt\u00fcr\u00fcn\u00fc foto\u011fraflarla tan\u0131t\u0131yor\" data-image-description=\"&lt;p&gt;Diyarbak\u0131r k\u00fclt\u00fcr\u00fcn\u00fc foto\u011fraflarla tan\u0131t\u0131yor&lt;\/p&gt; \" data-medium-file=\"https:\/\/i0.wp.com\/www.tvturk.com\/wp-content\/uploads\/2019\/02\/diyarbakir-kulturunu-fotograflarla-tanitiyor_c96096d.jpg?fit=300%2C200\" data-large-file=\"https:\/\/i0.wp.com\/www.tvturk.com\/wp-content\/uploads\/2019\/02\/diyarbakir-kulturunu-fotograflarla-tanitiyor_c96096d.jpg?fit=1000%2C666\" src=\"https:\/\/i0.wp.com\/www.tvturk.com\/wp-content\/uploads\/2019\/02\/diyarbakir-kulturunu-fotograflarla-tanitiyor_c96096d.jpg?w=246&#038;h=164\" srcset=\"https:\/\/i0.wp.com\/www.tvturk.com\/wp-content\/uploads\/2019\/02\/diyarbakir-kulturunu-fotograflarla-tanitiyor_c96096d.jpg?w=1000 1000w, https:\/\/i0.wp.com\/www.tvturk.com\/wp-content\/uploads\/2019\/02\/diyarbakir-kulturunu-fotograflarla-tanitiyor_c96096d.jpg?resize=150%2C100 150w, https:\/\/i0.wp.com\/www.tvturk.com\/wp-content\/uploads\/2019\/02\/diyarbakir-kulturunu-fotograflarla-tanitiyor_c96096d.jpg?resize=300%2C200 300w, https:\/\/i0.wp.com\/www.tvturk.com\/wp-content\/uploads\/2019\/02\/diyarbakir-kulturunu-fotograflarla-tanitiyor_c96096d.jpg?resize=768%2C511 768w, https:\/\/i0.wp.com\/www.tvturk.com\/wp-content\/uploads\/2019\/02\/diyarbakir-kulturunu-fotograflarla-tanitiyor_c96096d.jpg?resize=170%2C113 170w, https:\/\/i0.wp.com\/www.tvturk.com\/wp-content\/uploads\/2019\/02\/diyarbakir-kulturunu-fotograflarla-tanitiyor_c96096d.jpg?resize=120%2C80 120w\" width=\"246\" height=\"164\" loading=\"lazy\" data-original-width=\"246\" data-original-height=\"164\" itemprop=\"http:\/\/schema.org\/image\" title=\"Diyarbak\u0131r k\u00fclt\u00fcr\u00fcn\u00fc foto\u011fraflarla tan\u0131t\u0131yor\" alt=\"Diyarbak\u0131r k\u00fclt\u00fcr\u00fcn\u00fc foto\u011fraflarla tan\u0131t\u0131yor\" style=\"width: 246px; height: 164px;\" \/> <\/a> <\/div> <\/div> <!-- close group --> <div class=\"gallery-group images-1\" style=\"width: 250px; height: 168px;\" data-original-width=\"250\" data-original-height=\"168\" > <div class=\"tiled-gallery-item tiled-gallery-item-small\" itemprop=\"associatedMedia\" itemscope itemtype=\"http:\/\/schema.org\/ImageObject\"> <a href=\"http:\/\/www.tvturk.com\/index.php\/diyarbakir-kulturunu-fotograflarla-tanitiyor\/diyarbakir-kulturunu-fotograflarla-tanitiyor-4\/\" border=\"0\" itemprop=\"url\"> <meta itemprop=\"width\" content=\"246\"> <meta itemprop=\"height\" content=\"164\"> <img decoding=\"async\" class=\"\" data-attachment-id=\"25402\" data-orig-file=\"http:\/\/www.tvturk.com\/wp-content\/uploads\/2019\/02\/diyarbakir-kulturunu-fotograflarla-tanitiyor_8103a39.jpg\" data-orig-size=\"1000,666\" data-comments-opened=\"\" data-image-meta=\"{&quot;aperture&quot;:&quot;0&quot;,&quot;credit&quot;:&quot;IHA&quot;,&quot;camera&quot;:&quot;&quot;,&quot;caption&quot;:&quot;D\\u0130YARBAKIR\\u2019DA 5 YIL \\u00d6NCE HOB\\u0130 OLARAK BA\\u015eLADI\\u011eI FOTO\\u011eRAF\\u00c7ILI\\u011eA, BUG\\u00dcN \\u00c7EKT\\u0130\\u011e\\u0130 FOTO\\u011eRAFLARLA B\\u0130R \\u00c7OK \\u00d6D\\u00dcL ALAN VE SAYISIZ SERG\\u0130 A\\u00c7AN MEHMET S\\u00dcMER, AMACININ D\\u0130YARBAKIR K\\u00dcLT\\u00dcR\\u00dcN\\u00dc FOTO\\u011eRAFLARLA S\\u00dcRD\\u00dcRMEK OLDU\\u011eUNU KAYDETT\\u0130. (RIDVAN KILI\\u00c7\\\/D\\u0130YARBAKIR-\\u0130HA)&quot;,&quot;created_timestamp&quot;:&quot;0&quot;,&quot;copyright&quot;:&quot;\\u0130HLAS HABER AJANSI, www.iha.com.tr&quot;,&quot;focal_length&quot;:&quot;0&quot;,&quot;iso&quot;:&quot;0&quot;,&quot;shutter_speed&quot;:&quot;0&quot;,&quot;title&quot;:&quot;D\\u0130YARBAKIR K\\u00dcLT\\u00dcR\\u00dcN\\u00dc FOTO\\u011eRAFLARLA TANITIYOR&quot;,&quot;orientation&quot;:&quot;0&quot;}\" data-image-title=\"Diyarbak\u0131r k\u00fclt\u00fcr\u00fcn\u00fc foto\u011fraflarla tan\u0131t\u0131yor\" data-image-description=\"&lt;p&gt;Diyarbak\u0131r k\u00fclt\u00fcr\u00fcn\u00fc foto\u011fraflarla tan\u0131t\u0131yor&lt;\/p&gt; \" data-medium-file=\"https:\/\/i0.wp.com\/www.tvturk.com\/wp-content\/uploads\/2019\/02\/diyarbakir-kulturunu-fotograflarla-tanitiyor_8103a39.jpg?fit=300%2C200\" data-large-file=\"https:\/\/i0.wp.com\/www.tvturk.com\/wp-content\/uploads\/2019\/02\/diyarbakir-kulturunu-fotograflarla-tanitiyor_8103a39.jpg?fit=1000%2C666\" src=\"https:\/\/i0.wp.com\/www.tvturk.com\/wp-content\/uploads\/2019\/02\/diyarbakir-kulturunu-fotograflarla-tanitiyor_8103a39.jpg?w=246&#038;h=164\" srcset=\"https:\/\/i0.wp.com\/www.tvturk.com\/wp-content\/uploads\/2019\/02\/diyarbakir-kulturunu-fotograflarla-tanitiyor_8103a39.jpg?w=1000 1000w, https:\/\/i0.wp.com\/www.tvturk.com\/wp-content\/uploads\/2019\/02\/diyarbakir-kulturunu-fotograflarla-tanitiyor_8103a39.jpg?resize=150%2C100 150w, https:\/\/i0.wp.com\/www.tvturk.com\/wp-content\/uploads\/2019\/02\/diyarbakir-kulturunu-fotograflarla-tanitiyor_8103a39.jpg?resize=300%2C200 300w, https:\/\/i0.wp.com\/www.tvturk.com\/wp-content\/uploads\/2019\/02\/diyarbakir-kulturunu-fotograflarla-tanitiyor_8103a39.jpg?resize=768%2C511 768w, https:\/\/i0.wp.com\/www.tvturk.com\/wp-content\/uploads\/2019\/02\/diyarbakir-kulturunu-fotograflarla-tanitiyor_8103a39.jpg?resize=170%2C113 170w, https:\/\/i0.wp.com\/www.tvturk.com\/wp-content\/uploads\/2019\/02\/diyarbakir-kulturunu-fotograflarla-tanitiyor_8103a39.jpg?resize=120%2C80 120w\" width=\"246\" height=\"164\" loading=\"lazy\" data-original-width=\"246\" data-original-height=\"164\" itemprop=\"http:\/\/schema.org\/image\" title=\"Diyarbak\u0131r k\u00fclt\u00fcr\u00fcn\u00fc foto\u011fraflarla tan\u0131t\u0131yor\" alt=\"Diyarbak\u0131r k\u00fclt\u00fcr\u00fcn\u00fc foto\u011fraflarla tan\u0131t\u0131yor\" style=\"width: 246px; height: 164px;\" \/> <\/a> <\/div> <\/div> <!-- close group --> <\/div> <!-- close row --> <\/div><\/p>\n","protected":false},"excerpt":{"rendered":"<p>D\u0130YARBAKIR\u2019DA 5 YIL \u00d6NCE HOB\u0130 OLARAK BA\u015eLADI\u011eI FOTO\u011eRAF\u00c7ILI\u011eA, BUG\u00dcN \u00c7EKT\u0130\u011e\u0130 FOTO\u011eRAFLARLA B\u0130R \u00c7OK \u00d6D\u00dcL ALAN VE SAYISIZ SERG\u0130 A\u00c7AN MEHMET S\u00dcMER, AMACININ D\u0130YARBAKIR K\u00dcLT\u00dcR\u00dcN\u00dc FOTO\u011eRAFLARLA S\u00dcRD\u00dcRMEK OLDU\u011eUNU KAYDETT\u0130.<\/p>\n","protected":false},"author":1,"featured_media":25400,"comment_status":"closed","ping_status":"open","sticky":false,"template":"","format":"standard","meta":{"jetpack_post_was_ever_published":false,"_jetpack_newsletter_access":"","_jetpack_dont_email_post_to_subs":false,"_jetpack_newsletter_tier_id":0,"_jetpack_memberships_contains_paywalled_content":false,"_jetpack_memberships_contains_paid_content":false,"footnotes":"","jetpack_publicize_message":"","jetpack_publicize_feature_enabled":true,"jetpack_social_post_already_shared":false,"jetpack_social_options":{"image_generator_settings":{"template":"highway","default_image_id":0,"font":"","enabled":false},"version":2}},"categories":[656],"tags":[2623,10563,10562,4251],"class_list":["post-25399","post","type-post","status-publish","format-standard","has-post-thumbnail","hentry","category-kultur-sanat","tag-diyarbakir","tag-fotograflarla","tag-kulturunu","tag-tanitiyor"],"jetpack_publicize_connections":[],"jetpack_featured_media_url":"https:\/\/i0.wp.com\/www.tvturk.com\/wp-content\/uploads\/2019\/02\/diyarbakir-kulturunu-fotograflarla-tanitiyor_4060cc5.jpg?fit=1000%2C666","jetpack_sharing_enabled":true,"jetpack_shortlink":"https:\/\/wp.me\/paKIfm-6BF","_links":{"self":[{"href":"http:\/\/www.tvturk.com\/index.php\/wp-json\/wp\/v2\/posts\/25399","targetHints":{"allow":["GET"]}}],"collection":[{"href":"http:\/\/www.tvturk.com\/index.php\/wp-json\/wp\/v2\/posts"}],"about":[{"href":"http:\/\/www.tvturk.com\/index.php\/wp-json\/wp\/v2\/types\/post"}],"author":[{"embeddable":true,"href":"http:\/\/www.tvturk.com\/index.php\/wp-json\/wp\/v2\/users\/1"}],"replies":[{"embeddable":true,"href":"http:\/\/www.tvturk.com\/index.php\/wp-json\/wp\/v2\/comments?post=25399"}],"version-history":[{"count":1,"href":"http:\/\/www.tvturk.com\/index.php\/wp-json\/wp\/v2\/posts\/25399\/revisions"}],"predecessor-version":[{"id":25403,"href":"http:\/\/www.tvturk.com\/index.php\/wp-json\/wp\/v2\/posts\/25399\/revisions\/25403"}],"wp:featuredmedia":[{"embeddable":true,"href":"http:\/\/www.tvturk.com\/index.php\/wp-json\/wp\/v2\/media\/25400"}],"wp:attachment":[{"href":"http:\/\/www.tvturk.com\/index.php\/wp-json\/wp\/v2\/media?parent=25399"}],"wp:term":[{"taxonomy":"category","embeddable":true,"href":"http:\/\/www.tvturk.com\/index.php\/wp-json\/wp\/v2\/categories?post=25399"},{"taxonomy":"post_tag","embeddable":true,"href":"http:\/\/www.tvturk.com\/index.php\/wp-json\/wp\/v2\/tags?post=25399"}],"curies":[{"name":"wp","href":"https:\/\/api.w.org\/{rel}","templated":true}]}}