{"id":254005,"date":"2020-01-10T12:16:41","date_gmt":"2020-01-10T09:16:41","guid":{"rendered":"http:\/\/www.tvturk.com\/index.php\/saglik-sen-genel-baskani-durmus-is-ile-aile-yasaminin-uyumlu-hale-getirilmesinde-buyuk-bir-sorumlulugumuz-var\/"},"modified":"2020-01-10T12:16:41","modified_gmt":"2020-01-10T09:16:41","slug":"saglik-sen-genel-baskani-durmus-is-ile-aile-yasaminin-uyumlu-hale-getirilmesinde-buyuk-bir-sorumlulugumuz-var","status":"publish","type":"post","link":"http:\/\/www.tvturk.com\/index.php\/saglik-sen-genel-baskani-durmus-is-ile-aile-yasaminin-uyumlu-hale-getirilmesinde-buyuk-bir-sorumlulugumuz-var\/","title":{"rendered":"Sa\u011fl\u0131k-Sen Genel Ba\u015fkan\u0131 Durmu\u015f: \u201c\u0130\u015f ile aile ya\u015fam\u0131n\u0131n uyumlu hale getirilmesinde b\u00fcy\u00fck bir sorumlulu\u011fumuz var\u201d"},"content":{"rendered":"<p>Sa\u011fl\u0131k-Sen Diyarbak\u0131r \u015eubesi Kad\u0131n Komisyonu \u0130sti\u015fare Toplant\u0131s\u0131\u2019nda konu\u015fan Sa\u011fl\u0131k-Sen Genel Ba\u015fkan\u0131 Semih Durmu\u015f, \u201cSendika olarak \u00f6nemsedi\u011fimiz bu \u00fclkeye ve bu \u00fclkenin kad\u0131n\u0131na bir katk\u0131m\u0131z olacak ise sa\u011fl\u0131ktaki istihdam\u0131n artt\u0131r\u0131lmas\u0131, i\u015f ya\u015fam\u0131 ile aile ya\u015fam\u0131n\u0131n uyumlu hale getirilmesi noktas\u0131nda \u00e7ok b\u00fcy\u00fck bir sorumlulu\u011fumuz var\u201d dedi.<\/p>\n<p>Sa\u011fl\u0131k ve Sosyal Hizmet \u00c7al\u0131\u015fanlar\u0131 (Sa\u011fl\u0131k-Sen) Diyarbak\u0131r \u015eubesi Kad\u0131n Komisyonu \u0130sti\u015fare Toplant\u0131s\u0131 yap\u0131ld\u0131. Sayg\u0131 duru\u015fu ve \u0130stiklal Mar\u015f\u0131\u2019n\u0131n okunmas\u0131 sonras\u0131 toplant\u0131n\u0131n a\u00e7\u0131l\u0131\u015f konu\u015fmas\u0131n\u0131 yapan Sa\u011fl\u0131k-Sen Genel Ba\u015fkan\u0131 Semih Durmu\u015f, hem\u015fire ve sa\u011fl\u0131k \u00e7al\u0131\u015fan\u0131n\u0131n kendi i\u015finin d\u0131\u015f\u0131nda bir\u00e7ok farkl\u0131 g\u00f6rev yapt\u0131\u011f\u0131n\u0131 belirterek, \u201cSa\u011fl\u0131k \u00e7al\u0131\u015fanlar\u0131m\u0131z \u00f6zellikle kad\u0131n \u00e7al\u0131\u015fanlar\u0131m\u0131z kendi i\u015finin d\u0131\u015f\u0131nda doktorun da ve t\u0131bbi sekreterin de g\u00f6revini yapmaktad\u0131r. Kad\u0131n i\u015f yerinde ger\u00e7ekten fedakar ve cefakar bir \u00e7al\u0131\u015fand\u0131r. Evinde e\u015fine e\u015ftir, \u00e7ocu\u011funa annedir, \u00e7ocu\u011funa \u00f6\u011fretmendir, evin i\u00e7i\u015fleri bakan\u0131d\u0131r ve hi\u00e7 g\u00f6z\u00fckmeyen, hi\u00e7 s\u00f6ylenmeyen annesi ve babas\u0131 vard\u0131r. Art\u0131k ya\u015f\u0131 ilerlemi\u015ftir ayn\u0131 zamanda ona da bakand\u0131r. Bir insan\u0131n ve bir kad\u0131n\u0131n yapabilece\u011finden \u00e7ok fazlas\u0131n\u0131 T\u00fcrkiye\u2019de \u00f6zellikle sa\u011fl\u0131k \u00e7al\u0131\u015fanlar\u0131 yapmaktad\u0131r. Sa\u011fl\u0131k \u00e7al\u0131\u015fanlar\u0131m\u0131z ne yaz\u0131k ki T\u00fcrkiye\u2019de kad\u0131n haklar\u0131 savunucusu olan derneklerin hi\u00e7bir zaman da dikkatini \u00e7ekmeyi ba\u015faramam\u0131\u015flard\u0131r. Bizim sendika olarak \u00f6nemsedi\u011fimiz bu \u00fclkeye ve bu \u00fclkenin kad\u0131n\u0131na bir katk\u0131m\u0131z olacak ise sa\u011fl\u0131ktaki istihdam\u0131n art\u0131r\u0131lmas\u0131, i\u015f ya\u015fam\u0131 ile aile ya\u015fam\u0131n\u0131n uyumlu hale getirilmesi noktas\u0131nda \u00e7ok b\u00fcy\u00fck bir sorumlulu\u011fumuz var\u201d diye konu\u015ftu.<\/p>\n<p>Durmu\u015f, konu\u015fmas\u0131n\u0131n ard\u0131ndan toplant\u0131ya kat\u0131lan sa\u011fl\u0131k \u00e7al\u0131\u015fanlar\u0131n\u0131n sorular\u0131n\u0131 tek tek cevaplayarak not ald\u0131. Toplant\u0131, kat\u0131l\u0131mc\u0131lara plaket verilmesi ve toplu hat\u0131ra foto\u011fraf\u0131 \u00e7ekilmesi ile son buldu.<\/p>\n<p>Toplant\u0131ya, Diyarbak\u0131r \u0130l Sa\u011fl\u0131k M\u00fcd\u00fcr\u00fc Dr. Cihan Tekin, Aile, \u00c7al\u0131\u015fma ve Sosyal Hizmetler Diyarbak\u0131r \u0130l M\u00fcd\u00fcr\u00fc R\u0131fai Y\u0131ld\u0131r\u0131m, Sa\u011fl\u0131k-Sen Genel Ba\u015fkan\u0131 Semih Durmu\u015f, Sa\u011fl\u0131k-Sen Diyarbak\u0131r \u015eube Ba\u015fkan\u0131 Nurhak Ensraio\u011flu, siyasi parti temsilcileri ve \u00e7ok say\u0131da sa\u011fl\u0131k \u00e7al\u0131\u015fan\u0131 kat\u0131ld\u0131.<\/p>\n","protected":false},"excerpt":{"rendered":"<p>SA\u011eLIK-SEN D\u0130YARBAKIR \u015eUBES\u0130 KADINLA KOM\u0130SYONU \u0130ST\u0130\u015eARE TOPLANTISI YAPILDI. TOPLANTIDA KONU\u015eAN SA\u011eLIK-SEN GENEL BA\u015eKANI SEM\u0130H DURMU\u015e, \u201cSEND\u0130KA OLARAK \u00d6NEMSED\u0130\u011e\u0130M\u0130Z BU \u00dcLKEYE VE BU \u00dcLKEN\u0130N KADININA B\u0130R KATKIMIZ OLACAK \u0130SE SA\u011eLIKTAK\u0130 \u0130ST\u0130HDAMIN ARTIRILMASI, \u0130\u015e YA\u015eAMI \u0130LE A\u0130LE YA\u015eAMININ UYUMLU HALE GET\u0130R\u0130LMES\u0130 NOKTASINDA \u00c7OK B\u00dcY\u00dcK B\u0130R SORUMLULU\u011eUMUZ VAR\u201d DED\u0130.<\/p>\n","protected":false},"author":1,"featured_media":254006,"comment_status":"closed","ping_status":"open","sticky":false,"template":"","format":"standard","meta":{"jetpack_post_was_ever_published":false,"_jetpack_newsletter_access":"","_jetpack_dont_email_post_to_subs":false,"_jetpack_newsletter_tier_id":0,"_jetpack_memberships_contains_paywalled_content":false,"_jetpack_memberships_contains_paid_content":false,"footnotes":"","jetpack_publicize_message":"","jetpack_publicize_feature_enabled":true,"jetpack_social_post_already_shared":true,"jetpack_social_options":{"image_generator_settings":{"template":"highway","default_image_id":0,"font":"","enabled":false},"version":2}},"categories":[1],"tags":[3014,216,125,545,16753,869,62837,1355,192,432,4555,62838,8024,181,62836],"class_list":["post-254005","post","type-post","status-publish","format-standard","has-post-thumbnail","hentry","category-genel","tag-aile","tag-baskani","tag-bir","tag-buyuk","tag-durmus","tag-genel","tag-getirilmesinde","tag-hale","tag-ile","tag-is","tag-saglik-sen","tag-sorumlulugumuz","tag-uyumlu","tag-var","tag-yasaminin"],"jetpack_publicize_connections":[],"jetpack_featured_media_url":"https:\/\/i0.wp.com\/www.tvturk.com\/wp-content\/uploads\/2020\/01\/saglik-sen-genel-baskani-durmus-is-ile-aile-yasaminin-uyumlu-hale-getirilmesinde-buyuk-bir-sorumlulugumuz-var_6ee4c65.jpg?fit=1000%2C562","jetpack_sharing_enabled":true,"jetpack_shortlink":"https:\/\/wp.me\/paKIfm-144R","_links":{"self":[{"href":"http:\/\/www.tvturk.com\/index.php\/wp-json\/wp\/v2\/posts\/254005","targetHints":{"allow":["GET"]}}],"collection":[{"href":"http:\/\/www.tvturk.com\/index.php\/wp-json\/wp\/v2\/posts"}],"about":[{"href":"http:\/\/www.tvturk.com\/index.php\/wp-json\/wp\/v2\/types\/post"}],"author":[{"embeddable":true,"href":"http:\/\/www.tvturk.com\/index.php\/wp-json\/wp\/v2\/users\/1"}],"replies":[{"embeddable":true,"href":"http:\/\/www.tvturk.com\/index.php\/wp-json\/wp\/v2\/comments?post=254005"}],"version-history":[{"count":0,"href":"http:\/\/www.tvturk.com\/index.php\/wp-json\/wp\/v2\/posts\/254005\/revisions"}],"wp:featuredmedia":[{"embeddable":true,"href":"http:\/\/www.tvturk.com\/index.php\/wp-json\/wp\/v2\/media\/254006"}],"wp:attachment":[{"href":"http:\/\/www.tvturk.com\/index.php\/wp-json\/wp\/v2\/media?parent=254005"}],"wp:term":[{"taxonomy":"category","embeddable":true,"href":"http:\/\/www.tvturk.com\/index.php\/wp-json\/wp\/v2\/categories?post=254005"},{"taxonomy":"post_tag","embeddable":true,"href":"http:\/\/www.tvturk.com\/index.php\/wp-json\/wp\/v2\/tags?post=254005"}],"curies":[{"name":"wp","href":"https:\/\/api.w.org\/{rel}","templated":true}]}}