{"id":254015,"date":"2020-01-10T12:17:38","date_gmt":"2020-01-10T09:17:38","guid":{"rendered":"http:\/\/www.tvturk.com\/index.php\/galatasaray-kafilesi-ikinci-yari-hazirliklari-icin-antalyaya-geldi\/"},"modified":"2020-01-10T12:17:38","modified_gmt":"2020-01-10T09:17:38","slug":"galatasaray-kafilesi-ikinci-yari-hazirliklari-icin-antalyaya-geldi","status":"publish","type":"post","link":"http:\/\/www.tvturk.com\/index.php\/galatasaray-kafilesi-ikinci-yari-hazirliklari-icin-antalyaya-geldi\/","title":{"rendered":"Galatasaray kafilesi ikinci yar\u0131 haz\u0131rl\u0131klar\u0131 i\u00e7in Antalya\u2019ya geldi"},"content":{"rendered":"<p>Galatasaray, sezonun ikinci yar\u0131 haz\u0131rl\u0131klar\u0131 kapsam\u0131nda kamp i\u00e7in Antalya\u2019ya geldi. Sar\u0131-k\u0131rm\u0131z\u0131l\u0131 kafileyi \u00e7ok say\u0131da taraftar kar\u015f\u0131larken, Teknik Direkt\u00f6r Fatih Terim\u2019e b\u00fcy\u00fck ilgi g\u00f6sterildi.<\/p>\n<p>Sezonun ikinci yar\u0131 haz\u0131rl\u0131klar\u0131na \u0130stanbul\u2019da ba\u015flayan Galatasaray, ikinci etap \u00e7al\u0131\u015fmalar\u0131 i\u00e7in Antalya\u2019ya indi. T\u00fcrk Hava Yollar\u0131\u2019na ait \u00f6zel bir u\u00e7u\u015fla saat 11.00\u2019da Antalya Havaliman\u0131\u2019na ini\u015f yapan sar\u0131 &#8211; k\u0131rm\u0131z\u0131l\u0131 kafileyi havaliman\u0131 \u00e7\u0131k\u0131\u015f\u0131nda kalabal\u0131k bir taraftar grubu kar\u015f\u0131lad\u0131. Kar\u015f\u0131lamada Galatasaray Teknik Direkt\u00f6r\u00fc Fatih Terim\u2019e yo\u011fun ilgi g\u00f6sterildi. Sar\u0131 &#8211; k\u0131rm\u0131z\u0131l\u0131 taraftarlar, tecr\u00fcbeli teknik adama \u00e7i\u00e7ek ve atk\u0131 takdim etti. Yo\u011fun sevgi g\u00f6sterisinin ya\u015fand\u0131\u011f\u0131 kar\u015f\u0131lamada, Terim g\u00fc\u00e7l\u00fckle tak\u0131m otob\u00fcs\u00fcne binebilirken, teknik heyet ve futbolcular emniyet e\u015fli\u011finde kamp yapaca\u011f\u0131 otele do\u011fru hareket etti.<\/p>\n<p>\u00d6te yandan polis, renkli sis duman\u0131 yakt\u0131\u011f\u0131n\u0131 belirledi\u011fi iki taraftar hakk\u0131nda da i\u015flem yapt\u0131.<\/p>\n","protected":false},"excerpt":{"rendered":"<p>GALATASARAY, SEZONUN \u0130K\u0130NC\u0130 YARI HAZIRLIKLARI KAPSAMINDA KAMP \u0130\u00c7\u0130N ANTALYA\u2019YA GELD\u0130. SARI-KIRMIZILI KAF\u0130LEY\u0130 \u00c7OK SAYIDA TARAFTAR KAR\u015eILARKEN, TEKN\u0130K D\u0130REKT\u00d6R FAT\u0130H TER\u0130M&#8217;E B\u00dcY\u00dcK \u0130LG\u0130 G\u00d6STER\u0130LD\u0130.<\/p>\n","protected":false},"author":1,"featured_media":254016,"comment_status":"closed","ping_status":"open","sticky":false,"template":"","format":"standard","meta":{"jetpack_post_was_ever_published":false,"_jetpack_newsletter_access":"","_jetpack_dont_email_post_to_subs":false,"_jetpack_newsletter_tier_id":0,"_jetpack_memberships_contains_paywalled_content":false,"_jetpack_memberships_contains_paid_content":false,"footnotes":"","jetpack_publicize_message":"","jetpack_publicize_feature_enabled":true,"jetpack_social_post_already_shared":true,"jetpack_social_options":{"image_generator_settings":{"template":"highway","default_image_id":0,"font":"","enabled":false},"version":2}},"categories":[657],"tags":[10242,1976,127,3026,44,2087,10098,918],"class_list":["post-254015","post","type-post","status-publish","format-standard","has-post-thumbnail","hentry","category-spor","tag-antalyaya","tag-galatasaray","tag-geldi","tag-hazirliklari","tag-icin","tag-ikinci","tag-kafilesi","tag-yari"],"jetpack_publicize_connections":[],"jetpack_featured_media_url":"https:\/\/i0.wp.com\/www.tvturk.com\/wp-content\/uploads\/2020\/01\/galatasaray-kafilesi-ikinci-yari-hazirliklari-icin-antalyaya-geldi_c96096d.jpg?fit=1000%2C666","jetpack_sharing_enabled":true,"jetpack_shortlink":"https:\/\/wp.me\/paKIfm-1451","_links":{"self":[{"href":"http:\/\/www.tvturk.com\/index.php\/wp-json\/wp\/v2\/posts\/254015","targetHints":{"allow":["GET"]}}],"collection":[{"href":"http:\/\/www.tvturk.com\/index.php\/wp-json\/wp\/v2\/posts"}],"about":[{"href":"http:\/\/www.tvturk.com\/index.php\/wp-json\/wp\/v2\/types\/post"}],"author":[{"embeddable":true,"href":"http:\/\/www.tvturk.com\/index.php\/wp-json\/wp\/v2\/users\/1"}],"replies":[{"embeddable":true,"href":"http:\/\/www.tvturk.com\/index.php\/wp-json\/wp\/v2\/comments?post=254015"}],"version-history":[{"count":0,"href":"http:\/\/www.tvturk.com\/index.php\/wp-json\/wp\/v2\/posts\/254015\/revisions"}],"wp:featuredmedia":[{"embeddable":true,"href":"http:\/\/www.tvturk.com\/index.php\/wp-json\/wp\/v2\/media\/254016"}],"wp:attachment":[{"href":"http:\/\/www.tvturk.com\/index.php\/wp-json\/wp\/v2\/media?parent=254015"}],"wp:term":[{"taxonomy":"category","embeddable":true,"href":"http:\/\/www.tvturk.com\/index.php\/wp-json\/wp\/v2\/categories?post=254015"},{"taxonomy":"post_tag","embeddable":true,"href":"http:\/\/www.tvturk.com\/index.php\/wp-json\/wp\/v2\/tags?post=254015"}],"curies":[{"name":"wp","href":"https:\/\/api.w.org\/{rel}","templated":true}]}}