{"id":254019,"date":"2020-01-10T12:31:56","date_gmt":"2020-01-10T09:31:56","guid":{"rendered":"http:\/\/www.tvturk.com\/index.php\/bakan-albayrak-ile-cekilen-fotograf-tekirdagda-tartisma-konusu-oldu\/"},"modified":"2020-01-10T12:31:56","modified_gmt":"2020-01-10T09:31:56","slug":"bakan-albayrak-ile-cekilen-fotograf-tekirdagda-tartisma-konusu-oldu","status":"publish","type":"post","link":"http:\/\/www.tvturk.com\/index.php\/bakan-albayrak-ile-cekilen-fotograf-tekirdagda-tartisma-konusu-oldu\/","title":{"rendered":"Bakan Albayrak ile \u00e7ekilen foto\u011fraf Tekirda\u011f\u2019da tart\u0131\u015fma konusu oldu"},"content":{"rendered":"<p>Hazine ve Maliye Bakan\u0131 Berat Albayrak\u2019\u0131n Tekirda\u011f ziyaretinde AK Parti \u0130l Ba\u015fkan\u0131 Mestan \u00d6zcan ve S\u00fcleymanpa\u015fa Belediye Ba\u015fkan\u0131 C\u00fcneyt Y\u00fcksel ile \u00e7ekildi\u011fi foto\u011fraf tart\u0131\u015fma konusu oldu. Vali Aziz Y\u0131ld\u0131r\u0131m, foto\u011frafta kendisinin geride durdu\u011fu ele\u015ftirilerine, &#8220;Bizim poz verdi\u011fimiz falan yok. Vaziyet ald\u0131\u011f\u0131m\u0131z s\u00f6z konusu de\u011fil&#8221; cevab\u0131n\u0131 verdi.<\/p>\n<p>Ge\u00e7ti\u011fimiz g\u00fcnlerde bir konferansa kat\u0131lmak \u00fczere Tekirda\u011f\u2019a gelen Hazine ve Maliye Bakan\u0131 Berat Albayrak\u2019\u0131n S\u00fcleymanpa\u015fa Belediye Ba\u015fkan\u0131 C\u00fcneyt Y\u00fcksel\u2019i ziyareti sonras\u0131nda AK Parti \u0130l Ba\u015fkan\u0131 Mestan \u00d6zcan ve Y\u00fcksel ile \u00e7ekildi\u011fi foto\u011fraf tart\u0131\u015fma konusu oldu. CHP\u2019li Tekirda\u011f B\u00fcy\u00fck\u015fehir Belediye Ba\u015fkan\u0131 Kadir Albayrak, Tekirda\u011f valisinin geride oldu\u011fu foto\u011fraf\u0131 ele\u015ftirerek,  \u201c\u00dc\u00e7 ad\u0131m arkada say\u0131n valimizin ba\u015f\u0131 g\u00f6z\u00fck\u00fcyor ve say\u0131n kaymakam\u0131m\u0131z\u0131n ba\u015f\u0131 g\u00f6z\u00fck\u00fcyor. Olmaz arkada\u015flar, yani bunu yapt\u0131\u011f\u0131m\u0131z zaman biz devlete kar\u015f\u0131 y\u0131prat\u0131c\u0131 oluruz. Bu foto\u011fraf\u0131 takdirlerine sunuyorum\u201d diyerek, TBMM Ba\u015fkan\u0131 Mustafa \u015eentop\u2019un kendisini ziyaret etti\u011fi s\u0131rada \u00e7ekilen bir foto\u011fraf\u0131 \u00f6rnek g\u00f6sterdi.<\/p>\n<p>\u201cBurada planl\u0131 bir foto\u011fraf yok\u201d<\/p>\n<p>Konuyla ilgili a\u00e7\u0131klama yapan S\u00fcleymanpa\u015fa Belediye Ba\u015fkan\u0131 C\u00fcneyt Y\u00fcksel ise, \u201cO g\u00fcnk\u00fc foto\u011frafla ilgili \u015f\u00f6yle bir durum oldu. \u015eunu bir kere herkesin \u00e7ok net \u00f6\u011frenmesi laz\u0131m. AK Parti\u2019de bakanm\u0131\u015f, vekilmi\u015f, belediye ba\u015fkan\u0131ym\u0131\u015f herkes e\u015fit. Kimsede kibir yok. Kendini kibir makam\u0131nda g\u00f6renler bizim aram\u0131zda bar\u0131nam\u0131yorlar. O g\u00fcn Berat Bakan\u2019la kap\u0131dan \u00e7\u0131karken \u2018Say\u0131n bakan\u0131m burada merdivenlerde hat\u0131ra foto\u011fraf\u0131 \u00e7ekiliyoruz. Bir kare alabilir miyiz?\u2019 dedi\u011fimizde ben halbuki bunu kendim i\u00e7in s\u00f6ylemi\u015ftim. Ama arkaya bir bakt\u0131\u011f\u0131m\u0131zda ger\u00e7ekten bir s\u00fcr\u00fc isim geride kalm\u0131\u015ft\u0131. Burada planl\u0131 bir foto\u011fraf yok. Dolay\u0131s\u0131 ile hani vali bey geride b\u0131rak\u0131lm\u0131\u015f, \u00f6yleymi\u015f, vali bey de az \u00e7ok o da beni tan\u0131d\u0131. Benim b\u00f6yle bir haddim de olmaz. Ya\u015f\u00e7a da benden \u00e7ok b\u00fcy\u00fck, \u00e7okta seviyorum kendisini. Bence Tekirda\u011f\u2019da bug\u00fcne kadar g\u00f6rev yapm\u0131\u015f en iyi valilerden biridir. Kadir abi ne kadar k\u0131zarsa k\u0131zs\u0131n onun anlad\u0131\u011f\u0131 anlamda ukalal\u0131k ve terbiyesizlik anlam\u0131nda, a\u015fa\u011f\u0131lamak anlam\u0131nda bu ifadeyi kullanm\u0131yorum. Kullanacak olursan kimler i\u00e7in kullanaca\u011f\u0131m\u0131 da ilk Kadir abi bilir\u201d diye konu\u015ftu.<\/p>\n<p>\u201cBiz orada poz vererek durmad\u0131k&#8221;<\/p>\n<p>Tekirda\u011f Valisi Aziz Y\u0131ld\u0131r\u0131m da tart\u0131\u015fma konusu olan foto\u011frafla ilgili a\u00e7\u0131klama yapt\u0131. Vali Y\u0131ld\u0131r\u0131m, \u201c\u00d6zellikle o foto\u011fraf meselesini s\u00f6yleyeyim size. O foto\u011frafta i\u00e7eride say\u0131n bakan\u0131m\u0131z konu\u015ftu ve g\u00f6r\u00fc\u015fmelerde bulundu. Hep beraber \u00e7\u0131k\u0131yoruz. Tabii ki biz yol verdik say\u0131n bakan\u0131m\u0131z \u00f6nden \u00e7\u0131kt\u0131. Biz de onlar\u0131n arkas\u0131ndan geliyoruz. K\u00fc\u00e7\u00fcc\u00fck bir kap\u0131dan ge\u00e7iyorsunuz. O kalabal\u0131k oradan ge\u00e7iyor. Bir de arada bekleyenler var. Onlar bizden daha avantajl\u0131, onlar da say\u0131n bakan\u0131m\u0131z \u00e7\u0131kar \u00e7\u0131kmaz pe\u015fine tak\u0131lm\u0131\u015flar. A\u015fa\u011f\u0131da bas\u0131n\u0131m\u0131z var. Birdenbire foto\u011fraf \u00e7ekilelim demi\u015fler. Biz ne oldu\u011funu anlamad\u0131k bile, biz kap\u0131dan \u00e7\u0131karken, oradaki y\u0131\u011f\u0131lma niyeymi\u015f diye bakarken foto\u011fraflar \u00e7ekildi. Yani bizim poz verdi\u011fimiz falan yok. Vaziyet ald\u0131\u011f\u0131m\u0131z s\u00f6z konusu de\u011fil. Yani sorulsa bunun b\u00f6yle oldu\u011funu s\u00f6yleyece\u011fiz zaten. Ama bu foto\u011fraf karesi \u00fczerinde pek \u00e7ok kimse yorum yapt\u0131, polemik yapt\u0131. Biz orada poz vererek durmad\u0131k ki. Arkadan gelirken niye durdu bu insanlar diye bakarken \u00e7ekilmi\u015f. Bak\u0131n foto\u011frafa biz orada durmad\u0131k, foto\u011fraf \u00e7ekilece\u011fini bile bilmiyorduk. Biz say\u0131n bakana ula\u015fmaya \u00e7al\u0131\u015f\u0131yorduk. D\u0131\u015far\u0131dan o kalabal\u0131k arkas\u0131na ge\u00e7ince biz onlardan da geride kald\u0131k\u201d dedi.<\/p>\n","protected":false},"excerpt":{"rendered":"<p>HAZ\u0130NE VE MAL\u0130YE BAKANI BERAT ALBAYRAK\u2019IN TEK\u0130RDA\u011e Z\u0130YARET\u0130NDE AK PART\u0130 TEK\u0130RDA\u011e \u0130L BA\u015eKANI MESTAN \u00d6ZCAN VE S\u00dcLEYMANPA\u015eA BELED\u0130YE BA\u015eKANI C\u00dcNEYT Y\u00dcKSEL \u0130LE \u00c7EK\u0130LD\u0130\u011e\u0130 FOTO\u011eRAF CHP\u2019L\u0130 B\u00dcY\u00dcK\u015eEH\u0130R BELED\u0130YE BA\u015eKANI TARAFINDAN TARTI\u015eMA KONUSU OLDU. BELED\u0130YE BA\u015eKANLARININ SAYGI TARTI\u015eMASINA TEK\u0130RDA\u011e VAL\u0130S\u0130 SON NOKTAYI KOYDU.<\/p>\n","protected":false},"author":1,"featured_media":254020,"comment_status":"closed","ping_status":"open","sticky":false,"template":"","format":"standard","meta":{"jetpack_post_was_ever_published":false,"_jetpack_newsletter_access":"","_jetpack_dont_email_post_to_subs":false,"_jetpack_newsletter_tier_id":0,"_jetpack_memberships_contains_paywalled_content":false,"_jetpack_memberships_contains_paid_content":false,"footnotes":"","jetpack_publicize_message":"","jetpack_publicize_feature_enabled":true,"jetpack_social_post_already_shared":true,"jetpack_social_options":{"image_generator_settings":{"template":"highway","default_image_id":0,"font":"","enabled":false},"version":2}},"categories":[1],"tags":[4734,742,16962,5874,192,4660,77,15833,1163],"class_list":["post-254019","post","type-post","status-publish","format-standard","has-post-thumbnail","hentry","category-genel","tag-albayrak","tag-bakan","tag-cekilen","tag-fotograf","tag-ile","tag-konusu","tag-oldu","tag-tartisma","tag-tekirdagda"],"jetpack_publicize_connections":[],"jetpack_featured_media_url":"https:\/\/i0.wp.com\/www.tvturk.com\/wp-content\/uploads\/2020\/01\/bakan-albayrak-ile-cekilen-fotograf-tekirdagda-tartisma-konusu-oldu_35b9c6c.jpg?fit=1000%2C666","jetpack_sharing_enabled":true,"jetpack_shortlink":"https:\/\/wp.me\/paKIfm-1455","_links":{"self":[{"href":"http:\/\/www.tvturk.com\/index.php\/wp-json\/wp\/v2\/posts\/254019","targetHints":{"allow":["GET"]}}],"collection":[{"href":"http:\/\/www.tvturk.com\/index.php\/wp-json\/wp\/v2\/posts"}],"about":[{"href":"http:\/\/www.tvturk.com\/index.php\/wp-json\/wp\/v2\/types\/post"}],"author":[{"embeddable":true,"href":"http:\/\/www.tvturk.com\/index.php\/wp-json\/wp\/v2\/users\/1"}],"replies":[{"embeddable":true,"href":"http:\/\/www.tvturk.com\/index.php\/wp-json\/wp\/v2\/comments?post=254019"}],"version-history":[{"count":0,"href":"http:\/\/www.tvturk.com\/index.php\/wp-json\/wp\/v2\/posts\/254019\/revisions"}],"wp:featuredmedia":[{"embeddable":true,"href":"http:\/\/www.tvturk.com\/index.php\/wp-json\/wp\/v2\/media\/254020"}],"wp:attachment":[{"href":"http:\/\/www.tvturk.com\/index.php\/wp-json\/wp\/v2\/media?parent=254019"}],"wp:term":[{"taxonomy":"category","embeddable":true,"href":"http:\/\/www.tvturk.com\/index.php\/wp-json\/wp\/v2\/categories?post=254019"},{"taxonomy":"post_tag","embeddable":true,"href":"http:\/\/www.tvturk.com\/index.php\/wp-json\/wp\/v2\/tags?post=254019"}],"curies":[{"name":"wp","href":"https:\/\/api.w.org\/{rel}","templated":true}]}}