{"id":254023,"date":"2020-01-10T12:32:07","date_gmt":"2020-01-10T09:32:07","guid":{"rendered":"http:\/\/www.tvturk.com\/index.php\/balikci-teknesi-ile-carpisan-feribotun-sahibinden-ilk-aciklama\/"},"modified":"2020-01-10T12:32:07","modified_gmt":"2020-01-10T09:32:07","slug":"balikci-teknesi-ile-carpisan-feribotun-sahibinden-ilk-aciklama","status":"publish","type":"post","link":"http:\/\/www.tvturk.com\/index.php\/balikci-teknesi-ile-carpisan-feribotun-sahibinden-ilk-aciklama\/","title":{"rendered":"Bal\u0131k\u00e7\u0131 teknesi ile \u00e7arp\u0131\u015fan feribotun sahibinden ilk a\u00e7\u0131klama"},"content":{"rendered":"<p>Bu sabah saatlerinde \u00c7anakkale Bo\u011faz\u0131\u2019nda bir bal\u0131k\u00e7\u0131 teknesi ile \u00e7arp\u0131\u015fan NG isimli feribotun sahibi R\u00fc\u00e7han \u00d6zer, kazada can kayb\u0131 olmad\u0131\u011f\u0131 i\u00e7in \u015f\u00fckrettiklerini dile getirdi.<\/p>\n<p>Gelibolu-\u00c7ardak seferini yapan NG isimli feribot ile bir bal\u0131k\u00e7\u0131 teknesi Gelibolu iskelesi \u00f6nlerinde sabah saat 07.30 s\u0131ralar\u0131nda \u00e7arp\u0131\u015ft\u0131. Kazada \u015fans eseri \u00f6len ya da yaralanan olmad\u0131. 44 metre uzunlu\u011fundaki NG isimli feribot ile 26 metre uzunlu\u011fundaki Kestanelik isimli bal\u0131k\u00e7\u0131 teknesi, iddiaya g\u00f6re, teknedeki kaptan\u0131n uyuyakalmas\u0131 sebebiyle \u00e7arp\u0131\u015ft\u0131. \u0130\u00e7i yolcu ve ara\u00e7la dolu feribotun kaza sonras\u0131 mazot deposundan denize s\u0131z\u0131nt\u0131 oldu. Tehlikenin fark edilmesi \u00fczerine b\u00f6lge su bariyerleri ile \u00e7evrilirken, yolcu ve ara\u00e7lar tahliye edildi.<\/p>\n<p>\u201cCan kayb\u0131 olmad\u0131\u011f\u0131na \u015f\u00fckrediyoruz\u201d<\/p>\n<p>Ya\u015fanan kaza sonras\u0131 iskelede bir a\u00e7\u0131klama yapan NG isimli feribotun sahibi R\u00fc\u00e7han \u00d6zer, \u00e7evre kirlili\u011fini \u00f6nlemek i\u00e7in \u00e7al\u0131\u015fmalara devam ettiklerini belirterek, \u201c\u00d6ncelikle hepimize ge\u00e7mi\u015f olsun. Can kayb\u0131 yok. \u00c7ardak\u2019tan Gelibolu\u2019ya sefer yaparken Gelibolu a\u00e7\u0131klar\u0131nda uyuyan bir bal\u0131k\u00e7\u0131n\u0131n teknesi seyir halindeymi\u015f. \u0130skele taraf\u0131nda uyumu\u015f. Telsize seslenmemize ra\u011fmen, kornaya basmam\u0131za ra\u011fmen bal\u0131k\u00e7\u0131 teknesi h\u0131zl\u0131 geliyormu\u015f. Bize arka taraftan vurmu\u015f. Biz de can ve mal g\u00fcvenli\u011fi i\u00e7in geldik, tahliyeleri yapt\u0131k. \u00c7evre kirlili\u011fini \u00f6nlemek i\u00e7in tedbirimizi ald\u0131k. \u015eu an \u00e7evre kirlili\u011fini \u00f6nlemek i\u00e7in \u00e7al\u0131\u015f\u0131yoruz. Can kayb\u0131 olmad\u0131\u011f\u0131na \u015f\u00fckrediyoruz. Bundan sonraki s\u00fcre\u00e7 adl\u00ee makamlarca y\u00fcrt\u00fclecek\u201d ifadelerini kulland\u0131.<\/p>\n<p>Mazot s\u0131z\u0131nt\u0131s\u0131 olan ve iskeleye \u00e7ekilen feribotun \u00e7evresinde temizlik \u00e7al\u0131\u015fmalar\u0131 s\u00fcr\u00fcyor.<\/p>\n","protected":false},"excerpt":{"rendered":"<p>BU SABAH SAATLER\u0130NDE \u00c7ANAKKALE BO\u011eAZI\u2019NDA B\u0130R BALIK\u00c7I TEKNES\u0130 \u0130LE \u00c7ARPI\u015eAN NG \u0130S\u0130ML\u0130 FER\u0130BOTUN SAH\u0130B\u0130 R\u00dc\u00c7HAN \u00d6ZER, YA\u015eANAN KAZAYLA \u0130LG\u0130L\u0130 B\u0130R A\u00c7IKLAMA YAPARAK OLAYDA CAN KAYBI OLMADI\u011eI \u0130\u00c7\u0130N \u015e\u00dcKRETT\u0130KLER\u0130N\u0130 D\u0130LE GET\u0130RD\u0130.<\/p>\n","protected":false},"author":1,"featured_media":254024,"comment_status":"closed","ping_status":"open","sticky":false,"template":"","format":"standard","meta":{"jetpack_post_was_ever_published":false,"_jetpack_newsletter_access":"","_jetpack_dont_email_post_to_subs":false,"_jetpack_newsletter_tier_id":0,"_jetpack_memberships_contains_paywalled_content":false,"_jetpack_memberships_contains_paid_content":false,"footnotes":"","jetpack_publicize_message":"","jetpack_publicize_feature_enabled":true,"jetpack_social_post_already_shared":true,"jetpack_social_options":{"image_generator_settings":{"template":"highway","default_image_id":0,"font":"","enabled":false},"version":2}},"categories":[1],"tags":[3349,2594,6863,62842,192,37,47522,2595],"class_list":["post-254023","post","type-post","status-publish","format-standard","has-post-thumbnail","hentry","category-genel","tag-aciklama","tag-balikci","tag-carpisan","tag-feribotun","tag-ile","tag-ilk","tag-sahibinden","tag-teknesi"],"jetpack_publicize_connections":[],"jetpack_featured_media_url":"https:\/\/i0.wp.com\/www.tvturk.com\/wp-content\/uploads\/2020\/01\/balikci-teknesi-ile-carpisan-feribotun-sahibinden-ilk-aciklama_3365e6a.jpg?fit=1000%2C562","jetpack_sharing_enabled":true,"jetpack_shortlink":"https:\/\/wp.me\/paKIfm-1459","_links":{"self":[{"href":"http:\/\/www.tvturk.com\/index.php\/wp-json\/wp\/v2\/posts\/254023","targetHints":{"allow":["GET"]}}],"collection":[{"href":"http:\/\/www.tvturk.com\/index.php\/wp-json\/wp\/v2\/posts"}],"about":[{"href":"http:\/\/www.tvturk.com\/index.php\/wp-json\/wp\/v2\/types\/post"}],"author":[{"embeddable":true,"href":"http:\/\/www.tvturk.com\/index.php\/wp-json\/wp\/v2\/users\/1"}],"replies":[{"embeddable":true,"href":"http:\/\/www.tvturk.com\/index.php\/wp-json\/wp\/v2\/comments?post=254023"}],"version-history":[{"count":0,"href":"http:\/\/www.tvturk.com\/index.php\/wp-json\/wp\/v2\/posts\/254023\/revisions"}],"wp:featuredmedia":[{"embeddable":true,"href":"http:\/\/www.tvturk.com\/index.php\/wp-json\/wp\/v2\/media\/254024"}],"wp:attachment":[{"href":"http:\/\/www.tvturk.com\/index.php\/wp-json\/wp\/v2\/media?parent=254023"}],"wp:term":[{"taxonomy":"category","embeddable":true,"href":"http:\/\/www.tvturk.com\/index.php\/wp-json\/wp\/v2\/categories?post=254023"},{"taxonomy":"post_tag","embeddable":true,"href":"http:\/\/www.tvturk.com\/index.php\/wp-json\/wp\/v2\/tags?post=254023"}],"curies":[{"name":"wp","href":"https:\/\/api.w.org\/{rel}","templated":true}]}}